{"id":10367,"date":"2021-10-28T11:42:04","date_gmt":"2021-10-28T11:42:04","guid":{"rendered":"https:\/\/sad.espartales.org\/2020\/?p=10367"},"modified":"2021-10-28T11:42:35","modified_gmt":"2021-10-28T11:42:35","slug":"jornada-30-31-de-octubre","status":"publish","type":"post","link":"https:\/\/sad.espartales.org\/2020\/2021\/10\/28\/jornada-30-31-de-octubre\/","title":{"rendered":"Jornada 30-31 de octubre"},"content":{"rendered":"<p>Nuevo fin de semana con competici\u00f3n liguera para los equipos:<strong> aficionados, juveniles, cadetes, infantiles y alev\u00edn.<\/strong><\/p>\n<p>Os dejamos los carteles de los partidos. Pod\u00e9is estar al corriente de horarios, pr\u00f3ximos partidos, calendarios, resultados, clasificaciones, etc. en cada una de las p\u00e1ginas de cada equipo.<\/p>\n<div class=\"su-image-carousel  su-image-carousel-has-spacing su-image-carousel-has-outline su-image-carousel-adaptive su-image-carousel-slides-style-photo su-image-carousel-controls-style-light su-image-carousel-align-center\" style=\"\" data-flickity-options='{\"groupCells\":true,\"cellSelector\":\".su-image-carousel-item\",\"adaptiveHeight\":true,\"cellAlign\":\"left\",\"prevNextButtons\":true,\"pageDots\":false,\"autoPlay\":4000,\"imagesLoaded\":true,\"contain\":false,\"selectedAttraction\":0.025000000000000001387778780781445675529539585113525390625,\"friction\":0.2800000000000000266453525910037569701671600341796875}' id=\"su_image_carousel_69f4b0b4f4173\"><div class=\"su-image-carousel-item\"><div class=\"su-image-carousel-item-content\"><a href=\"\" target=\"_blank\" rel=\"noopener noreferrer\" data-caption=\"\"><img loading=\"lazy\" decoding=\"async\" width=\"2245\" height=\"1587\" src=\"https:\/\/sad.espartales.org\/2020\/wp-content\/uploads\/2021\/10\/Aficionado-A-9.png\" class=\"\" alt=\"\" srcset=\"https:\/\/sad.espartales.org\/2020\/wp-content\/uploads\/2021\/10\/Aficionado-A-9.png 2245w, https:\/\/sad.espartales.org\/2020\/wp-content\/uploads\/2021\/10\/Aficionado-A-9-300x212.png 300w, https:\/\/sad.espartales.org\/2020\/wp-content\/uploads\/2021\/10\/Aficionado-A-9-1024x724.png 1024w, https:\/\/sad.espartales.org\/2020\/wp-content\/uploads\/2021\/10\/Aficionado-A-9-768x543.png 768w, https:\/\/sad.espartales.org\/2020\/wp-content\/uploads\/2021\/10\/Aficionado-A-9-1536x1086.png 1536w, https:\/\/sad.espartales.org\/2020\/wp-content\/uploads\/2021\/10\/Aficionado-A-9-2048x1448.png 2048w, https:\/\/sad.espartales.org\/2020\/wp-content\/uploads\/2021\/10\/Aficionado-A-9-128x90.png 128w, https:\/\/sad.espartales.org\/2020\/wp-content\/uploads\/2021\/10\/Aficionado-A-9-32x23.png 32w\" sizes=\"auto, (max-width: 2245px) 100vw, 2245px\" \/><\/a><\/div><\/div><div class=\"su-image-carousel-item\"><div class=\"su-image-carousel-item-content\"><a href=\"\" target=\"_blank\" rel=\"noopener noreferrer\" data-caption=\"\"><img loading=\"lazy\" decoding=\"async\" width=\"2245\" height=\"1587\" src=\"https:\/\/sad.espartales.org\/2020\/wp-content\/uploads\/2021\/10\/Aficionado-B-7.png\" class=\"\" alt=\"\" srcset=\"https:\/\/sad.espartales.org\/2020\/wp-content\/uploads\/2021\/10\/Aficionado-B-7.png 2245w, https:\/\/sad.espartales.org\/2020\/wp-content\/uploads\/2021\/10\/Aficionado-B-7-300x212.png 300w, https:\/\/sad.espartales.org\/2020\/wp-content\/uploads\/2021\/10\/Aficionado-B-7-1024x724.png 1024w, https:\/\/sad.espartales.org\/2020\/wp-content\/uploads\/2021\/10\/Aficionado-B-7-768x543.png 768w, https:\/\/sad.espartales.org\/2020\/wp-content\/uploads\/2021\/10\/Aficionado-B-7-1536x1086.png 1536w, https:\/\/sad.espartales.org\/2020\/wp-content\/uploads\/2021\/10\/Aficionado-B-7-2048x1448.png 2048w, https:\/\/sad.espartales.org\/2020\/wp-content\/uploads\/2021\/10\/Aficionado-B-7-128x90.png 128w, https:\/\/sad.espartales.org\/2020\/wp-content\/uploads\/2021\/10\/Aficionado-B-7-32x23.png 32w\" sizes=\"auto, (max-width: 2245px) 100vw, 2245px\" \/><\/a><\/div><\/div><div class=\"su-image-carousel-item\"><div class=\"su-image-carousel-item-content\"><a href=\"\" target=\"_blank\" rel=\"noopener noreferrer\" data-caption=\"\"><img loading=\"lazy\" decoding=\"async\" width=\"2245\" height=\"1587\" src=\"https:\/\/sad.espartales.org\/2020\/wp-content\/uploads\/2021\/10\/Juvenil-A-7.png\" class=\"\" alt=\"\" srcset=\"https:\/\/sad.espartales.org\/2020\/wp-content\/uploads\/2021\/10\/Juvenil-A-7.png 2245w, https:\/\/sad.espartales.org\/2020\/wp-content\/uploads\/2021\/10\/Juvenil-A-7-300x212.png 300w, https:\/\/sad.espartales.org\/2020\/wp-content\/uploads\/2021\/10\/Juvenil-A-7-1024x724.png 1024w, https:\/\/sad.espartales.org\/2020\/wp-content\/uploads\/2021\/10\/Juvenil-A-7-768x543.png 768w, https:\/\/sad.espartales.org\/2020\/wp-content\/uploads\/2021\/10\/Juvenil-A-7-1536x1086.png 1536w, https:\/\/sad.espartales.org\/2020\/wp-content\/uploads\/2021\/10\/Juvenil-A-7-2048x1448.png 2048w, https:\/\/sad.espartales.org\/2020\/wp-content\/uploads\/2021\/10\/Juvenil-A-7-128x90.png 128w, https:\/\/sad.espartales.org\/2020\/wp-content\/uploads\/2021\/10\/Juvenil-A-7-32x23.png 32w\" sizes=\"auto, (max-width: 2245px) 100vw, 2245px\" \/><\/a><\/div><\/div><div class=\"su-image-carousel-item\"><div class=\"su-image-carousel-item-content\"><a href=\"\" target=\"_blank\" rel=\"noopener noreferrer\" data-caption=\"\"><img loading=\"lazy\" decoding=\"async\" width=\"2245\" height=\"1587\" src=\"https:\/\/sad.espartales.org\/2020\/wp-content\/uploads\/2021\/10\/Juvenil-B-9.png\" class=\"\" alt=\"\" srcset=\"https:\/\/sad.espartales.org\/2020\/wp-content\/uploads\/2021\/10\/Juvenil-B-9.png 2245w, https:\/\/sad.espartales.org\/2020\/wp-content\/uploads\/2021\/10\/Juvenil-B-9-300x212.png 300w, https:\/\/sad.espartales.org\/2020\/wp-content\/uploads\/2021\/10\/Juvenil-B-9-1024x724.png 1024w, https:\/\/sad.espartales.org\/2020\/wp-content\/uploads\/2021\/10\/Juvenil-B-9-768x543.png 768w, https:\/\/sad.espartales.org\/2020\/wp-content\/uploads\/2021\/10\/Juvenil-B-9-1536x1086.png 1536w, https:\/\/sad.espartales.org\/2020\/wp-content\/uploads\/2021\/10\/Juvenil-B-9-2048x1448.png 2048w, https:\/\/sad.espartales.org\/2020\/wp-content\/uploads\/2021\/10\/Juvenil-B-9-128x90.png 128w, https:\/\/sad.espartales.org\/2020\/wp-content\/uploads\/2021\/10\/Juvenil-B-9-32x23.png 32w\" sizes=\"auto, (max-width: 2245px) 100vw, 2245px\" \/><\/a><\/div><\/div><div class=\"su-image-carousel-item\"><div class=\"su-image-carousel-item-content\"><a href=\"\" target=\"_blank\" rel=\"noopener noreferrer\" data-caption=\"\"><img loading=\"lazy\" decoding=\"async\" width=\"2245\" height=\"1587\" src=\"https:\/\/sad.espartales.org\/2020\/wp-content\/uploads\/2021\/10\/Juvenil-C-8.png\" class=\"\" alt=\"\" srcset=\"https:\/\/sad.espartales.org\/2020\/wp-content\/uploads\/2021\/10\/Juvenil-C-8.png 2245w, https:\/\/sad.espartales.org\/2020\/wp-content\/uploads\/2021\/10\/Juvenil-C-8-300x212.png 300w, https:\/\/sad.espartales.org\/2020\/wp-content\/uploads\/2021\/10\/Juvenil-C-8-1024x724.png 1024w, https:\/\/sad.espartales.org\/2020\/wp-content\/uploads\/2021\/10\/Juvenil-C-8-768x543.png 768w, https:\/\/sad.espartales.org\/2020\/wp-content\/uploads\/2021\/10\/Juvenil-C-8-1536x1086.png 1536w, https:\/\/sad.espartales.org\/2020\/wp-content\/uploads\/2021\/10\/Juvenil-C-8-2048x1448.png 2048w, https:\/\/sad.espartales.org\/2020\/wp-content\/uploads\/2021\/10\/Juvenil-C-8-128x90.png 128w, https:\/\/sad.espartales.org\/2020\/wp-content\/uploads\/2021\/10\/Juvenil-C-8-32x23.png 32w\" sizes=\"auto, (max-width: 2245px) 100vw, 2245px\" \/><\/a><\/div><\/div><div class=\"su-image-carousel-item\"><div class=\"su-image-carousel-item-content\"><a href=\"\" target=\"_blank\" rel=\"noopener noreferrer\" data-caption=\"\"><img loading=\"lazy\" decoding=\"async\" width=\"2245\" height=\"1587\" src=\"https:\/\/sad.espartales.org\/2020\/wp-content\/uploads\/2021\/10\/Cadete-A-3.png\" class=\"\" alt=\"\" srcset=\"https:\/\/sad.espartales.org\/2020\/wp-content\/uploads\/2021\/10\/Cadete-A-3.png 2245w, https:\/\/sad.espartales.org\/2020\/wp-content\/uploads\/2021\/10\/Cadete-A-3-300x212.png 300w, https:\/\/sad.espartales.org\/2020\/wp-content\/uploads\/2021\/10\/Cadete-A-3-1024x724.png 1024w, https:\/\/sad.espartales.org\/2020\/wp-content\/uploads\/2021\/10\/Cadete-A-3-768x543.png 768w, https:\/\/sad.espartales.org\/2020\/wp-content\/uploads\/2021\/10\/Cadete-A-3-1536x1086.png 1536w, https:\/\/sad.espartales.org\/2020\/wp-content\/uploads\/2021\/10\/Cadete-A-3-2048x1448.png 2048w, https:\/\/sad.espartales.org\/2020\/wp-content\/uploads\/2021\/10\/Cadete-A-3-128x90.png 128w, https:\/\/sad.espartales.org\/2020\/wp-content\/uploads\/2021\/10\/Cadete-A-3-32x23.png 32w\" sizes=\"auto, (max-width: 2245px) 100vw, 2245px\" \/><\/a><\/div><\/div><div class=\"su-image-carousel-item\"><div class=\"su-image-carousel-item-content\"><a href=\"\" target=\"_blank\" rel=\"noopener noreferrer\" data-caption=\"\"><img loading=\"lazy\" decoding=\"async\" width=\"2245\" height=\"1587\" src=\"https:\/\/sad.espartales.org\/2020\/wp-content\/uploads\/2021\/10\/Cadete-B-3.png\" class=\"\" alt=\"\" srcset=\"https:\/\/sad.espartales.org\/2020\/wp-content\/uploads\/2021\/10\/Cadete-B-3.png 2245w, https:\/\/sad.espartales.org\/2020\/wp-content\/uploads\/2021\/10\/Cadete-B-3-300x212.png 300w, https:\/\/sad.espartales.org\/2020\/wp-content\/uploads\/2021\/10\/Cadete-B-3-1024x724.png 1024w, https:\/\/sad.espartales.org\/2020\/wp-content\/uploads\/2021\/10\/Cadete-B-3-768x543.png 768w, https:\/\/sad.espartales.org\/2020\/wp-content\/uploads\/2021\/10\/Cadete-B-3-1536x1086.png 1536w, https:\/\/sad.espartales.org\/2020\/wp-content\/uploads\/2021\/10\/Cadete-B-3-2048x1448.png 2048w, https:\/\/sad.espartales.org\/2020\/wp-content\/uploads\/2021\/10\/Cadete-B-3-128x90.png 128w, https:\/\/sad.espartales.org\/2020\/wp-content\/uploads\/2021\/10\/Cadete-B-3-32x23.png 32w\" sizes=\"auto, (max-width: 2245px) 100vw, 2245px\" \/><\/a><\/div><\/div><div class=\"su-image-carousel-item\"><div class=\"su-image-carousel-item-content\"><a href=\"\" target=\"_blank\" rel=\"noopener noreferrer\" data-caption=\"\"><img loading=\"lazy\" decoding=\"async\" width=\"2245\" height=\"1587\" src=\"https:\/\/sad.espartales.org\/2020\/wp-content\/uploads\/2021\/10\/Infantil-A-3.png\" class=\"\" alt=\"\" srcset=\"https:\/\/sad.espartales.org\/2020\/wp-content\/uploads\/2021\/10\/Infantil-A-3.png 2245w, https:\/\/sad.espartales.org\/2020\/wp-content\/uploads\/2021\/10\/Infantil-A-3-300x212.png 300w, https:\/\/sad.espartales.org\/2020\/wp-content\/uploads\/2021\/10\/Infantil-A-3-1024x724.png 1024w, https:\/\/sad.espartales.org\/2020\/wp-content\/uploads\/2021\/10\/Infantil-A-3-768x543.png 768w, https:\/\/sad.espartales.org\/2020\/wp-content\/uploads\/2021\/10\/Infantil-A-3-1536x1086.png 1536w, https:\/\/sad.espartales.org\/2020\/wp-content\/uploads\/2021\/10\/Infantil-A-3-2048x1448.png 2048w, https:\/\/sad.espartales.org\/2020\/wp-content\/uploads\/2021\/10\/Infantil-A-3-128x90.png 128w, https:\/\/sad.espartales.org\/2020\/wp-content\/uploads\/2021\/10\/Infantil-A-3-32x23.png 32w\" sizes=\"auto, (max-width: 2245px) 100vw, 2245px\" \/><\/a><\/div><\/div><div class=\"su-image-carousel-item\"><div class=\"su-image-carousel-item-content\"><a href=\"\" target=\"_blank\" rel=\"noopener noreferrer\" data-caption=\"\"><img loading=\"lazy\" decoding=\"async\" width=\"2245\" height=\"1587\" src=\"https:\/\/sad.espartales.org\/2020\/wp-content\/uploads\/2021\/10\/Infantil-B-3.png\" class=\"\" alt=\"\" srcset=\"https:\/\/sad.espartales.org\/2020\/wp-content\/uploads\/2021\/10\/Infantil-B-3.png 2245w, https:\/\/sad.espartales.org\/2020\/wp-content\/uploads\/2021\/10\/Infantil-B-3-300x212.png 300w, https:\/\/sad.espartales.org\/2020\/wp-content\/uploads\/2021\/10\/Infantil-B-3-1024x724.png 1024w, https:\/\/sad.espartales.org\/2020\/wp-content\/uploads\/2021\/10\/Infantil-B-3-768x543.png 768w, https:\/\/sad.espartales.org\/2020\/wp-content\/uploads\/2021\/10\/Infantil-B-3-1536x1086.png 1536w, https:\/\/sad.espartales.org\/2020\/wp-content\/uploads\/2021\/10\/Infantil-B-3-2048x1448.png 2048w, https:\/\/sad.espartales.org\/2020\/wp-content\/uploads\/2021\/10\/Infantil-B-3-128x90.png 128w, https:\/\/sad.espartales.org\/2020\/wp-content\/uploads\/2021\/10\/Infantil-B-3-32x23.png 32w\" sizes=\"auto, (max-width: 2245px) 100vw, 2245px\" \/><\/a><\/div><\/div><div class=\"su-image-carousel-item\"><div class=\"su-image-carousel-item-content\"><a href=\"\" target=\"_blank\" rel=\"noopener noreferrer\" data-caption=\"\"><img loading=\"lazy\" decoding=\"async\" width=\"2245\" height=\"1587\" src=\"https:\/\/sad.espartales.org\/2020\/wp-content\/uploads\/2021\/10\/Alevin-4.png\" class=\"\" alt=\"\" srcset=\"https:\/\/sad.espartales.org\/2020\/wp-content\/uploads\/2021\/10\/Alevin-4.png 2245w, https:\/\/sad.espartales.org\/2020\/wp-content\/uploads\/2021\/10\/Alevin-4-300x212.png 300w, https:\/\/sad.espartales.org\/2020\/wp-content\/uploads\/2021\/10\/Alevin-4-1024x724.png 1024w, https:\/\/sad.espartales.org\/2020\/wp-content\/uploads\/2021\/10\/Alevin-4-768x543.png 768w, https:\/\/sad.espartales.org\/2020\/wp-content\/uploads\/2021\/10\/Alevin-4-1536x1086.png 1536w, https:\/\/sad.espartales.org\/2020\/wp-content\/uploads\/2021\/10\/Alevin-4-2048x1448.png 2048w, https:\/\/sad.espartales.org\/2020\/wp-content\/uploads\/2021\/10\/Alevin-4-128x90.png 128w, https:\/\/sad.espartales.org\/2020\/wp-content\/uploads\/2021\/10\/Alevin-4-32x23.png 32w\" sizes=\"auto, (max-width: 2245px) 100vw, 2245px\" \/><\/a><\/div><\/div><\/div><script id=\"su_image_carousel_69f4b0b4f4173_script\">if(window.SUImageCarousel){setTimeout(function() {window.SUImageCarousel.initGallery(document.getElementById(\"su_image_carousel_69f4b0b4f4173\"))}, 0);}var su_image_carousel_69f4b0b4f4173_script=document.getElementById(\"su_image_carousel_69f4b0b4f4173_script\");if(su_image_carousel_69f4b0b4f4173_script){su_image_carousel_69f4b0b4f4173_script.parentNode.removeChild(su_image_carousel_69f4b0b4f4173_script);}<\/script>\n<p>&nbsp;<\/p>\n<h1>\u00a1VAMOS ESPARTALES!<\/h1>\n","protected":false},"excerpt":{"rendered":"<p>Nuevo fin de semana con competici\u00f3n liguera para los equipos: aficionados, juveniles, cadetes, infantiles y&#8230;<\/p>\n","protected":false},"author":1,"featured_media":10368,"comment_status":"open","ping_status":"open","sticky":false,"template":"","format":"image","meta":{"footnotes":""},"categories":[136,122,125,138,126],"tags":[],"class_list":["post-10367","post","type-post","status-publish","format-image","has-post-thumbnail","hentry","category-destacadas","category-rffm","category-sad-espartales-sur","category-temporada-2021-2022","category-web","post_format-post-format-image"],"yoast_head":"<!-- This site is optimized with the Yoast SEO plugin v27.5 - https:\/\/yoast.com\/product\/yoast-seo-wordpress\/ -->\n<title>Jornada 30-31 de octubre - S.A.D. A.V. Espartales Sur<\/title>\n<meta name=\"robots\" content=\"index, follow, max-snippet:-1, max-image-preview:large, max-video-preview:-1\" \/>\n<link rel=\"canonical\" href=\"https:\/\/sad.espartales.org\/2020\/2021\/10\/28\/jornada-30-31-de-octubre\/\" \/>\n<meta property=\"og:locale\" content=\"es_ES\" \/>\n<meta property=\"og:type\" content=\"article\" \/>\n<meta property=\"og:title\" content=\"Jornada 30-31 de octubre - S.A.D. A.V. Espartales Sur\" \/>\n<meta property=\"og:description\" content=\"Nuevo fin de semana con competici\u00f3n liguera para los equipos: aficionados, juveniles, cadetes, infantiles y...\" \/>\n<meta property=\"og:url\" content=\"https:\/\/sad.espartales.org\/2020\/2021\/10\/28\/jornada-30-31-de-octubre\/\" \/>\n<meta property=\"og:site_name\" content=\"S.A.D. A.V. Espartales Sur\" \/>\n<meta property=\"article:publisher\" content=\"https:\/\/www.facebook.com\/sad.av.espartales.sur\" \/>\n<meta property=\"article:published_time\" content=\"2021-10-28T11:42:04+00:00\" \/>\n<meta property=\"article:modified_time\" content=\"2021-10-28T11:42:35+00:00\" \/>\n<meta property=\"og:image\" content=\"https:\/\/sad.espartales.org\/2020\/wp-content\/uploads\/2021\/10\/horarios-12-1024x724.png\" \/>\n\t<meta property=\"og:image:width\" content=\"1024\" \/>\n\t<meta property=\"og:image:height\" content=\"724\" \/>\n\t<meta property=\"og:image:type\" content=\"image\/png\" \/>\n<meta name=\"author\" content=\"Espartales\" \/>\n<meta name=\"twitter:card\" content=\"summary_large_image\" \/>\n<meta name=\"twitter:creator\" content=\"@SAD_Espartales\" \/>\n<meta name=\"twitter:site\" content=\"@SAD_Espartales\" \/>\n<meta name=\"twitter:label1\" content=\"Escrito por\" \/>\n\t<meta name=\"twitter:data1\" content=\"Espartales\" \/>\n<script type=\"application\/ld+json\" class=\"yoast-schema-graph\">{\"@context\":\"https:\\\/\\\/schema.org\",\"@graph\":[{\"@type\":\"Article\",\"@id\":\"https:\\\/\\\/sad.espartales.org\\\/2020\\\/2021\\\/10\\\/28\\\/jornada-30-31-de-octubre\\\/#article\",\"isPartOf\":{\"@id\":\"https:\\\/\\\/sad.espartales.org\\\/2020\\\/2021\\\/10\\\/28\\\/jornada-30-31-de-octubre\\\/\"},\"author\":{\"name\":\"Espartales\",\"@id\":\"https:\\\/\\\/sad.espartales.org\\\/#\\\/schema\\\/person\\\/046b4d8121764596d186631009da925e\"},\"headline\":\"Jornada 30-31 de octubre\",\"datePublished\":\"2021-10-28T11:42:04+00:00\",\"dateModified\":\"2021-10-28T11:42:35+00:00\",\"mainEntityOfPage\":{\"@id\":\"https:\\\/\\\/sad.espartales.org\\\/2020\\\/2021\\\/10\\\/28\\\/jornada-30-31-de-octubre\\\/\"},\"wordCount\":79,\"commentCount\":0,\"publisher\":{\"@id\":\"https:\\\/\\\/sad.espartales.org\\\/#organization\"},\"image\":{\"@id\":\"https:\\\/\\\/sad.espartales.org\\\/2020\\\/2021\\\/10\\\/28\\\/jornada-30-31-de-octubre\\\/#primaryimage\"},\"thumbnailUrl\":\"https:\\\/\\\/sad.espartales.org\\\/2020\\\/wp-content\\\/uploads\\\/2021\\\/10\\\/horarios-12.png\",\"articleSection\":[\"Destacadas\",\"RFFM\",\"SAD Espartales Sur\",\"Temporada 2021-2022\",\"web\"],\"inLanguage\":\"es\",\"potentialAction\":[{\"@type\":\"CommentAction\",\"name\":\"Comment\",\"target\":[\"https:\\\/\\\/sad.espartales.org\\\/2020\\\/2021\\\/10\\\/28\\\/jornada-30-31-de-octubre\\\/#respond\"]}]},{\"@type\":\"WebPage\",\"@id\":\"https:\\\/\\\/sad.espartales.org\\\/2020\\\/2021\\\/10\\\/28\\\/jornada-30-31-de-octubre\\\/\",\"url\":\"https:\\\/\\\/sad.espartales.org\\\/2020\\\/2021\\\/10\\\/28\\\/jornada-30-31-de-octubre\\\/\",\"name\":\"Jornada 30-31 de octubre - S.A.D. A.V. Espartales Sur\",\"isPartOf\":{\"@id\":\"https:\\\/\\\/sad.espartales.org\\\/#website\"},\"primaryImageOfPage\":{\"@id\":\"https:\\\/\\\/sad.espartales.org\\\/2020\\\/2021\\\/10\\\/28\\\/jornada-30-31-de-octubre\\\/#primaryimage\"},\"image\":{\"@id\":\"https:\\\/\\\/sad.espartales.org\\\/2020\\\/2021\\\/10\\\/28\\\/jornada-30-31-de-octubre\\\/#primaryimage\"},\"thumbnailUrl\":\"https:\\\/\\\/sad.espartales.org\\\/2020\\\/wp-content\\\/uploads\\\/2021\\\/10\\\/horarios-12.png\",\"datePublished\":\"2021-10-28T11:42:04+00:00\",\"dateModified\":\"2021-10-28T11:42:35+00:00\",\"breadcrumb\":{\"@id\":\"https:\\\/\\\/sad.espartales.org\\\/2020\\\/2021\\\/10\\\/28\\\/jornada-30-31-de-octubre\\\/#breadcrumb\"},\"inLanguage\":\"es\",\"potentialAction\":[{\"@type\":\"ReadAction\",\"target\":[\"https:\\\/\\\/sad.espartales.org\\\/2020\\\/2021\\\/10\\\/28\\\/jornada-30-31-de-octubre\\\/\"]}]},{\"@type\":\"ImageObject\",\"inLanguage\":\"es\",\"@id\":\"https:\\\/\\\/sad.espartales.org\\\/2020\\\/2021\\\/10\\\/28\\\/jornada-30-31-de-octubre\\\/#primaryimage\",\"url\":\"https:\\\/\\\/sad.espartales.org\\\/2020\\\/wp-content\\\/uploads\\\/2021\\\/10\\\/horarios-12.png\",\"contentUrl\":\"https:\\\/\\\/sad.espartales.org\\\/2020\\\/wp-content\\\/uploads\\\/2021\\\/10\\\/horarios-12.png\",\"width\":2245,\"height\":1587},{\"@type\":\"BreadcrumbList\",\"@id\":\"https:\\\/\\\/sad.espartales.org\\\/2020\\\/2021\\\/10\\\/28\\\/jornada-30-31-de-octubre\\\/#breadcrumb\",\"itemListElement\":[{\"@type\":\"ListItem\",\"position\":1,\"name\":\"Portada\",\"item\":\"https:\\\/\\\/sad.espartales.org\\\/\"},{\"@type\":\"ListItem\",\"position\":2,\"name\":\"Jornada 30-31 de octubre\"}]},{\"@type\":\"WebSite\",\"@id\":\"https:\\\/\\\/sad.espartales.org\\\/#website\",\"url\":\"https:\\\/\\\/sad.espartales.org\\\/\",\"name\":\"S.A.D. A.V. Espartales Sur\",\"description\":\"\",\"publisher\":{\"@id\":\"https:\\\/\\\/sad.espartales.org\\\/#organization\"},\"potentialAction\":[{\"@type\":\"SearchAction\",\"target\":{\"@type\":\"EntryPoint\",\"urlTemplate\":\"https:\\\/\\\/sad.espartales.org\\\/?s={search_term_string}\"},\"query-input\":{\"@type\":\"PropertyValueSpecification\",\"valueRequired\":true,\"valueName\":\"search_term_string\"}}],\"inLanguage\":\"es\"},{\"@type\":\"Organization\",\"@id\":\"https:\\\/\\\/sad.espartales.org\\\/#organization\",\"name\":\"S.A.D. A.V. Espartales Sur\",\"url\":\"https:\\\/\\\/sad.espartales.org\\\/\",\"logo\":{\"@type\":\"ImageObject\",\"inLanguage\":\"es\",\"@id\":\"https:\\\/\\\/sad.espartales.org\\\/#\\\/schema\\\/logo\\\/image\\\/\",\"url\":\"https:\\\/\\\/sad.espartales.org\\\/2020\\\/wp-content\\\/uploads\\\/2021\\\/07\\\/espartales-negro.png\",\"contentUrl\":\"https:\\\/\\\/sad.espartales.org\\\/2020\\\/wp-content\\\/uploads\\\/2021\\\/07\\\/espartales-negro.png\",\"width\":381,\"height\":381,\"caption\":\"S.A.D. A.V. Espartales Sur\"},\"image\":{\"@id\":\"https:\\\/\\\/sad.espartales.org\\\/#\\\/schema\\\/logo\\\/image\\\/\"},\"sameAs\":[\"https:\\\/\\\/www.facebook.com\\\/sad.av.espartales.sur\",\"https:\\\/\\\/x.com\\\/SAD_Espartales\",\"https:\\\/\\\/www.instagram.com\\\/espartalessur\\\/?hl=es\"]},{\"@type\":\"Person\",\"@id\":\"https:\\\/\\\/sad.espartales.org\\\/#\\\/schema\\\/person\\\/046b4d8121764596d186631009da925e\",\"name\":\"Espartales\",\"image\":{\"@type\":\"ImageObject\",\"inLanguage\":\"es\",\"@id\":\"https:\\\/\\\/secure.gravatar.com\\\/avatar\\\/d23e83573ee06f388790d3d652ff35d7a4c992f06b8fb7be39e7f242bfc429bf?s=96&d=mm&r=g\",\"url\":\"https:\\\/\\\/secure.gravatar.com\\\/avatar\\\/d23e83573ee06f388790d3d652ff35d7a4c992f06b8fb7be39e7f242bfc429bf?s=96&d=mm&r=g\",\"contentUrl\":\"https:\\\/\\\/secure.gravatar.com\\\/avatar\\\/d23e83573ee06f388790d3d652ff35d7a4c992f06b8fb7be39e7f242bfc429bf?s=96&d=mm&r=g\",\"caption\":\"Espartales\"},\"sameAs\":[\"http:\\\/\\\/sad.espartales.org\\\/2020\"],\"url\":\"https:\\\/\\\/sad.espartales.org\\\/2020\\\/author\\\/espartales\\\/\"}]}<\/script>\n<!-- \/ Yoast SEO plugin. -->","yoast_head_json":{"title":"Jornada 30-31 de octubre - S.A.D. A.V. Espartales Sur","robots":{"index":"index","follow":"follow","max-snippet":"max-snippet:-1","max-image-preview":"max-image-preview:large","max-video-preview":"max-video-preview:-1"},"canonical":"https:\/\/sad.espartales.org\/2020\/2021\/10\/28\/jornada-30-31-de-octubre\/","og_locale":"es_ES","og_type":"article","og_title":"Jornada 30-31 de octubre - S.A.D. A.V. Espartales Sur","og_description":"Nuevo fin de semana con competici\u00f3n liguera para los equipos: aficionados, juveniles, cadetes, infantiles y...","og_url":"https:\/\/sad.espartales.org\/2020\/2021\/10\/28\/jornada-30-31-de-octubre\/","og_site_name":"S.A.D. A.V. Espartales Sur","article_publisher":"https:\/\/www.facebook.com\/sad.av.espartales.sur","article_published_time":"2021-10-28T11:42:04+00:00","article_modified_time":"2021-10-28T11:42:35+00:00","og_image":[{"width":1024,"height":724,"url":"https:\/\/sad.espartales.org\/2020\/wp-content\/uploads\/2021\/10\/horarios-12-1024x724.png","type":"image\/png"}],"author":"Espartales","twitter_card":"summary_large_image","twitter_creator":"@SAD_Espartales","twitter_site":"@SAD_Espartales","twitter_misc":{"Escrito por":"Espartales"},"schema":{"@context":"https:\/\/schema.org","@graph":[{"@type":"Article","@id":"https:\/\/sad.espartales.org\/2020\/2021\/10\/28\/jornada-30-31-de-octubre\/#article","isPartOf":{"@id":"https:\/\/sad.espartales.org\/2020\/2021\/10\/28\/jornada-30-31-de-octubre\/"},"author":{"name":"Espartales","@id":"https:\/\/sad.espartales.org\/#\/schema\/person\/046b4d8121764596d186631009da925e"},"headline":"Jornada 30-31 de octubre","datePublished":"2021-10-28T11:42:04+00:00","dateModified":"2021-10-28T11:42:35+00:00","mainEntityOfPage":{"@id":"https:\/\/sad.espartales.org\/2020\/2021\/10\/28\/jornada-30-31-de-octubre\/"},"wordCount":79,"commentCount":0,"publisher":{"@id":"https:\/\/sad.espartales.org\/#organization"},"image":{"@id":"https:\/\/sad.espartales.org\/2020\/2021\/10\/28\/jornada-30-31-de-octubre\/#primaryimage"},"thumbnailUrl":"https:\/\/sad.espartales.org\/2020\/wp-content\/uploads\/2021\/10\/horarios-12.png","articleSection":["Destacadas","RFFM","SAD Espartales Sur","Temporada 2021-2022","web"],"inLanguage":"es","potentialAction":[{"@type":"CommentAction","name":"Comment","target":["https:\/\/sad.espartales.org\/2020\/2021\/10\/28\/jornada-30-31-de-octubre\/#respond"]}]},{"@type":"WebPage","@id":"https:\/\/sad.espartales.org\/2020\/2021\/10\/28\/jornada-30-31-de-octubre\/","url":"https:\/\/sad.espartales.org\/2020\/2021\/10\/28\/jornada-30-31-de-octubre\/","name":"Jornada 30-31 de octubre - S.A.D. A.V. Espartales Sur","isPartOf":{"@id":"https:\/\/sad.espartales.org\/#website"},"primaryImageOfPage":{"@id":"https:\/\/sad.espartales.org\/2020\/2021\/10\/28\/jornada-30-31-de-octubre\/#primaryimage"},"image":{"@id":"https:\/\/sad.espartales.org\/2020\/2021\/10\/28\/jornada-30-31-de-octubre\/#primaryimage"},"thumbnailUrl":"https:\/\/sad.espartales.org\/2020\/wp-content\/uploads\/2021\/10\/horarios-12.png","datePublished":"2021-10-28T11:42:04+00:00","dateModified":"2021-10-28T11:42:35+00:00","breadcrumb":{"@id":"https:\/\/sad.espartales.org\/2020\/2021\/10\/28\/jornada-30-31-de-octubre\/#breadcrumb"},"inLanguage":"es","potentialAction":[{"@type":"ReadAction","target":["https:\/\/sad.espartales.org\/2020\/2021\/10\/28\/jornada-30-31-de-octubre\/"]}]},{"@type":"ImageObject","inLanguage":"es","@id":"https:\/\/sad.espartales.org\/2020\/2021\/10\/28\/jornada-30-31-de-octubre\/#primaryimage","url":"https:\/\/sad.espartales.org\/2020\/wp-content\/uploads\/2021\/10\/horarios-12.png","contentUrl":"https:\/\/sad.espartales.org\/2020\/wp-content\/uploads\/2021\/10\/horarios-12.png","width":2245,"height":1587},{"@type":"BreadcrumbList","@id":"https:\/\/sad.espartales.org\/2020\/2021\/10\/28\/jornada-30-31-de-octubre\/#breadcrumb","itemListElement":[{"@type":"ListItem","position":1,"name":"Portada","item":"https:\/\/sad.espartales.org\/"},{"@type":"ListItem","position":2,"name":"Jornada 30-31 de octubre"}]},{"@type":"WebSite","@id":"https:\/\/sad.espartales.org\/#website","url":"https:\/\/sad.espartales.org\/","name":"S.A.D. A.V. Espartales Sur","description":"","publisher":{"@id":"https:\/\/sad.espartales.org\/#organization"},"potentialAction":[{"@type":"SearchAction","target":{"@type":"EntryPoint","urlTemplate":"https:\/\/sad.espartales.org\/?s={search_term_string}"},"query-input":{"@type":"PropertyValueSpecification","valueRequired":true,"valueName":"search_term_string"}}],"inLanguage":"es"},{"@type":"Organization","@id":"https:\/\/sad.espartales.org\/#organization","name":"S.A.D. A.V. Espartales Sur","url":"https:\/\/sad.espartales.org\/","logo":{"@type":"ImageObject","inLanguage":"es","@id":"https:\/\/sad.espartales.org\/#\/schema\/logo\/image\/","url":"https:\/\/sad.espartales.org\/2020\/wp-content\/uploads\/2021\/07\/espartales-negro.png","contentUrl":"https:\/\/sad.espartales.org\/2020\/wp-content\/uploads\/2021\/07\/espartales-negro.png","width":381,"height":381,"caption":"S.A.D. A.V. Espartales Sur"},"image":{"@id":"https:\/\/sad.espartales.org\/#\/schema\/logo\/image\/"},"sameAs":["https:\/\/www.facebook.com\/sad.av.espartales.sur","https:\/\/x.com\/SAD_Espartales","https:\/\/www.instagram.com\/espartalessur\/?hl=es"]},{"@type":"Person","@id":"https:\/\/sad.espartales.org\/#\/schema\/person\/046b4d8121764596d186631009da925e","name":"Espartales","image":{"@type":"ImageObject","inLanguage":"es","@id":"https:\/\/secure.gravatar.com\/avatar\/d23e83573ee06f388790d3d652ff35d7a4c992f06b8fb7be39e7f242bfc429bf?s=96&d=mm&r=g","url":"https:\/\/secure.gravatar.com\/avatar\/d23e83573ee06f388790d3d652ff35d7a4c992f06b8fb7be39e7f242bfc429bf?s=96&d=mm&r=g","contentUrl":"https:\/\/secure.gravatar.com\/avatar\/d23e83573ee06f388790d3d652ff35d7a4c992f06b8fb7be39e7f242bfc429bf?s=96&d=mm&r=g","caption":"Espartales"},"sameAs":["https:\/\/sad.espartales.org\/2020"],"url":"https:\/\/sad.espartales.org\/2020\/author\/espartales\/"}]}},"_links":{"self":[{"href":"https:\/\/sad.espartales.org\/2020\/wp-json\/wp\/v2\/posts\/10367","targetHints":{"allow":["GET"]}}],"collection":[{"href":"https:\/\/sad.espartales.org\/2020\/wp-json\/wp\/v2\/posts"}],"about":[{"href":"https:\/\/sad.espartales.org\/2020\/wp-json\/wp\/v2\/types\/post"}],"author":[{"embeddable":true,"href":"https:\/\/sad.espartales.org\/2020\/wp-json\/wp\/v2\/users\/1"}],"replies":[{"embeddable":true,"href":"https:\/\/sad.espartales.org\/2020\/wp-json\/wp\/v2\/comments?post=10367"}],"version-history":[{"count":1,"href":"https:\/\/sad.espartales.org\/2020\/wp-json\/wp\/v2\/posts\/10367\/revisions"}],"predecessor-version":[{"id":10379,"href":"https:\/\/sad.espartales.org\/2020\/wp-json\/wp\/v2\/posts\/10367\/revisions\/10379"}],"wp:featuredmedia":[{"embeddable":true,"href":"https:\/\/sad.espartales.org\/2020\/wp-json\/wp\/v2\/media\/10368"}],"wp:attachment":[{"href":"https:\/\/sad.espartales.org\/2020\/wp-json\/wp\/v2\/media?parent=10367"}],"wp:term":[{"taxonomy":"category","embeddable":true,"href":"https:\/\/sad.espartales.org\/2020\/wp-json\/wp\/v2\/categories?post=10367"},{"taxonomy":"post_tag","embeddable":true,"href":"https:\/\/sad.espartales.org\/2020\/wp-json\/wp\/v2\/tags?post=10367"}],"curies":[{"name":"wp","href":"https:\/\/api.w.org\/{rel}","templated":true}]}}