{"id":11666,"date":"2022-04-01T08:22:58","date_gmt":"2022-04-01T08:22:58","guid":{"rendered":"https:\/\/sad.espartales.org\/2020\/?p=11666"},"modified":"2022-04-01T08:22:58","modified_gmt":"2022-04-01T08:22:58","slug":"el-equipo-alevin-asciende-matematicamente-a-preferente","status":"publish","type":"post","link":"https:\/\/sad.espartales.org\/2020\/2022\/04\/01\/el-equipo-alevin-asciende-matematicamente-a-preferente\/","title":{"rendered":"\u00a1El equipo alev\u00edn asciende matem\u00e1ticamente a preferente!"},"content":{"rendered":"<p>Nuestro equipo alev\u00edn, sell\u00f3 matem\u00e1ticamente el <strong>ascenso a categor\u00eda preferente<\/strong> la semana pasada, puesto que quedan 6 jornadas por disputarse (18 puntos) y aventaja al tercer clasificado en 19 puntos.<\/p>\n<p>Ahora seguimos luchando por mantener el primer puesto y terminar la competici\u00f3n como campeones, tienen 7 puntos de ventaja mas gol average respecto del segundo clasificado, el \u00fanico equipo que ha conseguido hacer que nuestro equipo no lleve un pleno de victorias.<\/p>\n<h3>\u00a1Gran temporada! \u00a1Hay que seguir hasta conseguir el objetivo!<\/h3>\n<p>&nbsp;<\/p>\n<p><img loading=\"lazy\" decoding=\"async\" class=\"aligncenter size-large wp-image-11667\" src=\"https:\/\/sad.espartales.org\/2020\/wp-content\/uploads\/2022\/04\/WhatsApp-Image-2021-11-13-at-13.01.00-1024x766.jpeg\" alt=\"\" width=\"640\" height=\"479\" srcset=\"https:\/\/sad.espartales.org\/2020\/wp-content\/uploads\/2022\/04\/WhatsApp-Image-2021-11-13-at-13.01.00-1024x766.jpeg 1024w, https:\/\/sad.espartales.org\/2020\/wp-content\/uploads\/2022\/04\/WhatsApp-Image-2021-11-13-at-13.01.00-300x224.jpeg 300w, https:\/\/sad.espartales.org\/2020\/wp-content\/uploads\/2022\/04\/WhatsApp-Image-2021-11-13-at-13.01.00-768x575.jpeg 768w, https:\/\/sad.espartales.org\/2020\/wp-content\/uploads\/2022\/04\/WhatsApp-Image-2021-11-13-at-13.01.00-1536x1149.jpeg 1536w, https:\/\/sad.espartales.org\/2020\/wp-content\/uploads\/2022\/04\/WhatsApp-Image-2021-11-13-at-13.01.00-128x96.jpeg 128w, https:\/\/sad.espartales.org\/2020\/wp-content\/uploads\/2022\/04\/WhatsApp-Image-2021-11-13-at-13.01.00-32x24.jpeg 32w, https:\/\/sad.espartales.org\/2020\/wp-content\/uploads\/2022\/04\/WhatsApp-Image-2021-11-13-at-13.01.00.jpeg 1600w\" sizes=\"auto, (max-width: 640px) 100vw, 640px\" \/><\/p>\n","protected":false},"excerpt":{"rendered":"<p>Nuestro equipo alev\u00edn, sell\u00f3 matem\u00e1ticamente el ascenso a categor\u00eda preferente la semana pasada, puesto que&#8230;<\/p>\n","protected":false},"author":1,"featured_media":11667,"comment_status":"open","ping_status":"open","sticky":false,"template":"","format":"standard","meta":{"footnotes":""},"categories":[136,122,130,125,138,126],"tags":[],"class_list":["post-11666","post","type-post","status-publish","format-standard","has-post-thumbnail","hentry","category-destacadas","category-rffm","category-twetter","category-sad-espartales-sur","category-temporada-2021-2022","category-web"],"yoast_head":"<!-- This site is optimized with the Yoast SEO plugin v27.5 - https:\/\/yoast.com\/product\/yoast-seo-wordpress\/ -->\n<title>\u00a1El equipo alev\u00edn asciende matem\u00e1ticamente a preferente! - S.A.D. A.V. Espartales Sur<\/title>\n<meta name=\"robots\" content=\"index, follow, max-snippet:-1, max-image-preview:large, max-video-preview:-1\" \/>\n<link rel=\"canonical\" href=\"https:\/\/sad.espartales.org\/2020\/2022\/04\/01\/el-equipo-alevin-asciende-matematicamente-a-preferente\/\" \/>\n<meta property=\"og:locale\" content=\"es_ES\" \/>\n<meta property=\"og:type\" content=\"article\" \/>\n<meta property=\"og:title\" content=\"\u00a1El equipo alev\u00edn asciende matem\u00e1ticamente a preferente! - S.A.D. A.V. Espartales Sur\" \/>\n<meta property=\"og:description\" content=\"Nuestro equipo alev\u00edn, sell\u00f3 matem\u00e1ticamente el ascenso a categor\u00eda preferente la semana pasada, puesto que...\" \/>\n<meta property=\"og:url\" content=\"https:\/\/sad.espartales.org\/2020\/2022\/04\/01\/el-equipo-alevin-asciende-matematicamente-a-preferente\/\" \/>\n<meta property=\"og:site_name\" content=\"S.A.D. A.V. Espartales Sur\" \/>\n<meta property=\"article:publisher\" content=\"https:\/\/www.facebook.com\/sad.av.espartales.sur\" \/>\n<meta property=\"article:published_time\" content=\"2022-04-01T08:22:58+00:00\" \/>\n<meta property=\"og:image\" content=\"https:\/\/sad.espartales.org\/2020\/wp-content\/uploads\/2022\/04\/WhatsApp-Image-2021-11-13-at-13.01.00.jpeg\" \/>\n\t<meta property=\"og:image:width\" content=\"1600\" \/>\n\t<meta property=\"og:image:height\" content=\"1197\" \/>\n\t<meta property=\"og:image:type\" content=\"image\/jpeg\" \/>\n<meta name=\"author\" content=\"Espartales\" \/>\n<meta name=\"twitter:card\" content=\"summary_large_image\" \/>\n<meta name=\"twitter:creator\" content=\"@SAD_Espartales\" \/>\n<meta name=\"twitter:site\" content=\"@SAD_Espartales\" \/>\n<meta name=\"twitter:label1\" content=\"Escrito por\" \/>\n\t<meta name=\"twitter:data1\" content=\"Espartales\" \/>\n<script type=\"application\/ld+json\" class=\"yoast-schema-graph\">{\"@context\":\"https:\\\/\\\/schema.org\",\"@graph\":[{\"@type\":\"Article\",\"@id\":\"https:\\\/\\\/sad.espartales.org\\\/2020\\\/2022\\\/04\\\/01\\\/el-equipo-alevin-asciende-matematicamente-a-preferente\\\/#article\",\"isPartOf\":{\"@id\":\"https:\\\/\\\/sad.espartales.org\\\/2020\\\/2022\\\/04\\\/01\\\/el-equipo-alevin-asciende-matematicamente-a-preferente\\\/\"},\"author\":{\"name\":\"Espartales\",\"@id\":\"https:\\\/\\\/sad.espartales.org\\\/#\\\/schema\\\/person\\\/046b4d8121764596d186631009da925e\"},\"headline\":\"\u00a1El equipo alev\u00edn asciende matem\u00e1ticamente a preferente!\",\"datePublished\":\"2022-04-01T08:22:58+00:00\",\"mainEntityOfPage\":{\"@id\":\"https:\\\/\\\/sad.espartales.org\\\/2020\\\/2022\\\/04\\\/01\\\/el-equipo-alevin-asciende-matematicamente-a-preferente\\\/\"},\"wordCount\":91,\"commentCount\":0,\"publisher\":{\"@id\":\"https:\\\/\\\/sad.espartales.org\\\/#organization\"},\"image\":{\"@id\":\"https:\\\/\\\/sad.espartales.org\\\/2020\\\/2022\\\/04\\\/01\\\/el-equipo-alevin-asciende-matematicamente-a-preferente\\\/#primaryimage\"},\"thumbnailUrl\":\"https:\\\/\\\/sad.espartales.org\\\/2020\\\/wp-content\\\/uploads\\\/2022\\\/04\\\/WhatsApp-Image-2021-11-13-at-13.01.00.jpeg\",\"articleSection\":[\"Destacadas\",\"RFFM\",\"RRSS\",\"SAD Espartales Sur\",\"Temporada 2021-2022\",\"web\"],\"inLanguage\":\"es\",\"potentialAction\":[{\"@type\":\"CommentAction\",\"name\":\"Comment\",\"target\":[\"https:\\\/\\\/sad.espartales.org\\\/2020\\\/2022\\\/04\\\/01\\\/el-equipo-alevin-asciende-matematicamente-a-preferente\\\/#respond\"]}]},{\"@type\":\"WebPage\",\"@id\":\"https:\\\/\\\/sad.espartales.org\\\/2020\\\/2022\\\/04\\\/01\\\/el-equipo-alevin-asciende-matematicamente-a-preferente\\\/\",\"url\":\"https:\\\/\\\/sad.espartales.org\\\/2020\\\/2022\\\/04\\\/01\\\/el-equipo-alevin-asciende-matematicamente-a-preferente\\\/\",\"name\":\"\u00a1El equipo alev\u00edn asciende matem\u00e1ticamente a preferente! - S.A.D. A.V. Espartales Sur\",\"isPartOf\":{\"@id\":\"https:\\\/\\\/sad.espartales.org\\\/#website\"},\"primaryImageOfPage\":{\"@id\":\"https:\\\/\\\/sad.espartales.org\\\/2020\\\/2022\\\/04\\\/01\\\/el-equipo-alevin-asciende-matematicamente-a-preferente\\\/#primaryimage\"},\"image\":{\"@id\":\"https:\\\/\\\/sad.espartales.org\\\/2020\\\/2022\\\/04\\\/01\\\/el-equipo-alevin-asciende-matematicamente-a-preferente\\\/#primaryimage\"},\"thumbnailUrl\":\"https:\\\/\\\/sad.espartales.org\\\/2020\\\/wp-content\\\/uploads\\\/2022\\\/04\\\/WhatsApp-Image-2021-11-13-at-13.01.00.jpeg\",\"datePublished\":\"2022-04-01T08:22:58+00:00\",\"breadcrumb\":{\"@id\":\"https:\\\/\\\/sad.espartales.org\\\/2020\\\/2022\\\/04\\\/01\\\/el-equipo-alevin-asciende-matematicamente-a-preferente\\\/#breadcrumb\"},\"inLanguage\":\"es\",\"potentialAction\":[{\"@type\":\"ReadAction\",\"target\":[\"https:\\\/\\\/sad.espartales.org\\\/2020\\\/2022\\\/04\\\/01\\\/el-equipo-alevin-asciende-matematicamente-a-preferente\\\/\"]}]},{\"@type\":\"ImageObject\",\"inLanguage\":\"es\",\"@id\":\"https:\\\/\\\/sad.espartales.org\\\/2020\\\/2022\\\/04\\\/01\\\/el-equipo-alevin-asciende-matematicamente-a-preferente\\\/#primaryimage\",\"url\":\"https:\\\/\\\/sad.espartales.org\\\/2020\\\/wp-content\\\/uploads\\\/2022\\\/04\\\/WhatsApp-Image-2021-11-13-at-13.01.00.jpeg\",\"contentUrl\":\"https:\\\/\\\/sad.espartales.org\\\/2020\\\/wp-content\\\/uploads\\\/2022\\\/04\\\/WhatsApp-Image-2021-11-13-at-13.01.00.jpeg\",\"width\":1600,\"height\":1197},{\"@type\":\"BreadcrumbList\",\"@id\":\"https:\\\/\\\/sad.espartales.org\\\/2020\\\/2022\\\/04\\\/01\\\/el-equipo-alevin-asciende-matematicamente-a-preferente\\\/#breadcrumb\",\"itemListElement\":[{\"@type\":\"ListItem\",\"position\":1,\"name\":\"Portada\",\"item\":\"https:\\\/\\\/sad.espartales.org\\\/\"},{\"@type\":\"ListItem\",\"position\":2,\"name\":\"\u00a1El equipo alev\u00edn asciende matem\u00e1ticamente a preferente!\"}]},{\"@type\":\"WebSite\",\"@id\":\"https:\\\/\\\/sad.espartales.org\\\/#website\",\"url\":\"https:\\\/\\\/sad.espartales.org\\\/\",\"name\":\"S.A.D. A.V. Espartales Sur\",\"description\":\"\",\"publisher\":{\"@id\":\"https:\\\/\\\/sad.espartales.org\\\/#organization\"},\"potentialAction\":[{\"@type\":\"SearchAction\",\"target\":{\"@type\":\"EntryPoint\",\"urlTemplate\":\"https:\\\/\\\/sad.espartales.org\\\/?s={search_term_string}\"},\"query-input\":{\"@type\":\"PropertyValueSpecification\",\"valueRequired\":true,\"valueName\":\"search_term_string\"}}],\"inLanguage\":\"es\"},{\"@type\":\"Organization\",\"@id\":\"https:\\\/\\\/sad.espartales.org\\\/#organization\",\"name\":\"S.A.D. A.V. Espartales Sur\",\"url\":\"https:\\\/\\\/sad.espartales.org\\\/\",\"logo\":{\"@type\":\"ImageObject\",\"inLanguage\":\"es\",\"@id\":\"https:\\\/\\\/sad.espartales.org\\\/#\\\/schema\\\/logo\\\/image\\\/\",\"url\":\"https:\\\/\\\/sad.espartales.org\\\/2020\\\/wp-content\\\/uploads\\\/2021\\\/07\\\/espartales-negro.png\",\"contentUrl\":\"https:\\\/\\\/sad.espartales.org\\\/2020\\\/wp-content\\\/uploads\\\/2021\\\/07\\\/espartales-negro.png\",\"width\":381,\"height\":381,\"caption\":\"S.A.D. A.V. Espartales Sur\"},\"image\":{\"@id\":\"https:\\\/\\\/sad.espartales.org\\\/#\\\/schema\\\/logo\\\/image\\\/\"},\"sameAs\":[\"https:\\\/\\\/www.facebook.com\\\/sad.av.espartales.sur\",\"https:\\\/\\\/x.com\\\/SAD_Espartales\",\"https:\\\/\\\/www.instagram.com\\\/espartalessur\\\/?hl=es\"]},{\"@type\":\"Person\",\"@id\":\"https:\\\/\\\/sad.espartales.org\\\/#\\\/schema\\\/person\\\/046b4d8121764596d186631009da925e\",\"name\":\"Espartales\",\"image\":{\"@type\":\"ImageObject\",\"inLanguage\":\"es\",\"@id\":\"https:\\\/\\\/secure.gravatar.com\\\/avatar\\\/d23e83573ee06f388790d3d652ff35d7a4c992f06b8fb7be39e7f242bfc429bf?s=96&d=mm&r=g\",\"url\":\"https:\\\/\\\/secure.gravatar.com\\\/avatar\\\/d23e83573ee06f388790d3d652ff35d7a4c992f06b8fb7be39e7f242bfc429bf?s=96&d=mm&r=g\",\"contentUrl\":\"https:\\\/\\\/secure.gravatar.com\\\/avatar\\\/d23e83573ee06f388790d3d652ff35d7a4c992f06b8fb7be39e7f242bfc429bf?s=96&d=mm&r=g\",\"caption\":\"Espartales\"},\"sameAs\":[\"http:\\\/\\\/sad.espartales.org\\\/2020\"],\"url\":\"https:\\\/\\\/sad.espartales.org\\\/2020\\\/author\\\/espartales\\\/\"}]}<\/script>\n<!-- \/ Yoast SEO plugin. -->","yoast_head_json":{"title":"\u00a1El equipo alev\u00edn asciende matem\u00e1ticamente a preferente! - S.A.D. A.V. Espartales Sur","robots":{"index":"index","follow":"follow","max-snippet":"max-snippet:-1","max-image-preview":"max-image-preview:large","max-video-preview":"max-video-preview:-1"},"canonical":"https:\/\/sad.espartales.org\/2020\/2022\/04\/01\/el-equipo-alevin-asciende-matematicamente-a-preferente\/","og_locale":"es_ES","og_type":"article","og_title":"\u00a1El equipo alev\u00edn asciende matem\u00e1ticamente a preferente! - S.A.D. A.V. Espartales Sur","og_description":"Nuestro equipo alev\u00edn, sell\u00f3 matem\u00e1ticamente el ascenso a categor\u00eda preferente la semana pasada, puesto que...","og_url":"https:\/\/sad.espartales.org\/2020\/2022\/04\/01\/el-equipo-alevin-asciende-matematicamente-a-preferente\/","og_site_name":"S.A.D. A.V. Espartales Sur","article_publisher":"https:\/\/www.facebook.com\/sad.av.espartales.sur","article_published_time":"2022-04-01T08:22:58+00:00","og_image":[{"width":1600,"height":1197,"url":"https:\/\/sad.espartales.org\/2020\/wp-content\/uploads\/2022\/04\/WhatsApp-Image-2021-11-13-at-13.01.00.jpeg","type":"image\/jpeg"}],"author":"Espartales","twitter_card":"summary_large_image","twitter_creator":"@SAD_Espartales","twitter_site":"@SAD_Espartales","twitter_misc":{"Escrito por":"Espartales"},"schema":{"@context":"https:\/\/schema.org","@graph":[{"@type":"Article","@id":"https:\/\/sad.espartales.org\/2020\/2022\/04\/01\/el-equipo-alevin-asciende-matematicamente-a-preferente\/#article","isPartOf":{"@id":"https:\/\/sad.espartales.org\/2020\/2022\/04\/01\/el-equipo-alevin-asciende-matematicamente-a-preferente\/"},"author":{"name":"Espartales","@id":"https:\/\/sad.espartales.org\/#\/schema\/person\/046b4d8121764596d186631009da925e"},"headline":"\u00a1El equipo alev\u00edn asciende matem\u00e1ticamente a preferente!","datePublished":"2022-04-01T08:22:58+00:00","mainEntityOfPage":{"@id":"https:\/\/sad.espartales.org\/2020\/2022\/04\/01\/el-equipo-alevin-asciende-matematicamente-a-preferente\/"},"wordCount":91,"commentCount":0,"publisher":{"@id":"https:\/\/sad.espartales.org\/#organization"},"image":{"@id":"https:\/\/sad.espartales.org\/2020\/2022\/04\/01\/el-equipo-alevin-asciende-matematicamente-a-preferente\/#primaryimage"},"thumbnailUrl":"https:\/\/sad.espartales.org\/2020\/wp-content\/uploads\/2022\/04\/WhatsApp-Image-2021-11-13-at-13.01.00.jpeg","articleSection":["Destacadas","RFFM","RRSS","SAD Espartales Sur","Temporada 2021-2022","web"],"inLanguage":"es","potentialAction":[{"@type":"CommentAction","name":"Comment","target":["https:\/\/sad.espartales.org\/2020\/2022\/04\/01\/el-equipo-alevin-asciende-matematicamente-a-preferente\/#respond"]}]},{"@type":"WebPage","@id":"https:\/\/sad.espartales.org\/2020\/2022\/04\/01\/el-equipo-alevin-asciende-matematicamente-a-preferente\/","url":"https:\/\/sad.espartales.org\/2020\/2022\/04\/01\/el-equipo-alevin-asciende-matematicamente-a-preferente\/","name":"\u00a1El equipo alev\u00edn asciende matem\u00e1ticamente a preferente! - S.A.D. A.V. Espartales Sur","isPartOf":{"@id":"https:\/\/sad.espartales.org\/#website"},"primaryImageOfPage":{"@id":"https:\/\/sad.espartales.org\/2020\/2022\/04\/01\/el-equipo-alevin-asciende-matematicamente-a-preferente\/#primaryimage"},"image":{"@id":"https:\/\/sad.espartales.org\/2020\/2022\/04\/01\/el-equipo-alevin-asciende-matematicamente-a-preferente\/#primaryimage"},"thumbnailUrl":"https:\/\/sad.espartales.org\/2020\/wp-content\/uploads\/2022\/04\/WhatsApp-Image-2021-11-13-at-13.01.00.jpeg","datePublished":"2022-04-01T08:22:58+00:00","breadcrumb":{"@id":"https:\/\/sad.espartales.org\/2020\/2022\/04\/01\/el-equipo-alevin-asciende-matematicamente-a-preferente\/#breadcrumb"},"inLanguage":"es","potentialAction":[{"@type":"ReadAction","target":["https:\/\/sad.espartales.org\/2020\/2022\/04\/01\/el-equipo-alevin-asciende-matematicamente-a-preferente\/"]}]},{"@type":"ImageObject","inLanguage":"es","@id":"https:\/\/sad.espartales.org\/2020\/2022\/04\/01\/el-equipo-alevin-asciende-matematicamente-a-preferente\/#primaryimage","url":"https:\/\/sad.espartales.org\/2020\/wp-content\/uploads\/2022\/04\/WhatsApp-Image-2021-11-13-at-13.01.00.jpeg","contentUrl":"https:\/\/sad.espartales.org\/2020\/wp-content\/uploads\/2022\/04\/WhatsApp-Image-2021-11-13-at-13.01.00.jpeg","width":1600,"height":1197},{"@type":"BreadcrumbList","@id":"https:\/\/sad.espartales.org\/2020\/2022\/04\/01\/el-equipo-alevin-asciende-matematicamente-a-preferente\/#breadcrumb","itemListElement":[{"@type":"ListItem","position":1,"name":"Portada","item":"https:\/\/sad.espartales.org\/"},{"@type":"ListItem","position":2,"name":"\u00a1El equipo alev\u00edn asciende matem\u00e1ticamente a preferente!"}]},{"@type":"WebSite","@id":"https:\/\/sad.espartales.org\/#website","url":"https:\/\/sad.espartales.org\/","name":"S.A.D. A.V. Espartales Sur","description":"","publisher":{"@id":"https:\/\/sad.espartales.org\/#organization"},"potentialAction":[{"@type":"SearchAction","target":{"@type":"EntryPoint","urlTemplate":"https:\/\/sad.espartales.org\/?s={search_term_string}"},"query-input":{"@type":"PropertyValueSpecification","valueRequired":true,"valueName":"search_term_string"}}],"inLanguage":"es"},{"@type":"Organization","@id":"https:\/\/sad.espartales.org\/#organization","name":"S.A.D. A.V. Espartales Sur","url":"https:\/\/sad.espartales.org\/","logo":{"@type":"ImageObject","inLanguage":"es","@id":"https:\/\/sad.espartales.org\/#\/schema\/logo\/image\/","url":"https:\/\/sad.espartales.org\/2020\/wp-content\/uploads\/2021\/07\/espartales-negro.png","contentUrl":"https:\/\/sad.espartales.org\/2020\/wp-content\/uploads\/2021\/07\/espartales-negro.png","width":381,"height":381,"caption":"S.A.D. A.V. Espartales Sur"},"image":{"@id":"https:\/\/sad.espartales.org\/#\/schema\/logo\/image\/"},"sameAs":["https:\/\/www.facebook.com\/sad.av.espartales.sur","https:\/\/x.com\/SAD_Espartales","https:\/\/www.instagram.com\/espartalessur\/?hl=es"]},{"@type":"Person","@id":"https:\/\/sad.espartales.org\/#\/schema\/person\/046b4d8121764596d186631009da925e","name":"Espartales","image":{"@type":"ImageObject","inLanguage":"es","@id":"https:\/\/secure.gravatar.com\/avatar\/d23e83573ee06f388790d3d652ff35d7a4c992f06b8fb7be39e7f242bfc429bf?s=96&d=mm&r=g","url":"https:\/\/secure.gravatar.com\/avatar\/d23e83573ee06f388790d3d652ff35d7a4c992f06b8fb7be39e7f242bfc429bf?s=96&d=mm&r=g","contentUrl":"https:\/\/secure.gravatar.com\/avatar\/d23e83573ee06f388790d3d652ff35d7a4c992f06b8fb7be39e7f242bfc429bf?s=96&d=mm&r=g","caption":"Espartales"},"sameAs":["https:\/\/sad.espartales.org\/2020"],"url":"https:\/\/sad.espartales.org\/2020\/author\/espartales\/"}]}},"_links":{"self":[{"href":"https:\/\/sad.espartales.org\/2020\/wp-json\/wp\/v2\/posts\/11666","targetHints":{"allow":["GET"]}}],"collection":[{"href":"https:\/\/sad.espartales.org\/2020\/wp-json\/wp\/v2\/posts"}],"about":[{"href":"https:\/\/sad.espartales.org\/2020\/wp-json\/wp\/v2\/types\/post"}],"author":[{"embeddable":true,"href":"https:\/\/sad.espartales.org\/2020\/wp-json\/wp\/v2\/users\/1"}],"replies":[{"embeddable":true,"href":"https:\/\/sad.espartales.org\/2020\/wp-json\/wp\/v2\/comments?post=11666"}],"version-history":[{"count":1,"href":"https:\/\/sad.espartales.org\/2020\/wp-json\/wp\/v2\/posts\/11666\/revisions"}],"predecessor-version":[{"id":11668,"href":"https:\/\/sad.espartales.org\/2020\/wp-json\/wp\/v2\/posts\/11666\/revisions\/11668"}],"wp:featuredmedia":[{"embeddable":true,"href":"https:\/\/sad.espartales.org\/2020\/wp-json\/wp\/v2\/media\/11667"}],"wp:attachment":[{"href":"https:\/\/sad.espartales.org\/2020\/wp-json\/wp\/v2\/media?parent=11666"}],"wp:term":[{"taxonomy":"category","embeddable":true,"href":"https:\/\/sad.espartales.org\/2020\/wp-json\/wp\/v2\/categories?post=11666"},{"taxonomy":"post_tag","embeddable":true,"href":"https:\/\/sad.espartales.org\/2020\/wp-json\/wp\/v2\/tags?post=11666"}],"curies":[{"name":"wp","href":"https:\/\/api.w.org\/{rel}","templated":true}]}}