{"id":11870,"date":"2022-05-10T05:31:47","date_gmt":"2022-05-10T05:31:47","guid":{"rendered":"https:\/\/sad.espartales.org\/2020\/?p=11870"},"modified":"2022-05-10T05:31:47","modified_gmt":"2022-05-10T05:31:47","slug":"alevin-campeon-del-grupo-5-de-primera","status":"publish","type":"post","link":"https:\/\/sad.espartales.org\/2020\/2022\/05\/10\/alevin-campeon-del-grupo-5-de-primera\/","title":{"rendered":"Alev\u00edn campe\u00f3n del grupo 5 de primera"},"content":{"rendered":"<p>El pasado s\u00e1bado, nuestro equipo alev\u00edn, se proclam\u00f3 campe\u00f3n de liga, a falta de 3 jornadas para la finalizaci\u00f3n de la competici\u00f3n. Los n\u00fameros del equipo hablan por s\u00ed solos: 22 partidos ganados, 1 partido empatado, 141 goles a favor y 10 en contra.<\/p>\n<p>Este pr\u00f3ximo s\u00e1bado juegan en casa, el s\u00e1bado a las 10:45, vayamos todos a dar la enhorabuena al equipo.<\/p>\n<p>&nbsp;<\/p>\n<div style=\"width: 640px;\" class=\"wp-video\"><video class=\"wp-video-shortcode\" id=\"video-11870-1\" width=\"640\" height=\"360\" preload=\"metadata\" controls=\"controls\"><source type=\"video\/mp4\" src=\"https:\/\/sad.espartales.org\/2020\/wp-content\/uploads\/2022\/05\/Diseno-sin-titulo-12.mp4?_=1\" \/><a href=\"https:\/\/sad.espartales.org\/2020\/wp-content\/uploads\/2022\/05\/Diseno-sin-titulo-12.mp4\">https:\/\/sad.espartales.org\/2020\/wp-content\/uploads\/2022\/05\/Diseno-sin-titulo-12.mp4<\/a><\/video><\/div>\n<h1><\/h1>\n<h1 style=\"text-align: center;\">\u00a1VAMOS ESPARTALES!<\/h1>\n<p>&nbsp;<\/p>\n","protected":false},"excerpt":{"rendered":"<p>El pasado s\u00e1bado, nuestro equipo alev\u00edn, se proclam\u00f3 campe\u00f3n de liga, a falta de 3&#8230;<\/p>\n","protected":false},"author":1,"featured_media":11667,"comment_status":"open","ping_status":"open","sticky":false,"template":"","format":"image","meta":{"footnotes":""},"categories":[136,122,130,125,138,126],"tags":[],"class_list":["post-11870","post","type-post","status-publish","format-image","has-post-thumbnail","hentry","category-destacadas","category-rffm","category-twetter","category-sad-espartales-sur","category-temporada-2021-2022","category-web","post_format-post-format-image"],"yoast_head":"<!-- This site is optimized with the Yoast SEO plugin v27.5 - https:\/\/yoast.com\/product\/yoast-seo-wordpress\/ -->\n<title>Alev\u00edn campe\u00f3n del grupo 5 de primera - S.A.D. A.V. Espartales Sur<\/title>\n<meta name=\"robots\" content=\"index, follow, max-snippet:-1, max-image-preview:large, max-video-preview:-1\" \/>\n<link rel=\"canonical\" href=\"https:\/\/sad.espartales.org\/2020\/2022\/05\/10\/alevin-campeon-del-grupo-5-de-primera\/\" \/>\n<meta property=\"og:locale\" content=\"es_ES\" \/>\n<meta property=\"og:type\" content=\"article\" \/>\n<meta property=\"og:title\" content=\"Alev\u00edn campe\u00f3n del grupo 5 de primera - S.A.D. A.V. Espartales Sur\" \/>\n<meta property=\"og:description\" content=\"El pasado s\u00e1bado, nuestro equipo alev\u00edn, se proclam\u00f3 campe\u00f3n de liga, a falta de 3...\" \/>\n<meta property=\"og:url\" content=\"https:\/\/sad.espartales.org\/2020\/2022\/05\/10\/alevin-campeon-del-grupo-5-de-primera\/\" \/>\n<meta property=\"og:site_name\" content=\"S.A.D. A.V. Espartales Sur\" \/>\n<meta property=\"article:publisher\" content=\"https:\/\/www.facebook.com\/sad.av.espartales.sur\" \/>\n<meta property=\"article:published_time\" content=\"2022-05-10T05:31:47+00:00\" \/>\n<meta property=\"og:image\" content=\"https:\/\/sad.espartales.org\/2020\/wp-content\/uploads\/2022\/04\/WhatsApp-Image-2021-11-13-at-13.01.00.jpeg\" \/>\n\t<meta property=\"og:image:width\" content=\"1600\" \/>\n\t<meta property=\"og:image:height\" content=\"1197\" \/>\n\t<meta property=\"og:image:type\" content=\"image\/jpeg\" \/>\n<meta name=\"author\" content=\"Espartales\" \/>\n<meta name=\"twitter:card\" content=\"summary_large_image\" \/>\n<meta name=\"twitter:creator\" content=\"@SAD_Espartales\" \/>\n<meta name=\"twitter:site\" content=\"@SAD_Espartales\" \/>\n<meta name=\"twitter:label1\" content=\"Escrito por\" \/>\n\t<meta name=\"twitter:data1\" content=\"Espartales\" \/>\n<script type=\"application\/ld+json\" class=\"yoast-schema-graph\">{\"@context\":\"https:\\\/\\\/schema.org\",\"@graph\":[{\"@type\":\"Article\",\"@id\":\"https:\\\/\\\/sad.espartales.org\\\/2020\\\/2022\\\/05\\\/10\\\/alevin-campeon-del-grupo-5-de-primera\\\/#article\",\"isPartOf\":{\"@id\":\"https:\\\/\\\/sad.espartales.org\\\/2020\\\/2022\\\/05\\\/10\\\/alevin-campeon-del-grupo-5-de-primera\\\/\"},\"author\":{\"name\":\"Espartales\",\"@id\":\"https:\\\/\\\/sad.espartales.org\\\/#\\\/schema\\\/person\\\/046b4d8121764596d186631009da925e\"},\"headline\":\"Alev\u00edn campe\u00f3n del grupo 5 de primera\",\"datePublished\":\"2022-05-10T05:31:47+00:00\",\"mainEntityOfPage\":{\"@id\":\"https:\\\/\\\/sad.espartales.org\\\/2020\\\/2022\\\/05\\\/10\\\/alevin-campeon-del-grupo-5-de-primera\\\/\"},\"wordCount\":91,\"commentCount\":0,\"publisher\":{\"@id\":\"https:\\\/\\\/sad.espartales.org\\\/#organization\"},\"image\":{\"@id\":\"https:\\\/\\\/sad.espartales.org\\\/2020\\\/2022\\\/05\\\/10\\\/alevin-campeon-del-grupo-5-de-primera\\\/#primaryimage\"},\"thumbnailUrl\":\"https:\\\/\\\/sad.espartales.org\\\/2020\\\/wp-content\\\/uploads\\\/2022\\\/04\\\/WhatsApp-Image-2021-11-13-at-13.01.00.jpeg\",\"articleSection\":[\"Destacadas\",\"RFFM\",\"RRSS\",\"SAD Espartales Sur\",\"Temporada 2021-2022\",\"web\"],\"inLanguage\":\"es\",\"potentialAction\":[{\"@type\":\"CommentAction\",\"name\":\"Comment\",\"target\":[\"https:\\\/\\\/sad.espartales.org\\\/2020\\\/2022\\\/05\\\/10\\\/alevin-campeon-del-grupo-5-de-primera\\\/#respond\"]}]},{\"@type\":\"WebPage\",\"@id\":\"https:\\\/\\\/sad.espartales.org\\\/2020\\\/2022\\\/05\\\/10\\\/alevin-campeon-del-grupo-5-de-primera\\\/\",\"url\":\"https:\\\/\\\/sad.espartales.org\\\/2020\\\/2022\\\/05\\\/10\\\/alevin-campeon-del-grupo-5-de-primera\\\/\",\"name\":\"Alev\u00edn campe\u00f3n del grupo 5 de primera - S.A.D. A.V. Espartales Sur\",\"isPartOf\":{\"@id\":\"https:\\\/\\\/sad.espartales.org\\\/#website\"},\"primaryImageOfPage\":{\"@id\":\"https:\\\/\\\/sad.espartales.org\\\/2020\\\/2022\\\/05\\\/10\\\/alevin-campeon-del-grupo-5-de-primera\\\/#primaryimage\"},\"image\":{\"@id\":\"https:\\\/\\\/sad.espartales.org\\\/2020\\\/2022\\\/05\\\/10\\\/alevin-campeon-del-grupo-5-de-primera\\\/#primaryimage\"},\"thumbnailUrl\":\"https:\\\/\\\/sad.espartales.org\\\/2020\\\/wp-content\\\/uploads\\\/2022\\\/04\\\/WhatsApp-Image-2021-11-13-at-13.01.00.jpeg\",\"datePublished\":\"2022-05-10T05:31:47+00:00\",\"breadcrumb\":{\"@id\":\"https:\\\/\\\/sad.espartales.org\\\/2020\\\/2022\\\/05\\\/10\\\/alevin-campeon-del-grupo-5-de-primera\\\/#breadcrumb\"},\"inLanguage\":\"es\",\"potentialAction\":[{\"@type\":\"ReadAction\",\"target\":[\"https:\\\/\\\/sad.espartales.org\\\/2020\\\/2022\\\/05\\\/10\\\/alevin-campeon-del-grupo-5-de-primera\\\/\"]}]},{\"@type\":\"ImageObject\",\"inLanguage\":\"es\",\"@id\":\"https:\\\/\\\/sad.espartales.org\\\/2020\\\/2022\\\/05\\\/10\\\/alevin-campeon-del-grupo-5-de-primera\\\/#primaryimage\",\"url\":\"https:\\\/\\\/sad.espartales.org\\\/2020\\\/wp-content\\\/uploads\\\/2022\\\/04\\\/WhatsApp-Image-2021-11-13-at-13.01.00.jpeg\",\"contentUrl\":\"https:\\\/\\\/sad.espartales.org\\\/2020\\\/wp-content\\\/uploads\\\/2022\\\/04\\\/WhatsApp-Image-2021-11-13-at-13.01.00.jpeg\",\"width\":1600,\"height\":1197},{\"@type\":\"BreadcrumbList\",\"@id\":\"https:\\\/\\\/sad.espartales.org\\\/2020\\\/2022\\\/05\\\/10\\\/alevin-campeon-del-grupo-5-de-primera\\\/#breadcrumb\",\"itemListElement\":[{\"@type\":\"ListItem\",\"position\":1,\"name\":\"Portada\",\"item\":\"https:\\\/\\\/sad.espartales.org\\\/\"},{\"@type\":\"ListItem\",\"position\":2,\"name\":\"Alev\u00edn campe\u00f3n del grupo 5 de primera\"}]},{\"@type\":\"WebSite\",\"@id\":\"https:\\\/\\\/sad.espartales.org\\\/#website\",\"url\":\"https:\\\/\\\/sad.espartales.org\\\/\",\"name\":\"S.A.D. A.V. Espartales Sur\",\"description\":\"\",\"publisher\":{\"@id\":\"https:\\\/\\\/sad.espartales.org\\\/#organization\"},\"potentialAction\":[{\"@type\":\"SearchAction\",\"target\":{\"@type\":\"EntryPoint\",\"urlTemplate\":\"https:\\\/\\\/sad.espartales.org\\\/?s={search_term_string}\"},\"query-input\":{\"@type\":\"PropertyValueSpecification\",\"valueRequired\":true,\"valueName\":\"search_term_string\"}}],\"inLanguage\":\"es\"},{\"@type\":\"Organization\",\"@id\":\"https:\\\/\\\/sad.espartales.org\\\/#organization\",\"name\":\"S.A.D. A.V. Espartales Sur\",\"url\":\"https:\\\/\\\/sad.espartales.org\\\/\",\"logo\":{\"@type\":\"ImageObject\",\"inLanguage\":\"es\",\"@id\":\"https:\\\/\\\/sad.espartales.org\\\/#\\\/schema\\\/logo\\\/image\\\/\",\"url\":\"https:\\\/\\\/sad.espartales.org\\\/2020\\\/wp-content\\\/uploads\\\/2021\\\/07\\\/espartales-negro.png\",\"contentUrl\":\"https:\\\/\\\/sad.espartales.org\\\/2020\\\/wp-content\\\/uploads\\\/2021\\\/07\\\/espartales-negro.png\",\"width\":381,\"height\":381,\"caption\":\"S.A.D. A.V. Espartales Sur\"},\"image\":{\"@id\":\"https:\\\/\\\/sad.espartales.org\\\/#\\\/schema\\\/logo\\\/image\\\/\"},\"sameAs\":[\"https:\\\/\\\/www.facebook.com\\\/sad.av.espartales.sur\",\"https:\\\/\\\/x.com\\\/SAD_Espartales\",\"https:\\\/\\\/www.instagram.com\\\/espartalessur\\\/?hl=es\"]},{\"@type\":\"Person\",\"@id\":\"https:\\\/\\\/sad.espartales.org\\\/#\\\/schema\\\/person\\\/046b4d8121764596d186631009da925e\",\"name\":\"Espartales\",\"image\":{\"@type\":\"ImageObject\",\"inLanguage\":\"es\",\"@id\":\"https:\\\/\\\/secure.gravatar.com\\\/avatar\\\/d23e83573ee06f388790d3d652ff35d7a4c992f06b8fb7be39e7f242bfc429bf?s=96&d=mm&r=g\",\"url\":\"https:\\\/\\\/secure.gravatar.com\\\/avatar\\\/d23e83573ee06f388790d3d652ff35d7a4c992f06b8fb7be39e7f242bfc429bf?s=96&d=mm&r=g\",\"contentUrl\":\"https:\\\/\\\/secure.gravatar.com\\\/avatar\\\/d23e83573ee06f388790d3d652ff35d7a4c992f06b8fb7be39e7f242bfc429bf?s=96&d=mm&r=g\",\"caption\":\"Espartales\"},\"sameAs\":[\"http:\\\/\\\/sad.espartales.org\\\/2020\"],\"url\":\"https:\\\/\\\/sad.espartales.org\\\/2020\\\/author\\\/espartales\\\/\"}]}<\/script>\n<!-- \/ Yoast SEO plugin. -->","yoast_head_json":{"title":"Alev\u00edn campe\u00f3n del grupo 5 de primera - S.A.D. A.V. Espartales Sur","robots":{"index":"index","follow":"follow","max-snippet":"max-snippet:-1","max-image-preview":"max-image-preview:large","max-video-preview":"max-video-preview:-1"},"canonical":"https:\/\/sad.espartales.org\/2020\/2022\/05\/10\/alevin-campeon-del-grupo-5-de-primera\/","og_locale":"es_ES","og_type":"article","og_title":"Alev\u00edn campe\u00f3n del grupo 5 de primera - S.A.D. A.V. Espartales Sur","og_description":"El pasado s\u00e1bado, nuestro equipo alev\u00edn, se proclam\u00f3 campe\u00f3n de liga, a falta de 3...","og_url":"https:\/\/sad.espartales.org\/2020\/2022\/05\/10\/alevin-campeon-del-grupo-5-de-primera\/","og_site_name":"S.A.D. A.V. Espartales Sur","article_publisher":"https:\/\/www.facebook.com\/sad.av.espartales.sur","article_published_time":"2022-05-10T05:31:47+00:00","og_image":[{"width":1600,"height":1197,"url":"https:\/\/sad.espartales.org\/2020\/wp-content\/uploads\/2022\/04\/WhatsApp-Image-2021-11-13-at-13.01.00.jpeg","type":"image\/jpeg"}],"author":"Espartales","twitter_card":"summary_large_image","twitter_creator":"@SAD_Espartales","twitter_site":"@SAD_Espartales","twitter_misc":{"Escrito por":"Espartales"},"schema":{"@context":"https:\/\/schema.org","@graph":[{"@type":"Article","@id":"https:\/\/sad.espartales.org\/2020\/2022\/05\/10\/alevin-campeon-del-grupo-5-de-primera\/#article","isPartOf":{"@id":"https:\/\/sad.espartales.org\/2020\/2022\/05\/10\/alevin-campeon-del-grupo-5-de-primera\/"},"author":{"name":"Espartales","@id":"https:\/\/sad.espartales.org\/#\/schema\/person\/046b4d8121764596d186631009da925e"},"headline":"Alev\u00edn campe\u00f3n del grupo 5 de primera","datePublished":"2022-05-10T05:31:47+00:00","mainEntityOfPage":{"@id":"https:\/\/sad.espartales.org\/2020\/2022\/05\/10\/alevin-campeon-del-grupo-5-de-primera\/"},"wordCount":91,"commentCount":0,"publisher":{"@id":"https:\/\/sad.espartales.org\/#organization"},"image":{"@id":"https:\/\/sad.espartales.org\/2020\/2022\/05\/10\/alevin-campeon-del-grupo-5-de-primera\/#primaryimage"},"thumbnailUrl":"https:\/\/sad.espartales.org\/2020\/wp-content\/uploads\/2022\/04\/WhatsApp-Image-2021-11-13-at-13.01.00.jpeg","articleSection":["Destacadas","RFFM","RRSS","SAD Espartales Sur","Temporada 2021-2022","web"],"inLanguage":"es","potentialAction":[{"@type":"CommentAction","name":"Comment","target":["https:\/\/sad.espartales.org\/2020\/2022\/05\/10\/alevin-campeon-del-grupo-5-de-primera\/#respond"]}]},{"@type":"WebPage","@id":"https:\/\/sad.espartales.org\/2020\/2022\/05\/10\/alevin-campeon-del-grupo-5-de-primera\/","url":"https:\/\/sad.espartales.org\/2020\/2022\/05\/10\/alevin-campeon-del-grupo-5-de-primera\/","name":"Alev\u00edn campe\u00f3n del grupo 5 de primera - S.A.D. A.V. Espartales Sur","isPartOf":{"@id":"https:\/\/sad.espartales.org\/#website"},"primaryImageOfPage":{"@id":"https:\/\/sad.espartales.org\/2020\/2022\/05\/10\/alevin-campeon-del-grupo-5-de-primera\/#primaryimage"},"image":{"@id":"https:\/\/sad.espartales.org\/2020\/2022\/05\/10\/alevin-campeon-del-grupo-5-de-primera\/#primaryimage"},"thumbnailUrl":"https:\/\/sad.espartales.org\/2020\/wp-content\/uploads\/2022\/04\/WhatsApp-Image-2021-11-13-at-13.01.00.jpeg","datePublished":"2022-05-10T05:31:47+00:00","breadcrumb":{"@id":"https:\/\/sad.espartales.org\/2020\/2022\/05\/10\/alevin-campeon-del-grupo-5-de-primera\/#breadcrumb"},"inLanguage":"es","potentialAction":[{"@type":"ReadAction","target":["https:\/\/sad.espartales.org\/2020\/2022\/05\/10\/alevin-campeon-del-grupo-5-de-primera\/"]}]},{"@type":"ImageObject","inLanguage":"es","@id":"https:\/\/sad.espartales.org\/2020\/2022\/05\/10\/alevin-campeon-del-grupo-5-de-primera\/#primaryimage","url":"https:\/\/sad.espartales.org\/2020\/wp-content\/uploads\/2022\/04\/WhatsApp-Image-2021-11-13-at-13.01.00.jpeg","contentUrl":"https:\/\/sad.espartales.org\/2020\/wp-content\/uploads\/2022\/04\/WhatsApp-Image-2021-11-13-at-13.01.00.jpeg","width":1600,"height":1197},{"@type":"BreadcrumbList","@id":"https:\/\/sad.espartales.org\/2020\/2022\/05\/10\/alevin-campeon-del-grupo-5-de-primera\/#breadcrumb","itemListElement":[{"@type":"ListItem","position":1,"name":"Portada","item":"https:\/\/sad.espartales.org\/"},{"@type":"ListItem","position":2,"name":"Alev\u00edn campe\u00f3n del grupo 5 de primera"}]},{"@type":"WebSite","@id":"https:\/\/sad.espartales.org\/#website","url":"https:\/\/sad.espartales.org\/","name":"S.A.D. A.V. Espartales Sur","description":"","publisher":{"@id":"https:\/\/sad.espartales.org\/#organization"},"potentialAction":[{"@type":"SearchAction","target":{"@type":"EntryPoint","urlTemplate":"https:\/\/sad.espartales.org\/?s={search_term_string}"},"query-input":{"@type":"PropertyValueSpecification","valueRequired":true,"valueName":"search_term_string"}}],"inLanguage":"es"},{"@type":"Organization","@id":"https:\/\/sad.espartales.org\/#organization","name":"S.A.D. A.V. Espartales Sur","url":"https:\/\/sad.espartales.org\/","logo":{"@type":"ImageObject","inLanguage":"es","@id":"https:\/\/sad.espartales.org\/#\/schema\/logo\/image\/","url":"https:\/\/sad.espartales.org\/2020\/wp-content\/uploads\/2021\/07\/espartales-negro.png","contentUrl":"https:\/\/sad.espartales.org\/2020\/wp-content\/uploads\/2021\/07\/espartales-negro.png","width":381,"height":381,"caption":"S.A.D. A.V. Espartales Sur"},"image":{"@id":"https:\/\/sad.espartales.org\/#\/schema\/logo\/image\/"},"sameAs":["https:\/\/www.facebook.com\/sad.av.espartales.sur","https:\/\/x.com\/SAD_Espartales","https:\/\/www.instagram.com\/espartalessur\/?hl=es"]},{"@type":"Person","@id":"https:\/\/sad.espartales.org\/#\/schema\/person\/046b4d8121764596d186631009da925e","name":"Espartales","image":{"@type":"ImageObject","inLanguage":"es","@id":"https:\/\/secure.gravatar.com\/avatar\/d23e83573ee06f388790d3d652ff35d7a4c992f06b8fb7be39e7f242bfc429bf?s=96&d=mm&r=g","url":"https:\/\/secure.gravatar.com\/avatar\/d23e83573ee06f388790d3d652ff35d7a4c992f06b8fb7be39e7f242bfc429bf?s=96&d=mm&r=g","contentUrl":"https:\/\/secure.gravatar.com\/avatar\/d23e83573ee06f388790d3d652ff35d7a4c992f06b8fb7be39e7f242bfc429bf?s=96&d=mm&r=g","caption":"Espartales"},"sameAs":["https:\/\/sad.espartales.org\/2020"],"url":"https:\/\/sad.espartales.org\/2020\/author\/espartales\/"}]}},"_links":{"self":[{"href":"https:\/\/sad.espartales.org\/2020\/wp-json\/wp\/v2\/posts\/11870","targetHints":{"allow":["GET"]}}],"collection":[{"href":"https:\/\/sad.espartales.org\/2020\/wp-json\/wp\/v2\/posts"}],"about":[{"href":"https:\/\/sad.espartales.org\/2020\/wp-json\/wp\/v2\/types\/post"}],"author":[{"embeddable":true,"href":"https:\/\/sad.espartales.org\/2020\/wp-json\/wp\/v2\/users\/1"}],"replies":[{"embeddable":true,"href":"https:\/\/sad.espartales.org\/2020\/wp-json\/wp\/v2\/comments?post=11870"}],"version-history":[{"count":1,"href":"https:\/\/sad.espartales.org\/2020\/wp-json\/wp\/v2\/posts\/11870\/revisions"}],"predecessor-version":[{"id":11872,"href":"https:\/\/sad.espartales.org\/2020\/wp-json\/wp\/v2\/posts\/11870\/revisions\/11872"}],"wp:featuredmedia":[{"embeddable":true,"href":"https:\/\/sad.espartales.org\/2020\/wp-json\/wp\/v2\/media\/11667"}],"wp:attachment":[{"href":"https:\/\/sad.espartales.org\/2020\/wp-json\/wp\/v2\/media?parent=11870"}],"wp:term":[{"taxonomy":"category","embeddable":true,"href":"https:\/\/sad.espartales.org\/2020\/wp-json\/wp\/v2\/categories?post=11870"},{"taxonomy":"post_tag","embeddable":true,"href":"https:\/\/sad.espartales.org\/2020\/wp-json\/wp\/v2\/tags?post=11870"}],"curies":[{"name":"wp","href":"https:\/\/api.w.org\/{rel}","templated":true}]}}