{"id":11901,"date":"2022-05-26T05:42:46","date_gmt":"2022-05-26T05:42:46","guid":{"rendered":"https:\/\/sad.espartales.org\/2020\/?p=11901"},"modified":"2022-05-26T05:42:46","modified_gmt":"2022-05-26T05:42:46","slug":"academia-manchester-llega-a-espartales-sur","status":"publish","type":"post","link":"https:\/\/sad.espartales.org\/2020\/2022\/05\/26\/academia-manchester-llega-a-espartales-sur\/","title":{"rendered":"Academia Manchester llega a Espartales Sur"},"content":{"rendered":"<div dir=\"auto\"><a class=\"oajrlxb2 g5ia77u1 qu0x051f esr5mh6w e9989ue4 r7d6kgcz rq0escxv nhd2j8a9 nc684nl6 p7hjln8o kvgmc6g5 cxmmr5t8 oygrvhab hcukyx3x jb3vyjys rz4wbd8a qt6c0cv9 a8nywdso i1ao9s8h esuyzwwr f1sip0of lzcic4wl gpro0wi8 q66pz984 b1v8xokw\" tabindex=\"0\" role=\"link\" href=\"https:\/\/www.facebook.com\/Academia-Manchester-114395893586107\/?__cft__[0]=AZWIxfWoUUeIKSS4xidCaJgB9Y6ShgRONMcbnQMxvafmfrDKBl76ie6CVaWkP10pmUlDM7Ad7J0Sf1e6VRvB4QY3jmani0AwAmnHtbmbHwuWIhn0BXNE-dlm1hmXZH9qzD2h07pIiBMC_ar84Jjz5Kxm&amp;__tn__=kK-R\"><span class=\"nc684nl6\">Academia Manchester<\/span><\/a> llega a Alcal\u00e1 de Henares de la mano de <a class=\"oajrlxb2 g5ia77u1 qu0x051f esr5mh6w e9989ue4 r7d6kgcz rq0escxv nhd2j8a9 nc684nl6 p7hjln8o kvgmc6g5 cxmmr5t8 oygrvhab hcukyx3x jb3vyjys rz4wbd8a qt6c0cv9 a8nywdso i1ao9s8h esuyzwwr f1sip0of lzcic4wl gpro0wi8 q66pz984 b1v8xokw\" tabindex=\"0\" role=\"link\" href=\"https:\/\/www.facebook.com\/sad.av.espartales.sur?__cft__[0]=AZWIxfWoUUeIKSS4xidCaJgB9Y6ShgRONMcbnQMxvafmfrDKBl76ie6CVaWkP10pmUlDM7Ad7J0Sf1e6VRvB4QY3jmani0AwAmnHtbmbHwuWIhn0BXNE-dlm1hmXZH9qzD2h07pIiBMC_ar84Jjz5Kxm&amp;__tn__=-]K-R\"><span class=\"nc684nl6\">Sad Espartales<\/span><\/a>. Ambas entidades han firmado un acuerdo de colaboraci\u00f3n, por el cual, la academia desarrollar\u00e1 su actividad en el campo municipal de Espartales Sur.<\/div>\n<div dir=\"auto\">Esperamos que esta uni\u00f3n que ha nacido sea fruct\u00edfera para los intereses de ambas entidades y por muchos a\u00f1os.<\/div>\n<div dir=\"auto\">Toda la informaci\u00f3n sobre la <a class=\"oajrlxb2 g5ia77u1 qu0x051f esr5mh6w e9989ue4 r7d6kgcz rq0escxv nhd2j8a9 nc684nl6 p7hjln8o kvgmc6g5 cxmmr5t8 oygrvhab hcukyx3x jb3vyjys rz4wbd8a qt6c0cv9 a8nywdso i1ao9s8h esuyzwwr f1sip0of lzcic4wl gpro0wi8 q66pz984 b1v8xokw\" tabindex=\"0\" role=\"link\" href=\"https:\/\/www.facebook.com\/Academia-Manchester-114395893586107\/?__cft__[0]=AZWIxfWoUUeIKSS4xidCaJgB9Y6ShgRONMcbnQMxvafmfrDKBl76ie6CVaWkP10pmUlDM7Ad7J0Sf1e6VRvB4QY3jmani0AwAmnHtbmbHwuWIhn0BXNE-dlm1hmXZH9qzD2h07pIiBMC_ar84Jjz5Kxm&amp;__tn__=kK-R\"><span class=\"nc684nl6\">Academia Manchester<\/span><\/a> la ten\u00e9is en su web:<\/div>\n<div dir=\"auto\"><a class=\"oajrlxb2 g5ia77u1 qu0x051f esr5mh6w e9989ue4 r7d6kgcz rq0escxv nhd2j8a9 nc684nl6 p7hjln8o kvgmc6g5 cxmmr5t8 oygrvhab hcukyx3x jb3vyjys rz4wbd8a qt6c0cv9 a8nywdso i1ao9s8h esuyzwwr f1sip0of lzcic4wl gpro0wi8 py34i1dx\" tabindex=\"0\" role=\"link\" href=\"https:\/\/academiamanchester.com\/?fbclid=IwAR3L8xCKVARhKDfuaa1oNCt9icxJsxbbOOp_cXzm-43txpAb7E82E0BInEg\" target=\"_blank\" rel=\"nofollow noopener\">https:\/\/academiamanchester.com\/<\/a><\/div>\n<div dir=\"auto\"><\/div>\n<div dir=\"auto\">\n<div style=\"width: 640px;\" class=\"wp-video\"><video class=\"wp-video-shortcode\" id=\"video-11901-1\" width=\"640\" height=\"362\" preload=\"metadata\" controls=\"controls\"><source type=\"video\/mp4\" src=\"https:\/\/sad.espartales.org\/2020\/wp-content\/uploads\/2022\/05\/WhatsApp-Video-2022-05-25-at-11.08.41-PM.mp4?_=1\" \/><a href=\"https:\/\/sad.espartales.org\/2020\/wp-content\/uploads\/2022\/05\/WhatsApp-Video-2022-05-25-at-11.08.41-PM.mp4\">https:\/\/sad.espartales.org\/2020\/wp-content\/uploads\/2022\/05\/WhatsApp-Video-2022-05-25-at-11.08.41-PM.mp4<\/a><\/video><\/div>\n<\/div>\n","protected":false},"excerpt":{"rendered":"<p>Academia Manchester llega a Alcal\u00e1 de Henares de la mano de Sad Espartales. Ambas entidades&#8230;<\/p>\n","protected":false},"author":1,"featured_media":11903,"comment_status":"open","ping_status":"open","sticky":false,"template":"","format":"standard","meta":{"footnotes":""},"categories":[135,136,122,130,125,221,126],"tags":[],"class_list":["post-11901","post","type-post","status-publish","format-standard","has-post-thumbnail","hentry","category-colaboradores","category-destacadas","category-rffm","category-twetter","category-sad-espartales-sur","category-temporada-2022-2023","category-web"],"yoast_head":"<!-- This site is optimized with the Yoast SEO plugin v27.5 - https:\/\/yoast.com\/product\/yoast-seo-wordpress\/ -->\n<title>Academia Manchester llega a Espartales Sur - S.A.D. A.V. Espartales Sur<\/title>\n<meta name=\"robots\" content=\"index, follow, max-snippet:-1, max-image-preview:large, max-video-preview:-1\" \/>\n<link rel=\"canonical\" href=\"https:\/\/sad.espartales.org\/2020\/2022\/05\/26\/academia-manchester-llega-a-espartales-sur\/\" \/>\n<meta property=\"og:locale\" content=\"es_ES\" \/>\n<meta property=\"og:type\" content=\"article\" \/>\n<meta property=\"og:title\" content=\"Academia Manchester llega a Espartales Sur - S.A.D. A.V. Espartales Sur\" \/>\n<meta property=\"og:description\" content=\"Academia Manchester llega a Alcal\u00e1 de Henares de la mano de Sad Espartales. Ambas entidades...\" \/>\n<meta property=\"og:url\" content=\"https:\/\/sad.espartales.org\/2020\/2022\/05\/26\/academia-manchester-llega-a-espartales-sur\/\" \/>\n<meta property=\"og:site_name\" content=\"S.A.D. A.V. Espartales Sur\" \/>\n<meta property=\"article:publisher\" content=\"https:\/\/www.facebook.com\/sad.av.espartales.sur\" \/>\n<meta property=\"article:published_time\" content=\"2022-05-26T05:42:46+00:00\" \/>\n<meta property=\"og:image\" content=\"https:\/\/sad.espartales.org\/2020\/wp-content\/uploads\/2022\/05\/Convenio-Academia-Manchester-1024x724.png\" \/>\n\t<meta property=\"og:image:width\" content=\"1024\" \/>\n\t<meta property=\"og:image:height\" content=\"724\" \/>\n\t<meta property=\"og:image:type\" content=\"image\/png\" \/>\n<meta name=\"author\" content=\"Espartales\" \/>\n<meta name=\"twitter:card\" content=\"summary_large_image\" \/>\n<meta name=\"twitter:creator\" content=\"@SAD_Espartales\" \/>\n<meta name=\"twitter:site\" content=\"@SAD_Espartales\" \/>\n<meta name=\"twitter:label1\" content=\"Escrito por\" \/>\n\t<meta name=\"twitter:data1\" content=\"Espartales\" \/>\n<script type=\"application\/ld+json\" class=\"yoast-schema-graph\">{\"@context\":\"https:\\\/\\\/schema.org\",\"@graph\":[{\"@type\":\"Article\",\"@id\":\"https:\\\/\\\/sad.espartales.org\\\/2020\\\/2022\\\/05\\\/26\\\/academia-manchester-llega-a-espartales-sur\\\/#article\",\"isPartOf\":{\"@id\":\"https:\\\/\\\/sad.espartales.org\\\/2020\\\/2022\\\/05\\\/26\\\/academia-manchester-llega-a-espartales-sur\\\/\"},\"author\":{\"name\":\"Espartales\",\"@id\":\"https:\\\/\\\/sad.espartales.org\\\/#\\\/schema\\\/person\\\/046b4d8121764596d186631009da925e\"},\"headline\":\"Academia Manchester llega a Espartales Sur\",\"datePublished\":\"2022-05-26T05:42:46+00:00\",\"mainEntityOfPage\":{\"@id\":\"https:\\\/\\\/sad.espartales.org\\\/2020\\\/2022\\\/05\\\/26\\\/academia-manchester-llega-a-espartales-sur\\\/\"},\"wordCount\":99,\"commentCount\":6,\"publisher\":{\"@id\":\"https:\\\/\\\/sad.espartales.org\\\/#organization\"},\"image\":{\"@id\":\"https:\\\/\\\/sad.espartales.org\\\/2020\\\/2022\\\/05\\\/26\\\/academia-manchester-llega-a-espartales-sur\\\/#primaryimage\"},\"thumbnailUrl\":\"https:\\\/\\\/sad.espartales.org\\\/2020\\\/wp-content\\\/uploads\\\/2022\\\/05\\\/Convenio-Academia-Manchester.png\",\"articleSection\":[\"Colaboradores\",\"Destacadas\",\"RFFM\",\"RRSS\",\"SAD Espartales Sur\",\"Temporada 2022-2023\",\"web\"],\"inLanguage\":\"es\",\"potentialAction\":[{\"@type\":\"CommentAction\",\"name\":\"Comment\",\"target\":[\"https:\\\/\\\/sad.espartales.org\\\/2020\\\/2022\\\/05\\\/26\\\/academia-manchester-llega-a-espartales-sur\\\/#respond\"]}]},{\"@type\":\"WebPage\",\"@id\":\"https:\\\/\\\/sad.espartales.org\\\/2020\\\/2022\\\/05\\\/26\\\/academia-manchester-llega-a-espartales-sur\\\/\",\"url\":\"https:\\\/\\\/sad.espartales.org\\\/2020\\\/2022\\\/05\\\/26\\\/academia-manchester-llega-a-espartales-sur\\\/\",\"name\":\"Academia Manchester llega a Espartales Sur - S.A.D. A.V. Espartales Sur\",\"isPartOf\":{\"@id\":\"https:\\\/\\\/sad.espartales.org\\\/#website\"},\"primaryImageOfPage\":{\"@id\":\"https:\\\/\\\/sad.espartales.org\\\/2020\\\/2022\\\/05\\\/26\\\/academia-manchester-llega-a-espartales-sur\\\/#primaryimage\"},\"image\":{\"@id\":\"https:\\\/\\\/sad.espartales.org\\\/2020\\\/2022\\\/05\\\/26\\\/academia-manchester-llega-a-espartales-sur\\\/#primaryimage\"},\"thumbnailUrl\":\"https:\\\/\\\/sad.espartales.org\\\/2020\\\/wp-content\\\/uploads\\\/2022\\\/05\\\/Convenio-Academia-Manchester.png\",\"datePublished\":\"2022-05-26T05:42:46+00:00\",\"breadcrumb\":{\"@id\":\"https:\\\/\\\/sad.espartales.org\\\/2020\\\/2022\\\/05\\\/26\\\/academia-manchester-llega-a-espartales-sur\\\/#breadcrumb\"},\"inLanguage\":\"es\",\"potentialAction\":[{\"@type\":\"ReadAction\",\"target\":[\"https:\\\/\\\/sad.espartales.org\\\/2020\\\/2022\\\/05\\\/26\\\/academia-manchester-llega-a-espartales-sur\\\/\"]}]},{\"@type\":\"ImageObject\",\"inLanguage\":\"es\",\"@id\":\"https:\\\/\\\/sad.espartales.org\\\/2020\\\/2022\\\/05\\\/26\\\/academia-manchester-llega-a-espartales-sur\\\/#primaryimage\",\"url\":\"https:\\\/\\\/sad.espartales.org\\\/2020\\\/wp-content\\\/uploads\\\/2022\\\/05\\\/Convenio-Academia-Manchester.png\",\"contentUrl\":\"https:\\\/\\\/sad.espartales.org\\\/2020\\\/wp-content\\\/uploads\\\/2022\\\/05\\\/Convenio-Academia-Manchester.png\",\"width\":2245,\"height\":1587},{\"@type\":\"BreadcrumbList\",\"@id\":\"https:\\\/\\\/sad.espartales.org\\\/2020\\\/2022\\\/05\\\/26\\\/academia-manchester-llega-a-espartales-sur\\\/#breadcrumb\",\"itemListElement\":[{\"@type\":\"ListItem\",\"position\":1,\"name\":\"Portada\",\"item\":\"https:\\\/\\\/sad.espartales.org\\\/\"},{\"@type\":\"ListItem\",\"position\":2,\"name\":\"Academia Manchester llega a Espartales Sur\"}]},{\"@type\":\"WebSite\",\"@id\":\"https:\\\/\\\/sad.espartales.org\\\/#website\",\"url\":\"https:\\\/\\\/sad.espartales.org\\\/\",\"name\":\"S.A.D. A.V. Espartales Sur\",\"description\":\"\",\"publisher\":{\"@id\":\"https:\\\/\\\/sad.espartales.org\\\/#organization\"},\"potentialAction\":[{\"@type\":\"SearchAction\",\"target\":{\"@type\":\"EntryPoint\",\"urlTemplate\":\"https:\\\/\\\/sad.espartales.org\\\/?s={search_term_string}\"},\"query-input\":{\"@type\":\"PropertyValueSpecification\",\"valueRequired\":true,\"valueName\":\"search_term_string\"}}],\"inLanguage\":\"es\"},{\"@type\":\"Organization\",\"@id\":\"https:\\\/\\\/sad.espartales.org\\\/#organization\",\"name\":\"S.A.D. A.V. Espartales Sur\",\"url\":\"https:\\\/\\\/sad.espartales.org\\\/\",\"logo\":{\"@type\":\"ImageObject\",\"inLanguage\":\"es\",\"@id\":\"https:\\\/\\\/sad.espartales.org\\\/#\\\/schema\\\/logo\\\/image\\\/\",\"url\":\"https:\\\/\\\/sad.espartales.org\\\/2020\\\/wp-content\\\/uploads\\\/2021\\\/07\\\/espartales-negro.png\",\"contentUrl\":\"https:\\\/\\\/sad.espartales.org\\\/2020\\\/wp-content\\\/uploads\\\/2021\\\/07\\\/espartales-negro.png\",\"width\":381,\"height\":381,\"caption\":\"S.A.D. A.V. Espartales Sur\"},\"image\":{\"@id\":\"https:\\\/\\\/sad.espartales.org\\\/#\\\/schema\\\/logo\\\/image\\\/\"},\"sameAs\":[\"https:\\\/\\\/www.facebook.com\\\/sad.av.espartales.sur\",\"https:\\\/\\\/x.com\\\/SAD_Espartales\",\"https:\\\/\\\/www.instagram.com\\\/espartalessur\\\/?hl=es\"]},{\"@type\":\"Person\",\"@id\":\"https:\\\/\\\/sad.espartales.org\\\/#\\\/schema\\\/person\\\/046b4d8121764596d186631009da925e\",\"name\":\"Espartales\",\"image\":{\"@type\":\"ImageObject\",\"inLanguage\":\"es\",\"@id\":\"https:\\\/\\\/secure.gravatar.com\\\/avatar\\\/d23e83573ee06f388790d3d652ff35d7a4c992f06b8fb7be39e7f242bfc429bf?s=96&d=mm&r=g\",\"url\":\"https:\\\/\\\/secure.gravatar.com\\\/avatar\\\/d23e83573ee06f388790d3d652ff35d7a4c992f06b8fb7be39e7f242bfc429bf?s=96&d=mm&r=g\",\"contentUrl\":\"https:\\\/\\\/secure.gravatar.com\\\/avatar\\\/d23e83573ee06f388790d3d652ff35d7a4c992f06b8fb7be39e7f242bfc429bf?s=96&d=mm&r=g\",\"caption\":\"Espartales\"},\"sameAs\":[\"http:\\\/\\\/sad.espartales.org\\\/2020\"],\"url\":\"https:\\\/\\\/sad.espartales.org\\\/2020\\\/author\\\/espartales\\\/\"}]}<\/script>\n<!-- \/ Yoast SEO plugin. -->","yoast_head_json":{"title":"Academia Manchester llega a Espartales Sur - S.A.D. A.V. Espartales Sur","robots":{"index":"index","follow":"follow","max-snippet":"max-snippet:-1","max-image-preview":"max-image-preview:large","max-video-preview":"max-video-preview:-1"},"canonical":"https:\/\/sad.espartales.org\/2020\/2022\/05\/26\/academia-manchester-llega-a-espartales-sur\/","og_locale":"es_ES","og_type":"article","og_title":"Academia Manchester llega a Espartales Sur - S.A.D. A.V. Espartales Sur","og_description":"Academia Manchester llega a Alcal\u00e1 de Henares de la mano de Sad Espartales. Ambas entidades...","og_url":"https:\/\/sad.espartales.org\/2020\/2022\/05\/26\/academia-manchester-llega-a-espartales-sur\/","og_site_name":"S.A.D. A.V. Espartales Sur","article_publisher":"https:\/\/www.facebook.com\/sad.av.espartales.sur","article_published_time":"2022-05-26T05:42:46+00:00","og_image":[{"width":1024,"height":724,"url":"https:\/\/sad.espartales.org\/2020\/wp-content\/uploads\/2022\/05\/Convenio-Academia-Manchester-1024x724.png","type":"image\/png"}],"author":"Espartales","twitter_card":"summary_large_image","twitter_creator":"@SAD_Espartales","twitter_site":"@SAD_Espartales","twitter_misc":{"Escrito por":"Espartales"},"schema":{"@context":"https:\/\/schema.org","@graph":[{"@type":"Article","@id":"https:\/\/sad.espartales.org\/2020\/2022\/05\/26\/academia-manchester-llega-a-espartales-sur\/#article","isPartOf":{"@id":"https:\/\/sad.espartales.org\/2020\/2022\/05\/26\/academia-manchester-llega-a-espartales-sur\/"},"author":{"name":"Espartales","@id":"https:\/\/sad.espartales.org\/#\/schema\/person\/046b4d8121764596d186631009da925e"},"headline":"Academia Manchester llega a Espartales Sur","datePublished":"2022-05-26T05:42:46+00:00","mainEntityOfPage":{"@id":"https:\/\/sad.espartales.org\/2020\/2022\/05\/26\/academia-manchester-llega-a-espartales-sur\/"},"wordCount":99,"commentCount":6,"publisher":{"@id":"https:\/\/sad.espartales.org\/#organization"},"image":{"@id":"https:\/\/sad.espartales.org\/2020\/2022\/05\/26\/academia-manchester-llega-a-espartales-sur\/#primaryimage"},"thumbnailUrl":"https:\/\/sad.espartales.org\/2020\/wp-content\/uploads\/2022\/05\/Convenio-Academia-Manchester.png","articleSection":["Colaboradores","Destacadas","RFFM","RRSS","SAD Espartales Sur","Temporada 2022-2023","web"],"inLanguage":"es","potentialAction":[{"@type":"CommentAction","name":"Comment","target":["https:\/\/sad.espartales.org\/2020\/2022\/05\/26\/academia-manchester-llega-a-espartales-sur\/#respond"]}]},{"@type":"WebPage","@id":"https:\/\/sad.espartales.org\/2020\/2022\/05\/26\/academia-manchester-llega-a-espartales-sur\/","url":"https:\/\/sad.espartales.org\/2020\/2022\/05\/26\/academia-manchester-llega-a-espartales-sur\/","name":"Academia Manchester llega a Espartales Sur - S.A.D. A.V. Espartales Sur","isPartOf":{"@id":"https:\/\/sad.espartales.org\/#website"},"primaryImageOfPage":{"@id":"https:\/\/sad.espartales.org\/2020\/2022\/05\/26\/academia-manchester-llega-a-espartales-sur\/#primaryimage"},"image":{"@id":"https:\/\/sad.espartales.org\/2020\/2022\/05\/26\/academia-manchester-llega-a-espartales-sur\/#primaryimage"},"thumbnailUrl":"https:\/\/sad.espartales.org\/2020\/wp-content\/uploads\/2022\/05\/Convenio-Academia-Manchester.png","datePublished":"2022-05-26T05:42:46+00:00","breadcrumb":{"@id":"https:\/\/sad.espartales.org\/2020\/2022\/05\/26\/academia-manchester-llega-a-espartales-sur\/#breadcrumb"},"inLanguage":"es","potentialAction":[{"@type":"ReadAction","target":["https:\/\/sad.espartales.org\/2020\/2022\/05\/26\/academia-manchester-llega-a-espartales-sur\/"]}]},{"@type":"ImageObject","inLanguage":"es","@id":"https:\/\/sad.espartales.org\/2020\/2022\/05\/26\/academia-manchester-llega-a-espartales-sur\/#primaryimage","url":"https:\/\/sad.espartales.org\/2020\/wp-content\/uploads\/2022\/05\/Convenio-Academia-Manchester.png","contentUrl":"https:\/\/sad.espartales.org\/2020\/wp-content\/uploads\/2022\/05\/Convenio-Academia-Manchester.png","width":2245,"height":1587},{"@type":"BreadcrumbList","@id":"https:\/\/sad.espartales.org\/2020\/2022\/05\/26\/academia-manchester-llega-a-espartales-sur\/#breadcrumb","itemListElement":[{"@type":"ListItem","position":1,"name":"Portada","item":"https:\/\/sad.espartales.org\/"},{"@type":"ListItem","position":2,"name":"Academia Manchester llega a Espartales Sur"}]},{"@type":"WebSite","@id":"https:\/\/sad.espartales.org\/#website","url":"https:\/\/sad.espartales.org\/","name":"S.A.D. A.V. Espartales Sur","description":"","publisher":{"@id":"https:\/\/sad.espartales.org\/#organization"},"potentialAction":[{"@type":"SearchAction","target":{"@type":"EntryPoint","urlTemplate":"https:\/\/sad.espartales.org\/?s={search_term_string}"},"query-input":{"@type":"PropertyValueSpecification","valueRequired":true,"valueName":"search_term_string"}}],"inLanguage":"es"},{"@type":"Organization","@id":"https:\/\/sad.espartales.org\/#organization","name":"S.A.D. A.V. Espartales Sur","url":"https:\/\/sad.espartales.org\/","logo":{"@type":"ImageObject","inLanguage":"es","@id":"https:\/\/sad.espartales.org\/#\/schema\/logo\/image\/","url":"https:\/\/sad.espartales.org\/2020\/wp-content\/uploads\/2021\/07\/espartales-negro.png","contentUrl":"https:\/\/sad.espartales.org\/2020\/wp-content\/uploads\/2021\/07\/espartales-negro.png","width":381,"height":381,"caption":"S.A.D. A.V. Espartales Sur"},"image":{"@id":"https:\/\/sad.espartales.org\/#\/schema\/logo\/image\/"},"sameAs":["https:\/\/www.facebook.com\/sad.av.espartales.sur","https:\/\/x.com\/SAD_Espartales","https:\/\/www.instagram.com\/espartalessur\/?hl=es"]},{"@type":"Person","@id":"https:\/\/sad.espartales.org\/#\/schema\/person\/046b4d8121764596d186631009da925e","name":"Espartales","image":{"@type":"ImageObject","inLanguage":"es","@id":"https:\/\/secure.gravatar.com\/avatar\/d23e83573ee06f388790d3d652ff35d7a4c992f06b8fb7be39e7f242bfc429bf?s=96&d=mm&r=g","url":"https:\/\/secure.gravatar.com\/avatar\/d23e83573ee06f388790d3d652ff35d7a4c992f06b8fb7be39e7f242bfc429bf?s=96&d=mm&r=g","contentUrl":"https:\/\/secure.gravatar.com\/avatar\/d23e83573ee06f388790d3d652ff35d7a4c992f06b8fb7be39e7f242bfc429bf?s=96&d=mm&r=g","caption":"Espartales"},"sameAs":["https:\/\/sad.espartales.org\/2020"],"url":"https:\/\/sad.espartales.org\/2020\/author\/espartales\/"}]}},"_links":{"self":[{"href":"https:\/\/sad.espartales.org\/2020\/wp-json\/wp\/v2\/posts\/11901","targetHints":{"allow":["GET"]}}],"collection":[{"href":"https:\/\/sad.espartales.org\/2020\/wp-json\/wp\/v2\/posts"}],"about":[{"href":"https:\/\/sad.espartales.org\/2020\/wp-json\/wp\/v2\/types\/post"}],"author":[{"embeddable":true,"href":"https:\/\/sad.espartales.org\/2020\/wp-json\/wp\/v2\/users\/1"}],"replies":[{"embeddable":true,"href":"https:\/\/sad.espartales.org\/2020\/wp-json\/wp\/v2\/comments?post=11901"}],"version-history":[{"count":1,"href":"https:\/\/sad.espartales.org\/2020\/wp-json\/wp\/v2\/posts\/11901\/revisions"}],"predecessor-version":[{"id":11904,"href":"https:\/\/sad.espartales.org\/2020\/wp-json\/wp\/v2\/posts\/11901\/revisions\/11904"}],"wp:featuredmedia":[{"embeddable":true,"href":"https:\/\/sad.espartales.org\/2020\/wp-json\/wp\/v2\/media\/11903"}],"wp:attachment":[{"href":"https:\/\/sad.espartales.org\/2020\/wp-json\/wp\/v2\/media?parent=11901"}],"wp:term":[{"taxonomy":"category","embeddable":true,"href":"https:\/\/sad.espartales.org\/2020\/wp-json\/wp\/v2\/categories?post=11901"},{"taxonomy":"post_tag","embeddable":true,"href":"https:\/\/sad.espartales.org\/2020\/wp-json\/wp\/v2\/tags?post=11901"}],"curies":[{"name":"wp","href":"https:\/\/api.w.org\/{rel}","templated":true}]}}