{"id":3898,"date":"2020-05-26T06:43:26","date_gmt":"2020-05-26T06:43:26","guid":{"rendered":"https:\/\/sad.espartales.org\/2020\/?p=3898"},"modified":"2020-05-26T13:47:34","modified_gmt":"2020-05-26T13:47:34","slug":"desinfeccion-del-campo-de-futbol-de-espartales-contra-covid19","status":"publish","type":"post","link":"https:\/\/sad.espartales.org\/2020\/2020\/05\/26\/desinfeccion-del-campo-de-futbol-de-espartales-contra-covid19\/","title":{"rendered":"Desinfecci\u00f3n del Campo de F\u00fatbol de Espartales contra COVID19"},"content":{"rendered":"\r\n\r\n\r\n<p>Desde las 8 de la ma\u00f1ana de hoy se est\u00e1 procediendo a la desinfecci\u00f3n de las zonas exteriores del Campo de F\u00fatbol de Espartales.<\/p>\r\n\r\n\r\n\r\n<p>Esta Desinfecci\u00f3n la est\u00e1 realizando el Ayuntamiento de Alcal\u00e1 de Henares a trav\u00e9s de la empresa Valoriza, siendo realizado en las zonas exteriores de las instalaciones, como son Porter\u00edas, Vallas, Fachadas, Columnas de iluminaci\u00f3n, Puertas, Papeleras, Bancos,&#8230;<\/p>\r\n\r\n\r\n\r\n<p>Aunque a\u00fan falta mucho para la reapertura de nuestras instalaciones, este es un primer paso, el cual es una exigencia de la normativa vigente, junto a otras medidas de control y sanidad, y que nunca podr\u00e1 ser antes de la Fase 2, aunque pensamos no podr\u00e1 reabrir se en condiciones \u00f3ptimas hasta el levantamiento del estado de alarma.<\/p>\r\n\r\n\r\n\r\n<p>Habr\u00e1 que realizar un protocolo estricto y de obligado cumplimiento para todos los usuarios de las instalaciones, tanto jugadores como espectadores, que en muchos casos no gustar\u00e1n, pero habr\u00e1 que adoptarlos en beneficio de la salud de la generalidad.<\/p>\r\n\r\n\r\n\r\n<p>Agradecemos al Ayuntamiento est\u00e1 primera desinfecci\u00f3n, siendo el primer paso para que puedan volver a ser utilizadas nuestras instalaciones.<\/p>\r\n<p><img loading=\"lazy\" decoding=\"async\" class=\"alignnone size-medium wp-image-3912\" src=\"https:\/\/sad.espartales.org\/2020\/wp-content\/uploads\/2020\/05\/IMG_20200526_082407-1-225x300.jpg\" alt=\"\" width=\"225\" height=\"300\" srcset=\"https:\/\/sad.espartales.org\/2020\/wp-content\/uploads\/2020\/05\/IMG_20200526_082407-1-225x300.jpg 225w, https:\/\/sad.espartales.org\/2020\/wp-content\/uploads\/2020\/05\/IMG_20200526_082407-1-768x1024.jpg 768w, https:\/\/sad.espartales.org\/2020\/wp-content\/uploads\/2020\/05\/IMG_20200526_082407-1-1152x1536.jpg 1152w, https:\/\/sad.espartales.org\/2020\/wp-content\/uploads\/2020\/05\/IMG_20200526_082407-1-1536x2048.jpg 1536w, https:\/\/sad.espartales.org\/2020\/wp-content\/uploads\/2020\/05\/IMG_20200526_082407-1-96x128.jpg 96w, https:\/\/sad.espartales.org\/2020\/wp-content\/uploads\/2020\/05\/IMG_20200526_082407-1-24x32.jpg 24w, https:\/\/sad.espartales.org\/2020\/wp-content\/uploads\/2020\/05\/IMG_20200526_082407-1-1024x1365.jpg 1024w, https:\/\/sad.espartales.org\/2020\/wp-content\/uploads\/2020\/05\/IMG_20200526_082407-1-scaled.jpg 1920w\" sizes=\"auto, (max-width: 225px) 100vw, 225px\" \/> <img loading=\"lazy\" decoding=\"async\" class=\"alignnone size-medium wp-image-3905\" src=\"https:\/\/sad.espartales.org\/2020\/wp-content\/uploads\/2020\/05\/IMG_20200526_082241-1-225x300.jpg\" alt=\"\" width=\"225\" height=\"300\" srcset=\"https:\/\/sad.espartales.org\/2020\/wp-content\/uploads\/2020\/05\/IMG_20200526_082241-1-225x300.jpg 225w, https:\/\/sad.espartales.org\/2020\/wp-content\/uploads\/2020\/05\/IMG_20200526_082241-1-768x1024.jpg 768w, https:\/\/sad.espartales.org\/2020\/wp-content\/uploads\/2020\/05\/IMG_20200526_082241-1-1152x1536.jpg 1152w, https:\/\/sad.espartales.org\/2020\/wp-content\/uploads\/2020\/05\/IMG_20200526_082241-1-1536x2048.jpg 1536w, https:\/\/sad.espartales.org\/2020\/wp-content\/uploads\/2020\/05\/IMG_20200526_082241-1-96x128.jpg 96w, https:\/\/sad.espartales.org\/2020\/wp-content\/uploads\/2020\/05\/IMG_20200526_082241-1-24x32.jpg 24w, https:\/\/sad.espartales.org\/2020\/wp-content\/uploads\/2020\/05\/IMG_20200526_082241-1-1024x1365.jpg 1024w, https:\/\/sad.espartales.org\/2020\/wp-content\/uploads\/2020\/05\/IMG_20200526_082241-1-scaled.jpg 1920w\" sizes=\"auto, (max-width: 225px) 100vw, 225px\" \/> <img loading=\"lazy\" decoding=\"async\" class=\"alignnone size-medium wp-image-3906\" src=\"https:\/\/sad.espartales.org\/2020\/wp-content\/uploads\/2020\/05\/IMG_20200526_085930-225x300.jpg\" alt=\"\" width=\"225\" height=\"300\" srcset=\"https:\/\/sad.espartales.org\/2020\/wp-content\/uploads\/2020\/05\/IMG_20200526_085930-225x300.jpg 225w, https:\/\/sad.espartales.org\/2020\/wp-content\/uploads\/2020\/05\/IMG_20200526_085930-768x1024.jpg 768w, https:\/\/sad.espartales.org\/2020\/wp-content\/uploads\/2020\/05\/IMG_20200526_085930-1152x1536.jpg 1152w, https:\/\/sad.espartales.org\/2020\/wp-content\/uploads\/2020\/05\/IMG_20200526_085930-1536x2048.jpg 1536w, https:\/\/sad.espartales.org\/2020\/wp-content\/uploads\/2020\/05\/IMG_20200526_085930-96x128.jpg 96w, https:\/\/sad.espartales.org\/2020\/wp-content\/uploads\/2020\/05\/IMG_20200526_085930-24x32.jpg 24w, https:\/\/sad.espartales.org\/2020\/wp-content\/uploads\/2020\/05\/IMG_20200526_085930-1024x1365.jpg 1024w, https:\/\/sad.espartales.org\/2020\/wp-content\/uploads\/2020\/05\/IMG_20200526_085930-scaled.jpg 1920w\" sizes=\"auto, (max-width: 225px) 100vw, 225px\" \/><\/p>\r\n<p>&nbsp;<\/p>\r\n","protected":false},"excerpt":{"rendered":"<p>Desde las 8 de la ma\u00f1ana de hoy se est\u00e1 procediendo a la desinfecci\u00f3n de&#8230;<\/p>\n","protected":false},"author":1,"featured_media":3910,"comment_status":"open","ping_status":"open","sticky":false,"template":"","format":"standard","meta":{"footnotes":""},"categories":[122,130,125,123,124,1,126],"tags":[],"class_list":["post-3898","post","type-post","status-publish","format-standard","has-post-thumbnail","hentry","category-rffm","category-twetter","category-sad-espartales-sur","category-temporada-2019-20","category-temporada-2020-2021","category-uncategorized","category-web"],"yoast_head":"<!-- This site is optimized with the Yoast SEO plugin v27.5 - https:\/\/yoast.com\/product\/yoast-seo-wordpress\/ -->\n<title>Desinfecci\u00f3n del Campo de F\u00fatbol de Espartales contra COVID19 - S.A.D. A.V. Espartales Sur<\/title>\n<meta name=\"robots\" content=\"index, follow, max-snippet:-1, max-image-preview:large, max-video-preview:-1\" \/>\n<link rel=\"canonical\" href=\"https:\/\/sad.espartales.org\/2020\/2020\/05\/26\/desinfeccion-del-campo-de-futbol-de-espartales-contra-covid19\/\" \/>\n<meta property=\"og:locale\" content=\"es_ES\" \/>\n<meta property=\"og:type\" content=\"article\" \/>\n<meta property=\"og:title\" content=\"Desinfecci\u00f3n del Campo de F\u00fatbol de Espartales contra COVID19 - S.A.D. A.V. Espartales Sur\" \/>\n<meta property=\"og:description\" content=\"Desde las 8 de la ma\u00f1ana de hoy se est\u00e1 procediendo a la desinfecci\u00f3n de...\" \/>\n<meta property=\"og:url\" content=\"https:\/\/sad.espartales.org\/2020\/2020\/05\/26\/desinfeccion-del-campo-de-futbol-de-espartales-contra-covid19\/\" \/>\n<meta property=\"og:site_name\" content=\"S.A.D. A.V. Espartales Sur\" \/>\n<meta property=\"article:publisher\" content=\"https:\/\/www.facebook.com\/sad.av.espartales.sur\" \/>\n<meta property=\"article:published_time\" content=\"2020-05-26T06:43:26+00:00\" \/>\n<meta property=\"article:modified_time\" content=\"2020-05-26T13:47:34+00:00\" \/>\n<meta property=\"og:image\" content=\"https:\/\/sad.espartales.org\/2020\/wp-content\/uploads\/2020\/05\/IMG_20200526_085940-1-scaled.jpg\" \/>\n\t<meta property=\"og:image:width\" content=\"1920\" \/>\n\t<meta property=\"og:image:height\" content=\"2560\" \/>\n\t<meta property=\"og:image:type\" content=\"image\/jpeg\" \/>\n<meta name=\"author\" content=\"Espartales\" \/>\n<meta name=\"twitter:card\" content=\"summary_large_image\" \/>\n<meta name=\"twitter:creator\" content=\"@SAD_Espartales\" \/>\n<meta name=\"twitter:site\" content=\"@SAD_Espartales\" \/>\n<meta name=\"twitter:label1\" content=\"Escrito por\" \/>\n\t<meta name=\"twitter:data1\" content=\"Espartales\" \/>\n\t<meta name=\"twitter:label2\" content=\"Tiempo de lectura\" \/>\n\t<meta name=\"twitter:data2\" content=\"1 minuto\" \/>\n<script type=\"application\/ld+json\" class=\"yoast-schema-graph\">{\"@context\":\"https:\\\/\\\/schema.org\",\"@graph\":[{\"@type\":\"Article\",\"@id\":\"https:\\\/\\\/sad.espartales.org\\\/2020\\\/2020\\\/05\\\/26\\\/desinfeccion-del-campo-de-futbol-de-espartales-contra-covid19\\\/#article\",\"isPartOf\":{\"@id\":\"https:\\\/\\\/sad.espartales.org\\\/2020\\\/2020\\\/05\\\/26\\\/desinfeccion-del-campo-de-futbol-de-espartales-contra-covid19\\\/\"},\"author\":{\"name\":\"Espartales\",\"@id\":\"https:\\\/\\\/sad.espartales.org\\\/#\\\/schema\\\/person\\\/046b4d8121764596d186631009da925e\"},\"headline\":\"Desinfecci\u00f3n del Campo de F\u00fatbol de Espartales contra COVID19\",\"datePublished\":\"2020-05-26T06:43:26+00:00\",\"dateModified\":\"2020-05-26T13:47:34+00:00\",\"mainEntityOfPage\":{\"@id\":\"https:\\\/\\\/sad.espartales.org\\\/2020\\\/2020\\\/05\\\/26\\\/desinfeccion-del-campo-de-futbol-de-espartales-contra-covid19\\\/\"},\"wordCount\":197,\"commentCount\":0,\"publisher\":{\"@id\":\"https:\\\/\\\/sad.espartales.org\\\/#organization\"},\"image\":{\"@id\":\"https:\\\/\\\/sad.espartales.org\\\/2020\\\/2020\\\/05\\\/26\\\/desinfeccion-del-campo-de-futbol-de-espartales-contra-covid19\\\/#primaryimage\"},\"thumbnailUrl\":\"https:\\\/\\\/sad.espartales.org\\\/2020\\\/wp-content\\\/uploads\\\/2020\\\/05\\\/IMG_20200526_085940-1-scaled.jpg\",\"articleSection\":[\"RFFM\",\"RRSS\",\"SAD Espartales Sur\",\"Temporada 2019-20\",\"Temporada 2020-2021\",\"Uncategorized\",\"web\"],\"inLanguage\":\"es\",\"potentialAction\":[{\"@type\":\"CommentAction\",\"name\":\"Comment\",\"target\":[\"https:\\\/\\\/sad.espartales.org\\\/2020\\\/2020\\\/05\\\/26\\\/desinfeccion-del-campo-de-futbol-de-espartales-contra-covid19\\\/#respond\"]}]},{\"@type\":\"WebPage\",\"@id\":\"https:\\\/\\\/sad.espartales.org\\\/2020\\\/2020\\\/05\\\/26\\\/desinfeccion-del-campo-de-futbol-de-espartales-contra-covid19\\\/\",\"url\":\"https:\\\/\\\/sad.espartales.org\\\/2020\\\/2020\\\/05\\\/26\\\/desinfeccion-del-campo-de-futbol-de-espartales-contra-covid19\\\/\",\"name\":\"Desinfecci\u00f3n del Campo de F\u00fatbol de Espartales contra COVID19 - S.A.D. A.V. Espartales Sur\",\"isPartOf\":{\"@id\":\"https:\\\/\\\/sad.espartales.org\\\/#website\"},\"primaryImageOfPage\":{\"@id\":\"https:\\\/\\\/sad.espartales.org\\\/2020\\\/2020\\\/05\\\/26\\\/desinfeccion-del-campo-de-futbol-de-espartales-contra-covid19\\\/#primaryimage\"},\"image\":{\"@id\":\"https:\\\/\\\/sad.espartales.org\\\/2020\\\/2020\\\/05\\\/26\\\/desinfeccion-del-campo-de-futbol-de-espartales-contra-covid19\\\/#primaryimage\"},\"thumbnailUrl\":\"https:\\\/\\\/sad.espartales.org\\\/2020\\\/wp-content\\\/uploads\\\/2020\\\/05\\\/IMG_20200526_085940-1-scaled.jpg\",\"datePublished\":\"2020-05-26T06:43:26+00:00\",\"dateModified\":\"2020-05-26T13:47:34+00:00\",\"breadcrumb\":{\"@id\":\"https:\\\/\\\/sad.espartales.org\\\/2020\\\/2020\\\/05\\\/26\\\/desinfeccion-del-campo-de-futbol-de-espartales-contra-covid19\\\/#breadcrumb\"},\"inLanguage\":\"es\",\"potentialAction\":[{\"@type\":\"ReadAction\",\"target\":[\"https:\\\/\\\/sad.espartales.org\\\/2020\\\/2020\\\/05\\\/26\\\/desinfeccion-del-campo-de-futbol-de-espartales-contra-covid19\\\/\"]}]},{\"@type\":\"ImageObject\",\"inLanguage\":\"es\",\"@id\":\"https:\\\/\\\/sad.espartales.org\\\/2020\\\/2020\\\/05\\\/26\\\/desinfeccion-del-campo-de-futbol-de-espartales-contra-covid19\\\/#primaryimage\",\"url\":\"https:\\\/\\\/sad.espartales.org\\\/2020\\\/wp-content\\\/uploads\\\/2020\\\/05\\\/IMG_20200526_085940-1-scaled.jpg\",\"contentUrl\":\"https:\\\/\\\/sad.espartales.org\\\/2020\\\/wp-content\\\/uploads\\\/2020\\\/05\\\/IMG_20200526_085940-1-scaled.jpg\",\"width\":1920,\"height\":2560},{\"@type\":\"BreadcrumbList\",\"@id\":\"https:\\\/\\\/sad.espartales.org\\\/2020\\\/2020\\\/05\\\/26\\\/desinfeccion-del-campo-de-futbol-de-espartales-contra-covid19\\\/#breadcrumb\",\"itemListElement\":[{\"@type\":\"ListItem\",\"position\":1,\"name\":\"Portada\",\"item\":\"https:\\\/\\\/sad.espartales.org\\\/\"},{\"@type\":\"ListItem\",\"position\":2,\"name\":\"Desinfecci\u00f3n del Campo de F\u00fatbol de Espartales contra COVID19\"}]},{\"@type\":\"WebSite\",\"@id\":\"https:\\\/\\\/sad.espartales.org\\\/#website\",\"url\":\"https:\\\/\\\/sad.espartales.org\\\/\",\"name\":\"S.A.D. A.V. Espartales Sur\",\"description\":\"\",\"publisher\":{\"@id\":\"https:\\\/\\\/sad.espartales.org\\\/#organization\"},\"potentialAction\":[{\"@type\":\"SearchAction\",\"target\":{\"@type\":\"EntryPoint\",\"urlTemplate\":\"https:\\\/\\\/sad.espartales.org\\\/?s={search_term_string}\"},\"query-input\":{\"@type\":\"PropertyValueSpecification\",\"valueRequired\":true,\"valueName\":\"search_term_string\"}}],\"inLanguage\":\"es\"},{\"@type\":\"Organization\",\"@id\":\"https:\\\/\\\/sad.espartales.org\\\/#organization\",\"name\":\"S.A.D. A.V. Espartales Sur\",\"url\":\"https:\\\/\\\/sad.espartales.org\\\/\",\"logo\":{\"@type\":\"ImageObject\",\"inLanguage\":\"es\",\"@id\":\"https:\\\/\\\/sad.espartales.org\\\/#\\\/schema\\\/logo\\\/image\\\/\",\"url\":\"https:\\\/\\\/sad.espartales.org\\\/2020\\\/wp-content\\\/uploads\\\/2021\\\/07\\\/espartales-negro.png\",\"contentUrl\":\"https:\\\/\\\/sad.espartales.org\\\/2020\\\/wp-content\\\/uploads\\\/2021\\\/07\\\/espartales-negro.png\",\"width\":381,\"height\":381,\"caption\":\"S.A.D. A.V. Espartales Sur\"},\"image\":{\"@id\":\"https:\\\/\\\/sad.espartales.org\\\/#\\\/schema\\\/logo\\\/image\\\/\"},\"sameAs\":[\"https:\\\/\\\/www.facebook.com\\\/sad.av.espartales.sur\",\"https:\\\/\\\/x.com\\\/SAD_Espartales\",\"https:\\\/\\\/www.instagram.com\\\/espartalessur\\\/?hl=es\"]},{\"@type\":\"Person\",\"@id\":\"https:\\\/\\\/sad.espartales.org\\\/#\\\/schema\\\/person\\\/046b4d8121764596d186631009da925e\",\"name\":\"Espartales\",\"image\":{\"@type\":\"ImageObject\",\"inLanguage\":\"es\",\"@id\":\"https:\\\/\\\/secure.gravatar.com\\\/avatar\\\/d23e83573ee06f388790d3d652ff35d7a4c992f06b8fb7be39e7f242bfc429bf?s=96&d=mm&r=g\",\"url\":\"https:\\\/\\\/secure.gravatar.com\\\/avatar\\\/d23e83573ee06f388790d3d652ff35d7a4c992f06b8fb7be39e7f242bfc429bf?s=96&d=mm&r=g\",\"contentUrl\":\"https:\\\/\\\/secure.gravatar.com\\\/avatar\\\/d23e83573ee06f388790d3d652ff35d7a4c992f06b8fb7be39e7f242bfc429bf?s=96&d=mm&r=g\",\"caption\":\"Espartales\"},\"sameAs\":[\"http:\\\/\\\/sad.espartales.org\\\/2020\"],\"url\":\"https:\\\/\\\/sad.espartales.org\\\/2020\\\/author\\\/espartales\\\/\"}]}<\/script>\n<!-- \/ Yoast SEO plugin. -->","yoast_head_json":{"title":"Desinfecci\u00f3n del Campo de F\u00fatbol de Espartales contra COVID19 - S.A.D. A.V. Espartales Sur","robots":{"index":"index","follow":"follow","max-snippet":"max-snippet:-1","max-image-preview":"max-image-preview:large","max-video-preview":"max-video-preview:-1"},"canonical":"https:\/\/sad.espartales.org\/2020\/2020\/05\/26\/desinfeccion-del-campo-de-futbol-de-espartales-contra-covid19\/","og_locale":"es_ES","og_type":"article","og_title":"Desinfecci\u00f3n del Campo de F\u00fatbol de Espartales contra COVID19 - S.A.D. A.V. Espartales Sur","og_description":"Desde las 8 de la ma\u00f1ana de hoy se est\u00e1 procediendo a la desinfecci\u00f3n de...","og_url":"https:\/\/sad.espartales.org\/2020\/2020\/05\/26\/desinfeccion-del-campo-de-futbol-de-espartales-contra-covid19\/","og_site_name":"S.A.D. A.V. Espartales Sur","article_publisher":"https:\/\/www.facebook.com\/sad.av.espartales.sur","article_published_time":"2020-05-26T06:43:26+00:00","article_modified_time":"2020-05-26T13:47:34+00:00","og_image":[{"width":1920,"height":2560,"url":"https:\/\/sad.espartales.org\/2020\/wp-content\/uploads\/2020\/05\/IMG_20200526_085940-1-scaled.jpg","type":"image\/jpeg"}],"author":"Espartales","twitter_card":"summary_large_image","twitter_creator":"@SAD_Espartales","twitter_site":"@SAD_Espartales","twitter_misc":{"Escrito por":"Espartales","Tiempo de lectura":"1 minuto"},"schema":{"@context":"https:\/\/schema.org","@graph":[{"@type":"Article","@id":"https:\/\/sad.espartales.org\/2020\/2020\/05\/26\/desinfeccion-del-campo-de-futbol-de-espartales-contra-covid19\/#article","isPartOf":{"@id":"https:\/\/sad.espartales.org\/2020\/2020\/05\/26\/desinfeccion-del-campo-de-futbol-de-espartales-contra-covid19\/"},"author":{"name":"Espartales","@id":"https:\/\/sad.espartales.org\/#\/schema\/person\/046b4d8121764596d186631009da925e"},"headline":"Desinfecci\u00f3n del Campo de F\u00fatbol de Espartales contra COVID19","datePublished":"2020-05-26T06:43:26+00:00","dateModified":"2020-05-26T13:47:34+00:00","mainEntityOfPage":{"@id":"https:\/\/sad.espartales.org\/2020\/2020\/05\/26\/desinfeccion-del-campo-de-futbol-de-espartales-contra-covid19\/"},"wordCount":197,"commentCount":0,"publisher":{"@id":"https:\/\/sad.espartales.org\/#organization"},"image":{"@id":"https:\/\/sad.espartales.org\/2020\/2020\/05\/26\/desinfeccion-del-campo-de-futbol-de-espartales-contra-covid19\/#primaryimage"},"thumbnailUrl":"https:\/\/sad.espartales.org\/2020\/wp-content\/uploads\/2020\/05\/IMG_20200526_085940-1-scaled.jpg","articleSection":["RFFM","RRSS","SAD Espartales Sur","Temporada 2019-20","Temporada 2020-2021","Uncategorized","web"],"inLanguage":"es","potentialAction":[{"@type":"CommentAction","name":"Comment","target":["https:\/\/sad.espartales.org\/2020\/2020\/05\/26\/desinfeccion-del-campo-de-futbol-de-espartales-contra-covid19\/#respond"]}]},{"@type":"WebPage","@id":"https:\/\/sad.espartales.org\/2020\/2020\/05\/26\/desinfeccion-del-campo-de-futbol-de-espartales-contra-covid19\/","url":"https:\/\/sad.espartales.org\/2020\/2020\/05\/26\/desinfeccion-del-campo-de-futbol-de-espartales-contra-covid19\/","name":"Desinfecci\u00f3n del Campo de F\u00fatbol de Espartales contra COVID19 - S.A.D. A.V. Espartales Sur","isPartOf":{"@id":"https:\/\/sad.espartales.org\/#website"},"primaryImageOfPage":{"@id":"https:\/\/sad.espartales.org\/2020\/2020\/05\/26\/desinfeccion-del-campo-de-futbol-de-espartales-contra-covid19\/#primaryimage"},"image":{"@id":"https:\/\/sad.espartales.org\/2020\/2020\/05\/26\/desinfeccion-del-campo-de-futbol-de-espartales-contra-covid19\/#primaryimage"},"thumbnailUrl":"https:\/\/sad.espartales.org\/2020\/wp-content\/uploads\/2020\/05\/IMG_20200526_085940-1-scaled.jpg","datePublished":"2020-05-26T06:43:26+00:00","dateModified":"2020-05-26T13:47:34+00:00","breadcrumb":{"@id":"https:\/\/sad.espartales.org\/2020\/2020\/05\/26\/desinfeccion-del-campo-de-futbol-de-espartales-contra-covid19\/#breadcrumb"},"inLanguage":"es","potentialAction":[{"@type":"ReadAction","target":["https:\/\/sad.espartales.org\/2020\/2020\/05\/26\/desinfeccion-del-campo-de-futbol-de-espartales-contra-covid19\/"]}]},{"@type":"ImageObject","inLanguage":"es","@id":"https:\/\/sad.espartales.org\/2020\/2020\/05\/26\/desinfeccion-del-campo-de-futbol-de-espartales-contra-covid19\/#primaryimage","url":"https:\/\/sad.espartales.org\/2020\/wp-content\/uploads\/2020\/05\/IMG_20200526_085940-1-scaled.jpg","contentUrl":"https:\/\/sad.espartales.org\/2020\/wp-content\/uploads\/2020\/05\/IMG_20200526_085940-1-scaled.jpg","width":1920,"height":2560},{"@type":"BreadcrumbList","@id":"https:\/\/sad.espartales.org\/2020\/2020\/05\/26\/desinfeccion-del-campo-de-futbol-de-espartales-contra-covid19\/#breadcrumb","itemListElement":[{"@type":"ListItem","position":1,"name":"Portada","item":"https:\/\/sad.espartales.org\/"},{"@type":"ListItem","position":2,"name":"Desinfecci\u00f3n del Campo de F\u00fatbol de Espartales contra COVID19"}]},{"@type":"WebSite","@id":"https:\/\/sad.espartales.org\/#website","url":"https:\/\/sad.espartales.org\/","name":"S.A.D. A.V. Espartales Sur","description":"","publisher":{"@id":"https:\/\/sad.espartales.org\/#organization"},"potentialAction":[{"@type":"SearchAction","target":{"@type":"EntryPoint","urlTemplate":"https:\/\/sad.espartales.org\/?s={search_term_string}"},"query-input":{"@type":"PropertyValueSpecification","valueRequired":true,"valueName":"search_term_string"}}],"inLanguage":"es"},{"@type":"Organization","@id":"https:\/\/sad.espartales.org\/#organization","name":"S.A.D. A.V. Espartales Sur","url":"https:\/\/sad.espartales.org\/","logo":{"@type":"ImageObject","inLanguage":"es","@id":"https:\/\/sad.espartales.org\/#\/schema\/logo\/image\/","url":"https:\/\/sad.espartales.org\/2020\/wp-content\/uploads\/2021\/07\/espartales-negro.png","contentUrl":"https:\/\/sad.espartales.org\/2020\/wp-content\/uploads\/2021\/07\/espartales-negro.png","width":381,"height":381,"caption":"S.A.D. A.V. Espartales Sur"},"image":{"@id":"https:\/\/sad.espartales.org\/#\/schema\/logo\/image\/"},"sameAs":["https:\/\/www.facebook.com\/sad.av.espartales.sur","https:\/\/x.com\/SAD_Espartales","https:\/\/www.instagram.com\/espartalessur\/?hl=es"]},{"@type":"Person","@id":"https:\/\/sad.espartales.org\/#\/schema\/person\/046b4d8121764596d186631009da925e","name":"Espartales","image":{"@type":"ImageObject","inLanguage":"es","@id":"https:\/\/secure.gravatar.com\/avatar\/d23e83573ee06f388790d3d652ff35d7a4c992f06b8fb7be39e7f242bfc429bf?s=96&d=mm&r=g","url":"https:\/\/secure.gravatar.com\/avatar\/d23e83573ee06f388790d3d652ff35d7a4c992f06b8fb7be39e7f242bfc429bf?s=96&d=mm&r=g","contentUrl":"https:\/\/secure.gravatar.com\/avatar\/d23e83573ee06f388790d3d652ff35d7a4c992f06b8fb7be39e7f242bfc429bf?s=96&d=mm&r=g","caption":"Espartales"},"sameAs":["https:\/\/sad.espartales.org\/2020"],"url":"https:\/\/sad.espartales.org\/2020\/author\/espartales\/"}]}},"_links":{"self":[{"href":"https:\/\/sad.espartales.org\/2020\/wp-json\/wp\/v2\/posts\/3898","targetHints":{"allow":["GET"]}}],"collection":[{"href":"https:\/\/sad.espartales.org\/2020\/wp-json\/wp\/v2\/posts"}],"about":[{"href":"https:\/\/sad.espartales.org\/2020\/wp-json\/wp\/v2\/types\/post"}],"author":[{"embeddable":true,"href":"https:\/\/sad.espartales.org\/2020\/wp-json\/wp\/v2\/users\/1"}],"replies":[{"embeddable":true,"href":"https:\/\/sad.espartales.org\/2020\/wp-json\/wp\/v2\/comments?post=3898"}],"version-history":[{"count":4,"href":"https:\/\/sad.espartales.org\/2020\/wp-json\/wp\/v2\/posts\/3898\/revisions"}],"predecessor-version":[{"id":3915,"href":"https:\/\/sad.espartales.org\/2020\/wp-json\/wp\/v2\/posts\/3898\/revisions\/3915"}],"wp:featuredmedia":[{"embeddable":true,"href":"https:\/\/sad.espartales.org\/2020\/wp-json\/wp\/v2\/media\/3910"}],"wp:attachment":[{"href":"https:\/\/sad.espartales.org\/2020\/wp-json\/wp\/v2\/media?parent=3898"}],"wp:term":[{"taxonomy":"category","embeddable":true,"href":"https:\/\/sad.espartales.org\/2020\/wp-json\/wp\/v2\/categories?post=3898"},{"taxonomy":"post_tag","embeddable":true,"href":"https:\/\/sad.espartales.org\/2020\/wp-json\/wp\/v2\/tags?post=3898"}],"curies":[{"name":"wp","href":"https:\/\/api.w.org\/{rel}","templated":true}]}}