{"id":4133,"date":"2020-06-21T10:33:49","date_gmt":"2020-06-21T10:33:49","guid":{"rendered":"https:\/\/sad.espartales.org\/2020\/?p=4133"},"modified":"2020-06-21T10:33:49","modified_gmt":"2020-06-21T10:33:49","slug":"reparacion-puertas-de-entrada","status":"publish","type":"post","link":"https:\/\/sad.espartales.org\/2020\/2020\/06\/21\/reparacion-puertas-de-entrada\/","title":{"rendered":"Reparaci\u00f3n puertas de entrada"},"content":{"rendered":"<p>Durante este fin de semana se ha reparado y reforzado la puerta de entrada a nuestras instalaciones que hace unas fechas hab\u00eda terminado de ser violentada por un grupo de mas de 25 personas se hab\u00eda introducido a nuestro campo sin ning\u00fan tipo de permiso, asaltando el mismo y sin respetar las normas de confinamiento referentes a distancia social, uso de mascarilla, uso de instalaciones, compartici\u00f3n de elementos, numero de personas reunidas,&#8230; de lo que levant\u00f3 acta la policia local que actu\u00f3 en este incidente.<\/p>\n<p>Est\u00e1 situaci\u00f3n nos ha obligado a reparar y reforzar la seguridad de la puerta de acceso, as\u00ed como a tener que volver a desinfectar las instalaciones nuevamente antes del inicio, cuando la situaci\u00f3n lo permita, de los entrenamientos.<\/p>\n<p>Esperamos que no se produzca ning\u00fan nuevo asalto a nuestras instalaciones, para lo cual aumentaremos las medidas de seguridad y avisos a las autoridades.<\/p>\n<div id='gallery-1' class='gallery galleryid-4133 gallery-columns-3 gallery-size-thumbnail'><figure class='gallery-item'>\n\t\t\t<div class='gallery-icon portrait'>\n\t\t\t\t<a href='https:\/\/sad.espartales.org\/2020\/img-20200619-wa0003-jpg\/'><img loading=\"lazy\" decoding=\"async\" width=\"150\" height=\"150\" src=\"https:\/\/sad.espartales.org\/2020\/wp-content\/uploads\/2020\/06\/IMG-20200619-WA0003-150x150.jpg\" class=\"attachment-thumbnail size-thumbnail\" alt=\"\" srcset=\"https:\/\/sad.espartales.org\/2020\/wp-content\/uploads\/2020\/06\/IMG-20200619-WA0003-150x150.jpg 150w, https:\/\/sad.espartales.org\/2020\/wp-content\/uploads\/2020\/06\/IMG-20200619-WA0003-300x300.jpg 300w\" sizes=\"auto, (max-width: 150px) 100vw, 150px\" \/><\/a>\n\t\t\t<\/div><\/figure><figure class='gallery-item'>\n\t\t\t<div class='gallery-icon portrait'>\n\t\t\t\t<a href='https:\/\/sad.espartales.org\/2020\/img-20200619-wa0001-jpg\/'><img loading=\"lazy\" decoding=\"async\" width=\"150\" height=\"150\" src=\"https:\/\/sad.espartales.org\/2020\/wp-content\/uploads\/2020\/06\/IMG-20200619-WA0001-150x150.jpg\" class=\"attachment-thumbnail size-thumbnail\" alt=\"\" srcset=\"https:\/\/sad.espartales.org\/2020\/wp-content\/uploads\/2020\/06\/IMG-20200619-WA0001-150x150.jpg 150w, https:\/\/sad.espartales.org\/2020\/wp-content\/uploads\/2020\/06\/IMG-20200619-WA0001-300x300.jpg 300w\" sizes=\"auto, (max-width: 150px) 100vw, 150px\" \/><\/a>\n\t\t\t<\/div><\/figure>\n\t\t<\/div>\n\n","protected":false},"excerpt":{"rendered":"<p>Durante este fin de semana se ha reparado y reforzado la puerta de entrada a&#8230;<\/p>\n","protected":false},"author":1,"featured_media":4135,"comment_status":"open","ping_status":"open","sticky":false,"template":"","format":"standard","meta":{"footnotes":""},"categories":[125,124,1],"tags":[],"class_list":["post-4133","post","type-post","status-publish","format-standard","has-post-thumbnail","hentry","category-sad-espartales-sur","category-temporada-2020-2021","category-uncategorized"],"yoast_head":"<!-- This site is optimized with the Yoast SEO plugin v27.5 - https:\/\/yoast.com\/product\/yoast-seo-wordpress\/ -->\n<title>Reparaci\u00f3n puertas de entrada - S.A.D. A.V. Espartales Sur<\/title>\n<meta name=\"robots\" content=\"index, follow, max-snippet:-1, max-image-preview:large, max-video-preview:-1\" \/>\n<link rel=\"canonical\" href=\"https:\/\/sad.espartales.org\/2020\/2020\/06\/21\/reparacion-puertas-de-entrada\/\" \/>\n<meta property=\"og:locale\" content=\"es_ES\" \/>\n<meta property=\"og:type\" content=\"article\" \/>\n<meta property=\"og:title\" content=\"Reparaci\u00f3n puertas de entrada - S.A.D. A.V. Espartales Sur\" \/>\n<meta property=\"og:description\" content=\"Durante este fin de semana se ha reparado y reforzado la puerta de entrada a...\" \/>\n<meta property=\"og:url\" content=\"https:\/\/sad.espartales.org\/2020\/2020\/06\/21\/reparacion-puertas-de-entrada\/\" \/>\n<meta property=\"og:site_name\" content=\"S.A.D. A.V. Espartales Sur\" \/>\n<meta property=\"article:publisher\" content=\"https:\/\/www.facebook.com\/sad.av.espartales.sur\" \/>\n<meta property=\"article:published_time\" content=\"2020-06-21T10:33:49+00:00\" \/>\n<meta property=\"og:image\" content=\"https:\/\/sad.espartales.org\/2020\/wp-content\/uploads\/2020\/06\/curso-auditor-interno-iso-45001-2018.png\" \/>\n\t<meta property=\"og:image:width\" content=\"348\" \/>\n\t<meta property=\"og:image:height\" content=\"220\" \/>\n\t<meta property=\"og:image:type\" content=\"image\/png\" \/>\n<meta name=\"author\" content=\"Espartales\" \/>\n<meta name=\"twitter:card\" content=\"summary_large_image\" \/>\n<meta name=\"twitter:creator\" content=\"@SAD_Espartales\" \/>\n<meta name=\"twitter:site\" content=\"@SAD_Espartales\" \/>\n<meta name=\"twitter:label1\" content=\"Escrito por\" \/>\n\t<meta name=\"twitter:data1\" content=\"Espartales\" \/>\n\t<meta name=\"twitter:label2\" content=\"Tiempo de lectura\" \/>\n\t<meta name=\"twitter:data2\" content=\"1 minuto\" \/>\n<script type=\"application\/ld+json\" class=\"yoast-schema-graph\">{\"@context\":\"https:\\\/\\\/schema.org\",\"@graph\":[{\"@type\":\"Article\",\"@id\":\"https:\\\/\\\/sad.espartales.org\\\/2020\\\/2020\\\/06\\\/21\\\/reparacion-puertas-de-entrada\\\/#article\",\"isPartOf\":{\"@id\":\"https:\\\/\\\/sad.espartales.org\\\/2020\\\/2020\\\/06\\\/21\\\/reparacion-puertas-de-entrada\\\/\"},\"author\":{\"name\":\"Espartales\",\"@id\":\"https:\\\/\\\/sad.espartales.org\\\/#\\\/schema\\\/person\\\/046b4d8121764596d186631009da925e\"},\"headline\":\"Reparaci\u00f3n puertas de entrada\",\"datePublished\":\"2020-06-21T10:33:49+00:00\",\"mainEntityOfPage\":{\"@id\":\"https:\\\/\\\/sad.espartales.org\\\/2020\\\/2020\\\/06\\\/21\\\/reparacion-puertas-de-entrada\\\/\"},\"wordCount\":160,\"commentCount\":0,\"publisher\":{\"@id\":\"https:\\\/\\\/sad.espartales.org\\\/#organization\"},\"image\":{\"@id\":\"https:\\\/\\\/sad.espartales.org\\\/2020\\\/2020\\\/06\\\/21\\\/reparacion-puertas-de-entrada\\\/#primaryimage\"},\"thumbnailUrl\":\"https:\\\/\\\/sad.espartales.org\\\/2020\\\/wp-content\\\/uploads\\\/2020\\\/06\\\/curso-auditor-interno-iso-45001-2018.png\",\"articleSection\":[\"SAD Espartales Sur\",\"Temporada 2020-2021\",\"Uncategorized\"],\"inLanguage\":\"es\",\"potentialAction\":[{\"@type\":\"CommentAction\",\"name\":\"Comment\",\"target\":[\"https:\\\/\\\/sad.espartales.org\\\/2020\\\/2020\\\/06\\\/21\\\/reparacion-puertas-de-entrada\\\/#respond\"]}]},{\"@type\":\"WebPage\",\"@id\":\"https:\\\/\\\/sad.espartales.org\\\/2020\\\/2020\\\/06\\\/21\\\/reparacion-puertas-de-entrada\\\/\",\"url\":\"https:\\\/\\\/sad.espartales.org\\\/2020\\\/2020\\\/06\\\/21\\\/reparacion-puertas-de-entrada\\\/\",\"name\":\"Reparaci\u00f3n puertas de entrada - S.A.D. A.V. Espartales Sur\",\"isPartOf\":{\"@id\":\"https:\\\/\\\/sad.espartales.org\\\/#website\"},\"primaryImageOfPage\":{\"@id\":\"https:\\\/\\\/sad.espartales.org\\\/2020\\\/2020\\\/06\\\/21\\\/reparacion-puertas-de-entrada\\\/#primaryimage\"},\"image\":{\"@id\":\"https:\\\/\\\/sad.espartales.org\\\/2020\\\/2020\\\/06\\\/21\\\/reparacion-puertas-de-entrada\\\/#primaryimage\"},\"thumbnailUrl\":\"https:\\\/\\\/sad.espartales.org\\\/2020\\\/wp-content\\\/uploads\\\/2020\\\/06\\\/curso-auditor-interno-iso-45001-2018.png\",\"datePublished\":\"2020-06-21T10:33:49+00:00\",\"breadcrumb\":{\"@id\":\"https:\\\/\\\/sad.espartales.org\\\/2020\\\/2020\\\/06\\\/21\\\/reparacion-puertas-de-entrada\\\/#breadcrumb\"},\"inLanguage\":\"es\",\"potentialAction\":[{\"@type\":\"ReadAction\",\"target\":[\"https:\\\/\\\/sad.espartales.org\\\/2020\\\/2020\\\/06\\\/21\\\/reparacion-puertas-de-entrada\\\/\"]}]},{\"@type\":\"ImageObject\",\"inLanguage\":\"es\",\"@id\":\"https:\\\/\\\/sad.espartales.org\\\/2020\\\/2020\\\/06\\\/21\\\/reparacion-puertas-de-entrada\\\/#primaryimage\",\"url\":\"https:\\\/\\\/sad.espartales.org\\\/2020\\\/wp-content\\\/uploads\\\/2020\\\/06\\\/curso-auditor-interno-iso-45001-2018.png\",\"contentUrl\":\"https:\\\/\\\/sad.espartales.org\\\/2020\\\/wp-content\\\/uploads\\\/2020\\\/06\\\/curso-auditor-interno-iso-45001-2018.png\",\"width\":348,\"height\":220},{\"@type\":\"BreadcrumbList\",\"@id\":\"https:\\\/\\\/sad.espartales.org\\\/2020\\\/2020\\\/06\\\/21\\\/reparacion-puertas-de-entrada\\\/#breadcrumb\",\"itemListElement\":[{\"@type\":\"ListItem\",\"position\":1,\"name\":\"Portada\",\"item\":\"https:\\\/\\\/sad.espartales.org\\\/\"},{\"@type\":\"ListItem\",\"position\":2,\"name\":\"Reparaci\u00f3n puertas de entrada\"}]},{\"@type\":\"WebSite\",\"@id\":\"https:\\\/\\\/sad.espartales.org\\\/#website\",\"url\":\"https:\\\/\\\/sad.espartales.org\\\/\",\"name\":\"S.A.D. A.V. Espartales Sur\",\"description\":\"\",\"publisher\":{\"@id\":\"https:\\\/\\\/sad.espartales.org\\\/#organization\"},\"potentialAction\":[{\"@type\":\"SearchAction\",\"target\":{\"@type\":\"EntryPoint\",\"urlTemplate\":\"https:\\\/\\\/sad.espartales.org\\\/?s={search_term_string}\"},\"query-input\":{\"@type\":\"PropertyValueSpecification\",\"valueRequired\":true,\"valueName\":\"search_term_string\"}}],\"inLanguage\":\"es\"},{\"@type\":\"Organization\",\"@id\":\"https:\\\/\\\/sad.espartales.org\\\/#organization\",\"name\":\"S.A.D. A.V. Espartales Sur\",\"url\":\"https:\\\/\\\/sad.espartales.org\\\/\",\"logo\":{\"@type\":\"ImageObject\",\"inLanguage\":\"es\",\"@id\":\"https:\\\/\\\/sad.espartales.org\\\/#\\\/schema\\\/logo\\\/image\\\/\",\"url\":\"https:\\\/\\\/sad.espartales.org\\\/2020\\\/wp-content\\\/uploads\\\/2021\\\/07\\\/espartales-negro.png\",\"contentUrl\":\"https:\\\/\\\/sad.espartales.org\\\/2020\\\/wp-content\\\/uploads\\\/2021\\\/07\\\/espartales-negro.png\",\"width\":381,\"height\":381,\"caption\":\"S.A.D. A.V. Espartales Sur\"},\"image\":{\"@id\":\"https:\\\/\\\/sad.espartales.org\\\/#\\\/schema\\\/logo\\\/image\\\/\"},\"sameAs\":[\"https:\\\/\\\/www.facebook.com\\\/sad.av.espartales.sur\",\"https:\\\/\\\/x.com\\\/SAD_Espartales\",\"https:\\\/\\\/www.instagram.com\\\/espartalessur\\\/?hl=es\"]},{\"@type\":\"Person\",\"@id\":\"https:\\\/\\\/sad.espartales.org\\\/#\\\/schema\\\/person\\\/046b4d8121764596d186631009da925e\",\"name\":\"Espartales\",\"image\":{\"@type\":\"ImageObject\",\"inLanguage\":\"es\",\"@id\":\"https:\\\/\\\/secure.gravatar.com\\\/avatar\\\/d23e83573ee06f388790d3d652ff35d7a4c992f06b8fb7be39e7f242bfc429bf?s=96&d=mm&r=g\",\"url\":\"https:\\\/\\\/secure.gravatar.com\\\/avatar\\\/d23e83573ee06f388790d3d652ff35d7a4c992f06b8fb7be39e7f242bfc429bf?s=96&d=mm&r=g\",\"contentUrl\":\"https:\\\/\\\/secure.gravatar.com\\\/avatar\\\/d23e83573ee06f388790d3d652ff35d7a4c992f06b8fb7be39e7f242bfc429bf?s=96&d=mm&r=g\",\"caption\":\"Espartales\"},\"sameAs\":[\"http:\\\/\\\/sad.espartales.org\\\/2020\"],\"url\":\"https:\\\/\\\/sad.espartales.org\\\/2020\\\/author\\\/espartales\\\/\"}]}<\/script>\n<!-- \/ Yoast SEO plugin. -->","yoast_head_json":{"title":"Reparaci\u00f3n puertas de entrada - S.A.D. A.V. Espartales Sur","robots":{"index":"index","follow":"follow","max-snippet":"max-snippet:-1","max-image-preview":"max-image-preview:large","max-video-preview":"max-video-preview:-1"},"canonical":"https:\/\/sad.espartales.org\/2020\/2020\/06\/21\/reparacion-puertas-de-entrada\/","og_locale":"es_ES","og_type":"article","og_title":"Reparaci\u00f3n puertas de entrada - S.A.D. A.V. Espartales Sur","og_description":"Durante este fin de semana se ha reparado y reforzado la puerta de entrada a...","og_url":"https:\/\/sad.espartales.org\/2020\/2020\/06\/21\/reparacion-puertas-de-entrada\/","og_site_name":"S.A.D. A.V. Espartales Sur","article_publisher":"https:\/\/www.facebook.com\/sad.av.espartales.sur","article_published_time":"2020-06-21T10:33:49+00:00","og_image":[{"width":348,"height":220,"url":"https:\/\/sad.espartales.org\/2020\/wp-content\/uploads\/2020\/06\/curso-auditor-interno-iso-45001-2018.png","type":"image\/png"}],"author":"Espartales","twitter_card":"summary_large_image","twitter_creator":"@SAD_Espartales","twitter_site":"@SAD_Espartales","twitter_misc":{"Escrito por":"Espartales","Tiempo de lectura":"1 minuto"},"schema":{"@context":"https:\/\/schema.org","@graph":[{"@type":"Article","@id":"https:\/\/sad.espartales.org\/2020\/2020\/06\/21\/reparacion-puertas-de-entrada\/#article","isPartOf":{"@id":"https:\/\/sad.espartales.org\/2020\/2020\/06\/21\/reparacion-puertas-de-entrada\/"},"author":{"name":"Espartales","@id":"https:\/\/sad.espartales.org\/#\/schema\/person\/046b4d8121764596d186631009da925e"},"headline":"Reparaci\u00f3n puertas de entrada","datePublished":"2020-06-21T10:33:49+00:00","mainEntityOfPage":{"@id":"https:\/\/sad.espartales.org\/2020\/2020\/06\/21\/reparacion-puertas-de-entrada\/"},"wordCount":160,"commentCount":0,"publisher":{"@id":"https:\/\/sad.espartales.org\/#organization"},"image":{"@id":"https:\/\/sad.espartales.org\/2020\/2020\/06\/21\/reparacion-puertas-de-entrada\/#primaryimage"},"thumbnailUrl":"https:\/\/sad.espartales.org\/2020\/wp-content\/uploads\/2020\/06\/curso-auditor-interno-iso-45001-2018.png","articleSection":["SAD Espartales Sur","Temporada 2020-2021","Uncategorized"],"inLanguage":"es","potentialAction":[{"@type":"CommentAction","name":"Comment","target":["https:\/\/sad.espartales.org\/2020\/2020\/06\/21\/reparacion-puertas-de-entrada\/#respond"]}]},{"@type":"WebPage","@id":"https:\/\/sad.espartales.org\/2020\/2020\/06\/21\/reparacion-puertas-de-entrada\/","url":"https:\/\/sad.espartales.org\/2020\/2020\/06\/21\/reparacion-puertas-de-entrada\/","name":"Reparaci\u00f3n puertas de entrada - S.A.D. A.V. Espartales Sur","isPartOf":{"@id":"https:\/\/sad.espartales.org\/#website"},"primaryImageOfPage":{"@id":"https:\/\/sad.espartales.org\/2020\/2020\/06\/21\/reparacion-puertas-de-entrada\/#primaryimage"},"image":{"@id":"https:\/\/sad.espartales.org\/2020\/2020\/06\/21\/reparacion-puertas-de-entrada\/#primaryimage"},"thumbnailUrl":"https:\/\/sad.espartales.org\/2020\/wp-content\/uploads\/2020\/06\/curso-auditor-interno-iso-45001-2018.png","datePublished":"2020-06-21T10:33:49+00:00","breadcrumb":{"@id":"https:\/\/sad.espartales.org\/2020\/2020\/06\/21\/reparacion-puertas-de-entrada\/#breadcrumb"},"inLanguage":"es","potentialAction":[{"@type":"ReadAction","target":["https:\/\/sad.espartales.org\/2020\/2020\/06\/21\/reparacion-puertas-de-entrada\/"]}]},{"@type":"ImageObject","inLanguage":"es","@id":"https:\/\/sad.espartales.org\/2020\/2020\/06\/21\/reparacion-puertas-de-entrada\/#primaryimage","url":"https:\/\/sad.espartales.org\/2020\/wp-content\/uploads\/2020\/06\/curso-auditor-interno-iso-45001-2018.png","contentUrl":"https:\/\/sad.espartales.org\/2020\/wp-content\/uploads\/2020\/06\/curso-auditor-interno-iso-45001-2018.png","width":348,"height":220},{"@type":"BreadcrumbList","@id":"https:\/\/sad.espartales.org\/2020\/2020\/06\/21\/reparacion-puertas-de-entrada\/#breadcrumb","itemListElement":[{"@type":"ListItem","position":1,"name":"Portada","item":"https:\/\/sad.espartales.org\/"},{"@type":"ListItem","position":2,"name":"Reparaci\u00f3n puertas de entrada"}]},{"@type":"WebSite","@id":"https:\/\/sad.espartales.org\/#website","url":"https:\/\/sad.espartales.org\/","name":"S.A.D. A.V. Espartales Sur","description":"","publisher":{"@id":"https:\/\/sad.espartales.org\/#organization"},"potentialAction":[{"@type":"SearchAction","target":{"@type":"EntryPoint","urlTemplate":"https:\/\/sad.espartales.org\/?s={search_term_string}"},"query-input":{"@type":"PropertyValueSpecification","valueRequired":true,"valueName":"search_term_string"}}],"inLanguage":"es"},{"@type":"Organization","@id":"https:\/\/sad.espartales.org\/#organization","name":"S.A.D. A.V. Espartales Sur","url":"https:\/\/sad.espartales.org\/","logo":{"@type":"ImageObject","inLanguage":"es","@id":"https:\/\/sad.espartales.org\/#\/schema\/logo\/image\/","url":"https:\/\/sad.espartales.org\/2020\/wp-content\/uploads\/2021\/07\/espartales-negro.png","contentUrl":"https:\/\/sad.espartales.org\/2020\/wp-content\/uploads\/2021\/07\/espartales-negro.png","width":381,"height":381,"caption":"S.A.D. A.V. Espartales Sur"},"image":{"@id":"https:\/\/sad.espartales.org\/#\/schema\/logo\/image\/"},"sameAs":["https:\/\/www.facebook.com\/sad.av.espartales.sur","https:\/\/x.com\/SAD_Espartales","https:\/\/www.instagram.com\/espartalessur\/?hl=es"]},{"@type":"Person","@id":"https:\/\/sad.espartales.org\/#\/schema\/person\/046b4d8121764596d186631009da925e","name":"Espartales","image":{"@type":"ImageObject","inLanguage":"es","@id":"https:\/\/secure.gravatar.com\/avatar\/d23e83573ee06f388790d3d652ff35d7a4c992f06b8fb7be39e7f242bfc429bf?s=96&d=mm&r=g","url":"https:\/\/secure.gravatar.com\/avatar\/d23e83573ee06f388790d3d652ff35d7a4c992f06b8fb7be39e7f242bfc429bf?s=96&d=mm&r=g","contentUrl":"https:\/\/secure.gravatar.com\/avatar\/d23e83573ee06f388790d3d652ff35d7a4c992f06b8fb7be39e7f242bfc429bf?s=96&d=mm&r=g","caption":"Espartales"},"sameAs":["https:\/\/sad.espartales.org\/2020"],"url":"https:\/\/sad.espartales.org\/2020\/author\/espartales\/"}]}},"_links":{"self":[{"href":"https:\/\/sad.espartales.org\/2020\/wp-json\/wp\/v2\/posts\/4133","targetHints":{"allow":["GET"]}}],"collection":[{"href":"https:\/\/sad.espartales.org\/2020\/wp-json\/wp\/v2\/posts"}],"about":[{"href":"https:\/\/sad.espartales.org\/2020\/wp-json\/wp\/v2\/types\/post"}],"author":[{"embeddable":true,"href":"https:\/\/sad.espartales.org\/2020\/wp-json\/wp\/v2\/users\/1"}],"replies":[{"embeddable":true,"href":"https:\/\/sad.espartales.org\/2020\/wp-json\/wp\/v2\/comments?post=4133"}],"version-history":[{"count":1,"href":"https:\/\/sad.espartales.org\/2020\/wp-json\/wp\/v2\/posts\/4133\/revisions"}],"predecessor-version":[{"id":4134,"href":"https:\/\/sad.espartales.org\/2020\/wp-json\/wp\/v2\/posts\/4133\/revisions\/4134"}],"wp:featuredmedia":[{"embeddable":true,"href":"https:\/\/sad.espartales.org\/2020\/wp-json\/wp\/v2\/media\/4135"}],"wp:attachment":[{"href":"https:\/\/sad.espartales.org\/2020\/wp-json\/wp\/v2\/media?parent=4133"}],"wp:term":[{"taxonomy":"category","embeddable":true,"href":"https:\/\/sad.espartales.org\/2020\/wp-json\/wp\/v2\/categories?post=4133"},{"taxonomy":"post_tag","embeddable":true,"href":"https:\/\/sad.espartales.org\/2020\/wp-json\/wp\/v2\/tags?post=4133"}],"curies":[{"name":"wp","href":"https:\/\/api.w.org\/{rel}","templated":true}]}}