{"id":6113,"date":"2021-05-26T14:10:45","date_gmt":"2021-05-26T14:10:45","guid":{"rendered":"https:\/\/sad.espartales.org\/2020\/?p=6113"},"modified":"2021-06-02T14:26:31","modified_gmt":"2021-06-02T14:26:31","slug":"torneo-copa-soccer-revolution","status":"publish","type":"post","link":"https:\/\/sad.espartales.org\/2020\/2021\/05\/26\/torneo-copa-soccer-revolution\/","title":{"rendered":"Torneo Copa Soccer Revolution"},"content":{"rendered":"<p>Hoy podemos anunciar que nuestros equipos de chupetes, prebenjam\u00edn y alev\u00edn B participar\u00e1n en el torneo organizado por Madrid Soccer Revolution en San Sebasti\u00e1n de los Reyes, los pr\u00f3ximos 4, 5 y 6 de junio de 2021.<\/p>\n<p>El equipo chupete ha quedado enmarcado en el grupo A, donde se enfrentar\u00e1 al <strong>Club Atl\u00e9tico de Madrid<\/strong>, <strong>C.D. Fairplay Parla<\/strong> y <strong>Colegio Miramadrid<\/strong>. Los partidos se disputar\u00e1n el s\u00e1bado 5, los 2 mejores clasificados pasar\u00e1n a cuartos de final, que se disputar\u00e1n el domingo 6.<\/p>\n<p>En lo que concierne al equipo de prebenjamines, participar\u00e1n en el grupo H y sus rivales ser\u00e1n: <strong>MSR Academy<\/strong>, <strong>E.F. Suanzes<\/strong> y <strong>Academ\u00eda de F\u00fatbol Alcobendas \u00abB\u00bb<\/strong>. Los partidos se disputan el viernes 5, y en caso de clasificarse entre los 2 primeros, jugaran la fase final (octavos) el domingo.<\/p>\n<p>Los alevines est\u00e1n en el grupo G, sus rivales son: <strong>Escuela Paco Sedano, C.D. Arroyo y Getafe C.F S.A.D.<\/strong> Los partidos se disputan el s\u00e1bado 6, y la fase final (octavos en adelante) el domingo.<\/p>\n<p>Para m\u00e1s informaci\u00f3n, os dejamos los enlaces siguientes:<\/p>\n<p><a href=\"https:\/\/madridsoccerrevolution.com\/torneo_chupete_junio_sanse\/\" target=\"_blank\" rel=\"noopener\">Competici\u00f3n chupete<\/a><\/p>\n<p><a href=\"https:\/\/madridsoccerrevolution.com\/prebenjamin_junio_sanse\/\" target=\"_blank\" rel=\"noopener\">Competici\u00f3n prebenjam\u00edn<\/a><\/p>\n<p><a href=\"https:\/\/madridsoccerrevolution.com\/alevin_junio_sanse\/\" target=\"_blank\" rel=\"noopener\">Competici\u00f3n alev\u00edn<\/a><\/p>\n<p>&nbsp;<\/p>\n<p><a href=\"https:\/\/sad.espartales.org\/2020\/wp-content\/uploads\/2021\/05\/y-prebenjamines.png\"><img loading=\"lazy\" decoding=\"async\" class=\"alignnone size-large wp-image-6115\" src=\"https:\/\/sad.espartales.org\/2020\/wp-content\/uploads\/2021\/05\/y-prebenjamines-576x1024.png\" alt=\"\" width=\"576\" height=\"1024\" srcset=\"https:\/\/sad.espartales.org\/2020\/wp-content\/uploads\/2021\/05\/y-prebenjamines-576x1024.png 576w, https:\/\/sad.espartales.org\/2020\/wp-content\/uploads\/2021\/05\/y-prebenjamines-169x300.png 169w, https:\/\/sad.espartales.org\/2020\/wp-content\/uploads\/2021\/05\/y-prebenjamines-768x1365.png 768w, https:\/\/sad.espartales.org\/2020\/wp-content\/uploads\/2021\/05\/y-prebenjamines-864x1536.png 864w, https:\/\/sad.espartales.org\/2020\/wp-content\/uploads\/2021\/05\/y-prebenjamines-72x128.png 72w, https:\/\/sad.espartales.org\/2020\/wp-content\/uploads\/2021\/05\/y-prebenjamines-18x32.png 18w, https:\/\/sad.espartales.org\/2020\/wp-content\/uploads\/2021\/05\/y-prebenjamines-1024x1820.png 1024w, https:\/\/sad.espartales.org\/2020\/wp-content\/uploads\/2021\/05\/y-prebenjamines.png 1080w\" sizes=\"auto, (max-width: 576px) 100vw, 576px\" \/><\/a><\/p>\n<p>\u00a1VAMOS ESPARTALES!<\/p>\n","protected":false},"excerpt":{"rendered":"<p>Hoy podemos anunciar que nuestros equipos de chupetes, prebenjam\u00edn y alev\u00edn B participar\u00e1n en el&#8230;<\/p>\n","protected":false},"author":1,"featured_media":6114,"comment_status":"open","ping_status":"open","sticky":false,"template":"","format":"standard","meta":{"footnotes":""},"categories":[136,125,124],"tags":[],"class_list":["post-6113","post","type-post","status-publish","format-standard","has-post-thumbnail","hentry","category-destacadas","category-sad-espartales-sur","category-temporada-2020-2021"],"yoast_head":"<!-- This site is optimized with the Yoast SEO plugin v27.5 - https:\/\/yoast.com\/product\/yoast-seo-wordpress\/ -->\n<title>Torneo Copa Soccer Revolution - S.A.D. A.V. Espartales Sur<\/title>\n<meta name=\"robots\" content=\"index, follow, max-snippet:-1, max-image-preview:large, max-video-preview:-1\" \/>\n<link rel=\"canonical\" href=\"https:\/\/sad.espartales.org\/2020\/2021\/05\/26\/torneo-copa-soccer-revolution\/\" \/>\n<meta property=\"og:locale\" content=\"es_ES\" \/>\n<meta property=\"og:type\" content=\"article\" \/>\n<meta property=\"og:title\" content=\"Torneo Copa Soccer Revolution - S.A.D. A.V. Espartales Sur\" \/>\n<meta property=\"og:description\" content=\"Hoy podemos anunciar que nuestros equipos de chupetes, prebenjam\u00edn y alev\u00edn B participar\u00e1n en el...\" \/>\n<meta property=\"og:url\" content=\"https:\/\/sad.espartales.org\/2020\/2021\/05\/26\/torneo-copa-soccer-revolution\/\" \/>\n<meta property=\"og:site_name\" content=\"S.A.D. A.V. Espartales Sur\" \/>\n<meta property=\"article:publisher\" content=\"https:\/\/www.facebook.com\/sad.av.espartales.sur\" \/>\n<meta property=\"article:published_time\" content=\"2021-05-26T14:10:45+00:00\" \/>\n<meta property=\"article:modified_time\" content=\"2021-06-02T14:26:31+00:00\" \/>\n<meta property=\"og:image\" content=\"https:\/\/sad.espartales.org\/2020\/wp-content\/uploads\/2021\/05\/WhatsApp-Image-2021-05-24-at-22.26.09.jpeg\" \/>\n\t<meta property=\"og:image:width\" content=\"1600\" \/>\n\t<meta property=\"og:image:height\" content=\"1600\" \/>\n\t<meta property=\"og:image:type\" content=\"image\/jpeg\" \/>\n<meta name=\"author\" content=\"Espartales\" \/>\n<meta name=\"twitter:card\" content=\"summary_large_image\" \/>\n<meta name=\"twitter:creator\" content=\"@SAD_Espartales\" \/>\n<meta name=\"twitter:site\" content=\"@SAD_Espartales\" \/>\n<meta name=\"twitter:label1\" content=\"Escrito por\" \/>\n\t<meta name=\"twitter:data1\" content=\"Espartales\" \/>\n\t<meta name=\"twitter:label2\" content=\"Tiempo de lectura\" \/>\n\t<meta name=\"twitter:data2\" content=\"1 minuto\" \/>\n<script type=\"application\/ld+json\" class=\"yoast-schema-graph\">{\"@context\":\"https:\\\/\\\/schema.org\",\"@graph\":[{\"@type\":\"Article\",\"@id\":\"https:\\\/\\\/sad.espartales.org\\\/2020\\\/2021\\\/05\\\/26\\\/torneo-copa-soccer-revolution\\\/#article\",\"isPartOf\":{\"@id\":\"https:\\\/\\\/sad.espartales.org\\\/2020\\\/2021\\\/05\\\/26\\\/torneo-copa-soccer-revolution\\\/\"},\"author\":{\"name\":\"Espartales\",\"@id\":\"https:\\\/\\\/sad.espartales.org\\\/#\\\/schema\\\/person\\\/046b4d8121764596d186631009da925e\"},\"headline\":\"Torneo Copa Soccer Revolution\",\"datePublished\":\"2021-05-26T14:10:45+00:00\",\"dateModified\":\"2021-06-02T14:26:31+00:00\",\"mainEntityOfPage\":{\"@id\":\"https:\\\/\\\/sad.espartales.org\\\/2020\\\/2021\\\/05\\\/26\\\/torneo-copa-soccer-revolution\\\/\"},\"wordCount\":208,\"commentCount\":0,\"publisher\":{\"@id\":\"https:\\\/\\\/sad.espartales.org\\\/#organization\"},\"image\":{\"@id\":\"https:\\\/\\\/sad.espartales.org\\\/2020\\\/2021\\\/05\\\/26\\\/torneo-copa-soccer-revolution\\\/#primaryimage\"},\"thumbnailUrl\":\"https:\\\/\\\/sad.espartales.org\\\/2020\\\/wp-content\\\/uploads\\\/2021\\\/05\\\/WhatsApp-Image-2021-05-24-at-22.26.09.jpeg\",\"articleSection\":[\"Destacadas\",\"SAD Espartales Sur\",\"Temporada 2020-2021\"],\"inLanguage\":\"es\",\"potentialAction\":[{\"@type\":\"CommentAction\",\"name\":\"Comment\",\"target\":[\"https:\\\/\\\/sad.espartales.org\\\/2020\\\/2021\\\/05\\\/26\\\/torneo-copa-soccer-revolution\\\/#respond\"]}]},{\"@type\":\"WebPage\",\"@id\":\"https:\\\/\\\/sad.espartales.org\\\/2020\\\/2021\\\/05\\\/26\\\/torneo-copa-soccer-revolution\\\/\",\"url\":\"https:\\\/\\\/sad.espartales.org\\\/2020\\\/2021\\\/05\\\/26\\\/torneo-copa-soccer-revolution\\\/\",\"name\":\"Torneo Copa Soccer Revolution - S.A.D. A.V. Espartales Sur\",\"isPartOf\":{\"@id\":\"https:\\\/\\\/sad.espartales.org\\\/#website\"},\"primaryImageOfPage\":{\"@id\":\"https:\\\/\\\/sad.espartales.org\\\/2020\\\/2021\\\/05\\\/26\\\/torneo-copa-soccer-revolution\\\/#primaryimage\"},\"image\":{\"@id\":\"https:\\\/\\\/sad.espartales.org\\\/2020\\\/2021\\\/05\\\/26\\\/torneo-copa-soccer-revolution\\\/#primaryimage\"},\"thumbnailUrl\":\"https:\\\/\\\/sad.espartales.org\\\/2020\\\/wp-content\\\/uploads\\\/2021\\\/05\\\/WhatsApp-Image-2021-05-24-at-22.26.09.jpeg\",\"datePublished\":\"2021-05-26T14:10:45+00:00\",\"dateModified\":\"2021-06-02T14:26:31+00:00\",\"breadcrumb\":{\"@id\":\"https:\\\/\\\/sad.espartales.org\\\/2020\\\/2021\\\/05\\\/26\\\/torneo-copa-soccer-revolution\\\/#breadcrumb\"},\"inLanguage\":\"es\",\"potentialAction\":[{\"@type\":\"ReadAction\",\"target\":[\"https:\\\/\\\/sad.espartales.org\\\/2020\\\/2021\\\/05\\\/26\\\/torneo-copa-soccer-revolution\\\/\"]}]},{\"@type\":\"ImageObject\",\"inLanguage\":\"es\",\"@id\":\"https:\\\/\\\/sad.espartales.org\\\/2020\\\/2021\\\/05\\\/26\\\/torneo-copa-soccer-revolution\\\/#primaryimage\",\"url\":\"https:\\\/\\\/sad.espartales.org\\\/2020\\\/wp-content\\\/uploads\\\/2021\\\/05\\\/WhatsApp-Image-2021-05-24-at-22.26.09.jpeg\",\"contentUrl\":\"https:\\\/\\\/sad.espartales.org\\\/2020\\\/wp-content\\\/uploads\\\/2021\\\/05\\\/WhatsApp-Image-2021-05-24-at-22.26.09.jpeg\",\"width\":1600,\"height\":1600},{\"@type\":\"BreadcrumbList\",\"@id\":\"https:\\\/\\\/sad.espartales.org\\\/2020\\\/2021\\\/05\\\/26\\\/torneo-copa-soccer-revolution\\\/#breadcrumb\",\"itemListElement\":[{\"@type\":\"ListItem\",\"position\":1,\"name\":\"Portada\",\"item\":\"https:\\\/\\\/sad.espartales.org\\\/\"},{\"@type\":\"ListItem\",\"position\":2,\"name\":\"Torneo Copa Soccer Revolution\"}]},{\"@type\":\"WebSite\",\"@id\":\"https:\\\/\\\/sad.espartales.org\\\/#website\",\"url\":\"https:\\\/\\\/sad.espartales.org\\\/\",\"name\":\"S.A.D. A.V. Espartales Sur\",\"description\":\"\",\"publisher\":{\"@id\":\"https:\\\/\\\/sad.espartales.org\\\/#organization\"},\"potentialAction\":[{\"@type\":\"SearchAction\",\"target\":{\"@type\":\"EntryPoint\",\"urlTemplate\":\"https:\\\/\\\/sad.espartales.org\\\/?s={search_term_string}\"},\"query-input\":{\"@type\":\"PropertyValueSpecification\",\"valueRequired\":true,\"valueName\":\"search_term_string\"}}],\"inLanguage\":\"es\"},{\"@type\":\"Organization\",\"@id\":\"https:\\\/\\\/sad.espartales.org\\\/#organization\",\"name\":\"S.A.D. A.V. Espartales Sur\",\"url\":\"https:\\\/\\\/sad.espartales.org\\\/\",\"logo\":{\"@type\":\"ImageObject\",\"inLanguage\":\"es\",\"@id\":\"https:\\\/\\\/sad.espartales.org\\\/#\\\/schema\\\/logo\\\/image\\\/\",\"url\":\"https:\\\/\\\/sad.espartales.org\\\/2020\\\/wp-content\\\/uploads\\\/2021\\\/07\\\/espartales-negro.png\",\"contentUrl\":\"https:\\\/\\\/sad.espartales.org\\\/2020\\\/wp-content\\\/uploads\\\/2021\\\/07\\\/espartales-negro.png\",\"width\":381,\"height\":381,\"caption\":\"S.A.D. A.V. Espartales Sur\"},\"image\":{\"@id\":\"https:\\\/\\\/sad.espartales.org\\\/#\\\/schema\\\/logo\\\/image\\\/\"},\"sameAs\":[\"https:\\\/\\\/www.facebook.com\\\/sad.av.espartales.sur\",\"https:\\\/\\\/x.com\\\/SAD_Espartales\",\"https:\\\/\\\/www.instagram.com\\\/espartalessur\\\/?hl=es\"]},{\"@type\":\"Person\",\"@id\":\"https:\\\/\\\/sad.espartales.org\\\/#\\\/schema\\\/person\\\/046b4d8121764596d186631009da925e\",\"name\":\"Espartales\",\"image\":{\"@type\":\"ImageObject\",\"inLanguage\":\"es\",\"@id\":\"https:\\\/\\\/secure.gravatar.com\\\/avatar\\\/d23e83573ee06f388790d3d652ff35d7a4c992f06b8fb7be39e7f242bfc429bf?s=96&d=mm&r=g\",\"url\":\"https:\\\/\\\/secure.gravatar.com\\\/avatar\\\/d23e83573ee06f388790d3d652ff35d7a4c992f06b8fb7be39e7f242bfc429bf?s=96&d=mm&r=g\",\"contentUrl\":\"https:\\\/\\\/secure.gravatar.com\\\/avatar\\\/d23e83573ee06f388790d3d652ff35d7a4c992f06b8fb7be39e7f242bfc429bf?s=96&d=mm&r=g\",\"caption\":\"Espartales\"},\"sameAs\":[\"http:\\\/\\\/sad.espartales.org\\\/2020\"],\"url\":\"https:\\\/\\\/sad.espartales.org\\\/2020\\\/author\\\/espartales\\\/\"}]}<\/script>\n<!-- \/ Yoast SEO plugin. -->","yoast_head_json":{"title":"Torneo Copa Soccer Revolution - S.A.D. A.V. Espartales Sur","robots":{"index":"index","follow":"follow","max-snippet":"max-snippet:-1","max-image-preview":"max-image-preview:large","max-video-preview":"max-video-preview:-1"},"canonical":"https:\/\/sad.espartales.org\/2020\/2021\/05\/26\/torneo-copa-soccer-revolution\/","og_locale":"es_ES","og_type":"article","og_title":"Torneo Copa Soccer Revolution - S.A.D. A.V. Espartales Sur","og_description":"Hoy podemos anunciar que nuestros equipos de chupetes, prebenjam\u00edn y alev\u00edn B participar\u00e1n en el...","og_url":"https:\/\/sad.espartales.org\/2020\/2021\/05\/26\/torneo-copa-soccer-revolution\/","og_site_name":"S.A.D. A.V. Espartales Sur","article_publisher":"https:\/\/www.facebook.com\/sad.av.espartales.sur","article_published_time":"2021-05-26T14:10:45+00:00","article_modified_time":"2021-06-02T14:26:31+00:00","og_image":[{"width":1600,"height":1600,"url":"https:\/\/sad.espartales.org\/2020\/wp-content\/uploads\/2021\/05\/WhatsApp-Image-2021-05-24-at-22.26.09.jpeg","type":"image\/jpeg"}],"author":"Espartales","twitter_card":"summary_large_image","twitter_creator":"@SAD_Espartales","twitter_site":"@SAD_Espartales","twitter_misc":{"Escrito por":"Espartales","Tiempo de lectura":"1 minuto"},"schema":{"@context":"https:\/\/schema.org","@graph":[{"@type":"Article","@id":"https:\/\/sad.espartales.org\/2020\/2021\/05\/26\/torneo-copa-soccer-revolution\/#article","isPartOf":{"@id":"https:\/\/sad.espartales.org\/2020\/2021\/05\/26\/torneo-copa-soccer-revolution\/"},"author":{"name":"Espartales","@id":"https:\/\/sad.espartales.org\/#\/schema\/person\/046b4d8121764596d186631009da925e"},"headline":"Torneo Copa Soccer Revolution","datePublished":"2021-05-26T14:10:45+00:00","dateModified":"2021-06-02T14:26:31+00:00","mainEntityOfPage":{"@id":"https:\/\/sad.espartales.org\/2020\/2021\/05\/26\/torneo-copa-soccer-revolution\/"},"wordCount":208,"commentCount":0,"publisher":{"@id":"https:\/\/sad.espartales.org\/#organization"},"image":{"@id":"https:\/\/sad.espartales.org\/2020\/2021\/05\/26\/torneo-copa-soccer-revolution\/#primaryimage"},"thumbnailUrl":"https:\/\/sad.espartales.org\/2020\/wp-content\/uploads\/2021\/05\/WhatsApp-Image-2021-05-24-at-22.26.09.jpeg","articleSection":["Destacadas","SAD Espartales Sur","Temporada 2020-2021"],"inLanguage":"es","potentialAction":[{"@type":"CommentAction","name":"Comment","target":["https:\/\/sad.espartales.org\/2020\/2021\/05\/26\/torneo-copa-soccer-revolution\/#respond"]}]},{"@type":"WebPage","@id":"https:\/\/sad.espartales.org\/2020\/2021\/05\/26\/torneo-copa-soccer-revolution\/","url":"https:\/\/sad.espartales.org\/2020\/2021\/05\/26\/torneo-copa-soccer-revolution\/","name":"Torneo Copa Soccer Revolution - S.A.D. A.V. Espartales Sur","isPartOf":{"@id":"https:\/\/sad.espartales.org\/#website"},"primaryImageOfPage":{"@id":"https:\/\/sad.espartales.org\/2020\/2021\/05\/26\/torneo-copa-soccer-revolution\/#primaryimage"},"image":{"@id":"https:\/\/sad.espartales.org\/2020\/2021\/05\/26\/torneo-copa-soccer-revolution\/#primaryimage"},"thumbnailUrl":"https:\/\/sad.espartales.org\/2020\/wp-content\/uploads\/2021\/05\/WhatsApp-Image-2021-05-24-at-22.26.09.jpeg","datePublished":"2021-05-26T14:10:45+00:00","dateModified":"2021-06-02T14:26:31+00:00","breadcrumb":{"@id":"https:\/\/sad.espartales.org\/2020\/2021\/05\/26\/torneo-copa-soccer-revolution\/#breadcrumb"},"inLanguage":"es","potentialAction":[{"@type":"ReadAction","target":["https:\/\/sad.espartales.org\/2020\/2021\/05\/26\/torneo-copa-soccer-revolution\/"]}]},{"@type":"ImageObject","inLanguage":"es","@id":"https:\/\/sad.espartales.org\/2020\/2021\/05\/26\/torneo-copa-soccer-revolution\/#primaryimage","url":"https:\/\/sad.espartales.org\/2020\/wp-content\/uploads\/2021\/05\/WhatsApp-Image-2021-05-24-at-22.26.09.jpeg","contentUrl":"https:\/\/sad.espartales.org\/2020\/wp-content\/uploads\/2021\/05\/WhatsApp-Image-2021-05-24-at-22.26.09.jpeg","width":1600,"height":1600},{"@type":"BreadcrumbList","@id":"https:\/\/sad.espartales.org\/2020\/2021\/05\/26\/torneo-copa-soccer-revolution\/#breadcrumb","itemListElement":[{"@type":"ListItem","position":1,"name":"Portada","item":"https:\/\/sad.espartales.org\/"},{"@type":"ListItem","position":2,"name":"Torneo Copa Soccer Revolution"}]},{"@type":"WebSite","@id":"https:\/\/sad.espartales.org\/#website","url":"https:\/\/sad.espartales.org\/","name":"S.A.D. A.V. Espartales Sur","description":"","publisher":{"@id":"https:\/\/sad.espartales.org\/#organization"},"potentialAction":[{"@type":"SearchAction","target":{"@type":"EntryPoint","urlTemplate":"https:\/\/sad.espartales.org\/?s={search_term_string}"},"query-input":{"@type":"PropertyValueSpecification","valueRequired":true,"valueName":"search_term_string"}}],"inLanguage":"es"},{"@type":"Organization","@id":"https:\/\/sad.espartales.org\/#organization","name":"S.A.D. A.V. Espartales Sur","url":"https:\/\/sad.espartales.org\/","logo":{"@type":"ImageObject","inLanguage":"es","@id":"https:\/\/sad.espartales.org\/#\/schema\/logo\/image\/","url":"https:\/\/sad.espartales.org\/2020\/wp-content\/uploads\/2021\/07\/espartales-negro.png","contentUrl":"https:\/\/sad.espartales.org\/2020\/wp-content\/uploads\/2021\/07\/espartales-negro.png","width":381,"height":381,"caption":"S.A.D. A.V. Espartales Sur"},"image":{"@id":"https:\/\/sad.espartales.org\/#\/schema\/logo\/image\/"},"sameAs":["https:\/\/www.facebook.com\/sad.av.espartales.sur","https:\/\/x.com\/SAD_Espartales","https:\/\/www.instagram.com\/espartalessur\/?hl=es"]},{"@type":"Person","@id":"https:\/\/sad.espartales.org\/#\/schema\/person\/046b4d8121764596d186631009da925e","name":"Espartales","image":{"@type":"ImageObject","inLanguage":"es","@id":"https:\/\/secure.gravatar.com\/avatar\/d23e83573ee06f388790d3d652ff35d7a4c992f06b8fb7be39e7f242bfc429bf?s=96&d=mm&r=g","url":"https:\/\/secure.gravatar.com\/avatar\/d23e83573ee06f388790d3d652ff35d7a4c992f06b8fb7be39e7f242bfc429bf?s=96&d=mm&r=g","contentUrl":"https:\/\/secure.gravatar.com\/avatar\/d23e83573ee06f388790d3d652ff35d7a4c992f06b8fb7be39e7f242bfc429bf?s=96&d=mm&r=g","caption":"Espartales"},"sameAs":["https:\/\/sad.espartales.org\/2020"],"url":"https:\/\/sad.espartales.org\/2020\/author\/espartales\/"}]}},"_links":{"self":[{"href":"https:\/\/sad.espartales.org\/2020\/wp-json\/wp\/v2\/posts\/6113","targetHints":{"allow":["GET"]}}],"collection":[{"href":"https:\/\/sad.espartales.org\/2020\/wp-json\/wp\/v2\/posts"}],"about":[{"href":"https:\/\/sad.espartales.org\/2020\/wp-json\/wp\/v2\/types\/post"}],"author":[{"embeddable":true,"href":"https:\/\/sad.espartales.org\/2020\/wp-json\/wp\/v2\/users\/1"}],"replies":[{"embeddable":true,"href":"https:\/\/sad.espartales.org\/2020\/wp-json\/wp\/v2\/comments?post=6113"}],"version-history":[{"count":12,"href":"https:\/\/sad.espartales.org\/2020\/wp-json\/wp\/v2\/posts\/6113\/revisions"}],"predecessor-version":[{"id":6120,"href":"https:\/\/sad.espartales.org\/2020\/wp-json\/wp\/v2\/posts\/6113\/revisions\/6120"}],"wp:featuredmedia":[{"embeddable":true,"href":"https:\/\/sad.espartales.org\/2020\/wp-json\/wp\/v2\/media\/6114"}],"wp:attachment":[{"href":"https:\/\/sad.espartales.org\/2020\/wp-json\/wp\/v2\/media?parent=6113"}],"wp:term":[{"taxonomy":"category","embeddable":true,"href":"https:\/\/sad.espartales.org\/2020\/wp-json\/wp\/v2\/categories?post=6113"},{"taxonomy":"post_tag","embeddable":true,"href":"https:\/\/sad.espartales.org\/2020\/wp-json\/wp\/v2\/tags?post=6113"}],"curies":[{"name":"wp","href":"https:\/\/api.w.org\/{rel}","templated":true}]}}