{"id":6475,"date":"2021-06-15T19:03:19","date_gmt":"2021-06-15T19:03:19","guid":{"rendered":"https:\/\/sad.espartales.org\/2020\/?p=6475"},"modified":"2021-06-18T08:14:29","modified_gmt":"2021-06-18T08:14:29","slug":"posada-pedrazales-es-nuestro-nuevo-colaborador","status":"publish","type":"post","link":"https:\/\/sad.espartales.org\/2020\/2021\/06\/15\/posada-pedrazales-es-nuestro-nuevo-colaborador\/","title":{"rendered":"Posada Pedrazales es nuestro nuevo colaborador"},"content":{"rendered":"<p style=\"text-align: center;\"><a href=\"https:\/\/sad.espartales.org\/2020\/wp-content\/uploads\/2021\/06\/WhatsApp-Image-2021-06-18-at-09.16.22.jpeg\"><img loading=\"lazy\" decoding=\"async\" class=\"alignnone size-large wp-image-6501\" src=\"https:\/\/sad.espartales.org\/2020\/wp-content\/uploads\/2021\/06\/WhatsApp-Image-2021-06-18-at-09.16.22-1024x768.jpeg\" alt=\"\" width=\"640\" height=\"480\" srcset=\"https:\/\/sad.espartales.org\/2020\/wp-content\/uploads\/2021\/06\/WhatsApp-Image-2021-06-18-at-09.16.22-1024x768.jpeg 1024w, https:\/\/sad.espartales.org\/2020\/wp-content\/uploads\/2021\/06\/WhatsApp-Image-2021-06-18-at-09.16.22-300x225.jpeg 300w, https:\/\/sad.espartales.org\/2020\/wp-content\/uploads\/2021\/06\/WhatsApp-Image-2021-06-18-at-09.16.22-768x576.jpeg 768w, https:\/\/sad.espartales.org\/2020\/wp-content\/uploads\/2021\/06\/WhatsApp-Image-2021-06-18-at-09.16.22-1536x1152.jpeg 1536w, https:\/\/sad.espartales.org\/2020\/wp-content\/uploads\/2021\/06\/WhatsApp-Image-2021-06-18-at-09.16.22-128x96.jpeg 128w, https:\/\/sad.espartales.org\/2020\/wp-content\/uploads\/2021\/06\/WhatsApp-Image-2021-06-18-at-09.16.22-32x24.jpeg 32w, https:\/\/sad.espartales.org\/2020\/wp-content\/uploads\/2021\/06\/WhatsApp-Image-2021-06-18-at-09.16.22.jpeg 1600w\" sizes=\"auto, (max-width: 640px) 100vw, 640px\" \/><\/a><\/p>\n<p><strong>S.A.D. Espartales Sur<\/strong> y <strong>Posada Pedrazales<\/strong> han llegado a un acuerdo de colaboraci\u00f3n. Gracias a este compromiso alcanzado vamos a realizar un<strong> sorteo de 2 bonos<\/strong> de alojamiento de fin de semana para 4 personas entre todos <strong>los ni\u00f1os\/as que realicen la inscripci\u00f3n antes del 25 de junio<\/strong>.<\/p>\n<p>El alojamiento ser\u00e1 en media pensi\u00f3n, teniendo el ganador que abonar el desayuno y comida\/cena.<\/p>\n<p class=\"mobile-undersized-upper\">Posada Rural situada en <strong>Pedrazales (Zamora)<\/strong> en el interior del <strong>Parque Natural del\u00a0Lago de Sanabria<\/strong>. Edificio de un\u00a0gran inter\u00e9s hist\u00f3rico, Casal Real de principios del\u00a0siglo XII, donaci\u00f3n del rey Fernando II de Le\u00f3n y Galicia al Abad Mart\u00edn III del Monasterio de San Mart\u00edn de Casta\u00f1eda, Casa Priorato de Pedrazales, casa del Padre Usera fundador de la orden Amor de Dios y mucho m\u00e1s.<\/p>\n<p class=\"mobile-undersized-upper\">Se haya en un entorno m\u00e1gico, que nos brinda la oportunidad de disfrutar de paisajes inimaginables, de ver fant\u00e1sticos ejemplares de ciervos, corzos, zorros y jabal\u00edes; y entre la gran variedad de aves, m\u00e1s de 140 especies, con abundancia de rapaces la m\u00e1s impresionante de ellas, el \u00e1guila real.<\/p>\n<p class=\"mobile-undersized-upper\">Gracias al entorno y orograf\u00eda dispone\u00eds de muchas rutas de senderismo por caminos tradicionales y de alta monta\u00f1a con distintos grados de dificultad. Estos senderos dependiendo de la \u00e9poca del a\u00f1o os permitir\u00e1n recoger todo tipo de frutos y setas de la zona (nueces, casta\u00f1as, manzanas, peras, boletus, cucurriles, chantarelas, y un largo etc.). El Parque Natural de Sanabria ofrece 22.000 hect\u00e1reas para los amantes de la naturaleza, con una flora espec\u00edfica de gran riqueza, que supera las 1.500 especies. Sin duda el deporte estrella en este espacio es la pesca de la trucha en el lago, en los r\u00edos aleda\u00f1os y embalses de la zona. Adem\u00e1s, r\u00edos, lago y embalses ofrecen la posibilidad de practicar otros deportes n\u00e1uticos c\u00f3mo la vela, el pirag\u00fcismo, buceo&#8230;<\/p>\n<p>Os dejamos algunas fotos y la url de su p\u00e1gina web:<\/p>\n<p><a href=\"https:\/\/www.laposadadepedrazales.com\/\">https:\/\/www.laposadadepedrazales.com\/<\/a><\/p>\n<div class=\"su-image-carousel  su-image-carousel-has-spacing su-image-carousel-has-lightbox su-image-carousel-has-outline su-image-carousel-adaptive su-image-carousel-slides-style-photo su-image-carousel-controls-style-light su-image-carousel-align-none\" style=\"\" data-flickity-options='{\"groupCells\":true,\"cellSelector\":\".su-image-carousel-item\",\"adaptiveHeight\":true,\"cellAlign\":\"left\",\"prevNextButtons\":true,\"pageDots\":false,\"autoPlay\":3000,\"imagesLoaded\":true,\"contain\":false,\"selectedAttraction\":0.025000000000000001387778780781445675529539585113525390625,\"friction\":0.2800000000000000266453525910037569701671600341796875}' id=\"su_image_carousel_69f4b0b4831a5\"><div class=\"su-image-carousel-item\"><div class=\"su-image-carousel-item-content\"><a href=\"https:\/\/sad.espartales.org\/2020\/wp-content\/uploads\/2021\/06\/bono_pedrazales_4_pax.jpg\" target=\"_blank\" rel=\"noopener noreferrer\" data-caption=\"\"><img loading=\"lazy\" decoding=\"async\" width=\"1093\" height=\"433\" src=\"https:\/\/sad.espartales.org\/2020\/wp-content\/uploads\/2021\/06\/bono_pedrazales_4_pax.jpg\" class=\"\" alt=\"\" srcset=\"https:\/\/sad.espartales.org\/2020\/wp-content\/uploads\/2021\/06\/bono_pedrazales_4_pax.jpg 1093w, https:\/\/sad.espartales.org\/2020\/wp-content\/uploads\/2021\/06\/bono_pedrazales_4_pax-300x119.jpg 300w, https:\/\/sad.espartales.org\/2020\/wp-content\/uploads\/2021\/06\/bono_pedrazales_4_pax-1024x406.jpg 1024w, https:\/\/sad.espartales.org\/2020\/wp-content\/uploads\/2021\/06\/bono_pedrazales_4_pax-768x304.jpg 768w, https:\/\/sad.espartales.org\/2020\/wp-content\/uploads\/2021\/06\/bono_pedrazales_4_pax-128x51.jpg 128w, https:\/\/sad.espartales.org\/2020\/wp-content\/uploads\/2021\/06\/bono_pedrazales_4_pax-32x13.jpg 32w\" sizes=\"auto, (max-width: 1093px) 100vw, 1093px\" \/><\/a><\/div><\/div><div class=\"su-image-carousel-item\"><div class=\"su-image-carousel-item-content\"><a href=\"https:\/\/sad.espartales.org\/2020\/wp-content\/uploads\/2021\/06\/fachada-CON-ESACUDO-scaled.jpg\" target=\"_blank\" rel=\"noopener noreferrer\" data-caption=\"\"><img loading=\"lazy\" decoding=\"async\" width=\"2560\" height=\"1919\" src=\"https:\/\/sad.espartales.org\/2020\/wp-content\/uploads\/2021\/06\/fachada-CON-ESACUDO-scaled.jpg\" class=\"\" alt=\"\" srcset=\"https:\/\/sad.espartales.org\/2020\/wp-content\/uploads\/2021\/06\/fachada-CON-ESACUDO-scaled.jpg 2560w, https:\/\/sad.espartales.org\/2020\/wp-content\/uploads\/2021\/06\/fachada-CON-ESACUDO-300x225.jpg 300w, https:\/\/sad.espartales.org\/2020\/wp-content\/uploads\/2021\/06\/fachada-CON-ESACUDO-1024x767.jpg 1024w, https:\/\/sad.espartales.org\/2020\/wp-content\/uploads\/2021\/06\/fachada-CON-ESACUDO-768x576.jpg 768w, https:\/\/sad.espartales.org\/2020\/wp-content\/uploads\/2021\/06\/fachada-CON-ESACUDO-1536x1151.jpg 1536w, https:\/\/sad.espartales.org\/2020\/wp-content\/uploads\/2021\/06\/fachada-CON-ESACUDO-2048x1535.jpg 2048w, https:\/\/sad.espartales.org\/2020\/wp-content\/uploads\/2021\/06\/fachada-CON-ESACUDO-128x96.jpg 128w, https:\/\/sad.espartales.org\/2020\/wp-content\/uploads\/2021\/06\/fachada-CON-ESACUDO-32x24.jpg 32w\" sizes=\"auto, (max-width: 2560px) 100vw, 2560px\" \/><\/a><\/div><\/div><div class=\"su-image-carousel-item\"><div class=\"su-image-carousel-item-content\"><a href=\"https:\/\/sad.espartales.org\/2020\/wp-content\/uploads\/2021\/06\/P1000358.jpg\" target=\"_blank\" rel=\"noopener noreferrer\" data-caption=\"\"><img loading=\"lazy\" decoding=\"async\" width=\"787\" height=\"591\" src=\"https:\/\/sad.espartales.org\/2020\/wp-content\/uploads\/2021\/06\/P1000358.jpg\" class=\"\" alt=\"\" srcset=\"https:\/\/sad.espartales.org\/2020\/wp-content\/uploads\/2021\/06\/P1000358.jpg 787w, https:\/\/sad.espartales.org\/2020\/wp-content\/uploads\/2021\/06\/P1000358-300x225.jpg 300w, https:\/\/sad.espartales.org\/2020\/wp-content\/uploads\/2021\/06\/P1000358-768x577.jpg 768w, https:\/\/sad.espartales.org\/2020\/wp-content\/uploads\/2021\/06\/P1000358-128x96.jpg 128w, https:\/\/sad.espartales.org\/2020\/wp-content\/uploads\/2021\/06\/P1000358-32x24.jpg 32w\" sizes=\"auto, (max-width: 787px) 100vw, 787px\" \/><\/a><\/div><\/div><div class=\"su-image-carousel-item\"><div class=\"su-image-carousel-item-content\"><a href=\"https:\/\/sad.espartales.org\/2020\/wp-content\/uploads\/2021\/06\/P1000586-scaled.jpg\" target=\"_blank\" rel=\"noopener noreferrer\" data-caption=\"\"><img loading=\"lazy\" decoding=\"async\" width=\"2560\" height=\"1920\" src=\"https:\/\/sad.espartales.org\/2020\/wp-content\/uploads\/2021\/06\/P1000586-scaled.jpg\" class=\"\" alt=\"\" srcset=\"https:\/\/sad.espartales.org\/2020\/wp-content\/uploads\/2021\/06\/P1000586-scaled.jpg 2560w, https:\/\/sad.espartales.org\/2020\/wp-content\/uploads\/2021\/06\/P1000586-300x225.jpg 300w, https:\/\/sad.espartales.org\/2020\/wp-content\/uploads\/2021\/06\/P1000586-1024x768.jpg 1024w, https:\/\/sad.espartales.org\/2020\/wp-content\/uploads\/2021\/06\/P1000586-768x576.jpg 768w, https:\/\/sad.espartales.org\/2020\/wp-content\/uploads\/2021\/06\/P1000586-1536x1152.jpg 1536w, https:\/\/sad.espartales.org\/2020\/wp-content\/uploads\/2021\/06\/P1000586-2048x1536.jpg 2048w, https:\/\/sad.espartales.org\/2020\/wp-content\/uploads\/2021\/06\/P1000586-128x96.jpg 128w, https:\/\/sad.espartales.org\/2020\/wp-content\/uploads\/2021\/06\/P1000586-32x24.jpg 32w\" sizes=\"auto, (max-width: 2560px) 100vw, 2560px\" \/><\/a><\/div><\/div><div class=\"su-image-carousel-item\"><div class=\"su-image-carousel-item-content\"><a href=\"https:\/\/sad.espartales.org\/2020\/wp-content\/uploads\/2021\/06\/P1000781-scaled.jpg\" target=\"_blank\" rel=\"noopener noreferrer\" data-caption=\"\"><img loading=\"lazy\" decoding=\"async\" width=\"2560\" height=\"1920\" src=\"https:\/\/sad.espartales.org\/2020\/wp-content\/uploads\/2021\/06\/P1000781-scaled.jpg\" class=\"\" alt=\"\" srcset=\"https:\/\/sad.espartales.org\/2020\/wp-content\/uploads\/2021\/06\/P1000781-scaled.jpg 2560w, https:\/\/sad.espartales.org\/2020\/wp-content\/uploads\/2021\/06\/P1000781-300x225.jpg 300w, https:\/\/sad.espartales.org\/2020\/wp-content\/uploads\/2021\/06\/P1000781-1024x768.jpg 1024w, https:\/\/sad.espartales.org\/2020\/wp-content\/uploads\/2021\/06\/P1000781-768x576.jpg 768w, https:\/\/sad.espartales.org\/2020\/wp-content\/uploads\/2021\/06\/P1000781-1536x1152.jpg 1536w, https:\/\/sad.espartales.org\/2020\/wp-content\/uploads\/2021\/06\/P1000781-2048x1536.jpg 2048w, https:\/\/sad.espartales.org\/2020\/wp-content\/uploads\/2021\/06\/P1000781-128x96.jpg 128w, https:\/\/sad.espartales.org\/2020\/wp-content\/uploads\/2021\/06\/P1000781-32x24.jpg 32w\" sizes=\"auto, (max-width: 2560px) 100vw, 2560px\" \/><\/a><\/div><\/div><div class=\"su-image-carousel-item\"><div class=\"su-image-carousel-item-content\"><a href=\"https:\/\/sad.espartales.org\/2020\/wp-content\/uploads\/2021\/06\/1a5.jpg\" target=\"_blank\" rel=\"noopener noreferrer\" data-caption=\"dav\"><img loading=\"lazy\" decoding=\"async\" width=\"992\" height=\"744\" src=\"https:\/\/sad.espartales.org\/2020\/wp-content\/uploads\/2021\/06\/1a5.jpg\" class=\"\" alt=\"\" srcset=\"https:\/\/sad.espartales.org\/2020\/wp-content\/uploads\/2021\/06\/1a5.jpg 992w, https:\/\/sad.espartales.org\/2020\/wp-content\/uploads\/2021\/06\/1a5-300x225.jpg 300w, https:\/\/sad.espartales.org\/2020\/wp-content\/uploads\/2021\/06\/1a5-768x576.jpg 768w, https:\/\/sad.espartales.org\/2020\/wp-content\/uploads\/2021\/06\/1a5-128x96.jpg 128w, https:\/\/sad.espartales.org\/2020\/wp-content\/uploads\/2021\/06\/1a5-32x24.jpg 32w\" sizes=\"auto, (max-width: 992px) 100vw, 992px\" \/><\/a><\/div><\/div><div class=\"su-image-carousel-item\"><div class=\"su-image-carousel-item-content\"><a href=\"https:\/\/sad.espartales.org\/2020\/wp-content\/uploads\/2021\/06\/P1000340.jpg\" target=\"_blank\" rel=\"noopener noreferrer\" data-caption=\"\"><img loading=\"lazy\" decoding=\"async\" width=\"787\" height=\"591\" src=\"https:\/\/sad.espartales.org\/2020\/wp-content\/uploads\/2021\/06\/P1000340.jpg\" class=\"\" alt=\"\" srcset=\"https:\/\/sad.espartales.org\/2020\/wp-content\/uploads\/2021\/06\/P1000340.jpg 787w, https:\/\/sad.espartales.org\/2020\/wp-content\/uploads\/2021\/06\/P1000340-300x225.jpg 300w, https:\/\/sad.espartales.org\/2020\/wp-content\/uploads\/2021\/06\/P1000340-768x577.jpg 768w, https:\/\/sad.espartales.org\/2020\/wp-content\/uploads\/2021\/06\/P1000340-128x96.jpg 128w, https:\/\/sad.espartales.org\/2020\/wp-content\/uploads\/2021\/06\/P1000340-32x24.jpg 32w\" sizes=\"auto, (max-width: 787px) 100vw, 787px\" \/><\/a><\/div><\/div><div class=\"su-image-carousel-item\"><div class=\"su-image-carousel-item-content\"><a href=\"https:\/\/sad.espartales.org\/2020\/wp-content\/uploads\/2021\/06\/hab6ok-scaled.jpg\" target=\"_blank\" rel=\"noopener noreferrer\" data-caption=\"dav\"><img loading=\"lazy\" decoding=\"async\" width=\"2560\" height=\"1920\" src=\"https:\/\/sad.espartales.org\/2020\/wp-content\/uploads\/2021\/06\/hab6ok-scaled.jpg\" class=\"\" alt=\"\" srcset=\"https:\/\/sad.espartales.org\/2020\/wp-content\/uploads\/2021\/06\/hab6ok-scaled.jpg 2560w, https:\/\/sad.espartales.org\/2020\/wp-content\/uploads\/2021\/06\/hab6ok-300x225.jpg 300w, https:\/\/sad.espartales.org\/2020\/wp-content\/uploads\/2021\/06\/hab6ok-1024x768.jpg 1024w, https:\/\/sad.espartales.org\/2020\/wp-content\/uploads\/2021\/06\/hab6ok-768x576.jpg 768w, https:\/\/sad.espartales.org\/2020\/wp-content\/uploads\/2021\/06\/hab6ok-1536x1152.jpg 1536w, https:\/\/sad.espartales.org\/2020\/wp-content\/uploads\/2021\/06\/hab6ok-2048x1536.jpg 2048w, https:\/\/sad.espartales.org\/2020\/wp-content\/uploads\/2021\/06\/hab6ok-128x96.jpg 128w, https:\/\/sad.espartales.org\/2020\/wp-content\/uploads\/2021\/06\/hab6ok-32x24.jpg 32w\" sizes=\"auto, (max-width: 2560px) 100vw, 2560px\" \/><\/a><\/div><\/div><div class=\"su-image-carousel-item\"><div class=\"su-image-carousel-item-content\"><a href=\"https:\/\/sad.espartales.org\/2020\/wp-content\/uploads\/2021\/06\/P1000329.jpg\" target=\"_blank\" rel=\"noopener noreferrer\" data-caption=\"\"><img loading=\"lazy\" decoding=\"async\" width=\"787\" height=\"591\" src=\"https:\/\/sad.espartales.org\/2020\/wp-content\/uploads\/2021\/06\/P1000329.jpg\" class=\"\" alt=\"\" srcset=\"https:\/\/sad.espartales.org\/2020\/wp-content\/uploads\/2021\/06\/P1000329.jpg 787w, https:\/\/sad.espartales.org\/2020\/wp-content\/uploads\/2021\/06\/P1000329-300x225.jpg 300w, https:\/\/sad.espartales.org\/2020\/wp-content\/uploads\/2021\/06\/P1000329-768x577.jpg 768w, https:\/\/sad.espartales.org\/2020\/wp-content\/uploads\/2021\/06\/P1000329-128x96.jpg 128w, https:\/\/sad.espartales.org\/2020\/wp-content\/uploads\/2021\/06\/P1000329-32x24.jpg 32w\" sizes=\"auto, (max-width: 787px) 100vw, 787px\" \/><\/a><\/div><\/div><\/div><script id=\"su_image_carousel_69f4b0b4831a5_script\">if(window.SUImageCarousel){setTimeout(function() {window.SUImageCarousel.initGallery(document.getElementById(\"su_image_carousel_69f4b0b4831a5\"))}, 0);}var su_image_carousel_69f4b0b4831a5_script=document.getElementById(\"su_image_carousel_69f4b0b4831a5_script\");if(su_image_carousel_69f4b0b4831a5_script){su_image_carousel_69f4b0b4831a5_script.parentNode.removeChild(su_image_carousel_69f4b0b4831a5_script);}<\/script>\n","protected":false},"excerpt":{"rendered":"<p>S.A.D. Espartales Sur y Posada Pedrazales han llegado a un acuerdo de colaboraci\u00f3n. Gracias a&#8230;<\/p>\n","protected":false},"author":1,"featured_media":6476,"comment_status":"open","ping_status":"open","sticky":false,"template":"","format":"image","meta":{"footnotes":""},"categories":[135,125,138],"tags":[],"class_list":["post-6475","post","type-post","status-publish","format-image","has-post-thumbnail","hentry","category-colaboradores","category-sad-espartales-sur","category-temporada-2021-2022","post_format-post-format-image"],"yoast_head":"<!-- This site is optimized with the Yoast SEO plugin v27.5 - https:\/\/yoast.com\/product\/yoast-seo-wordpress\/ -->\n<title>Posada Pedrazales es nuestro nuevo colaborador - S.A.D. A.V. Espartales Sur<\/title>\n<meta name=\"robots\" content=\"index, follow, max-snippet:-1, max-image-preview:large, max-video-preview:-1\" \/>\n<link rel=\"canonical\" href=\"https:\/\/sad.espartales.org\/2020\/2021\/06\/15\/posada-pedrazales-es-nuestro-nuevo-colaborador\/\" \/>\n<meta property=\"og:locale\" content=\"es_ES\" \/>\n<meta property=\"og:type\" content=\"article\" \/>\n<meta property=\"og:title\" content=\"Posada Pedrazales es nuestro nuevo colaborador - S.A.D. A.V. Espartales Sur\" \/>\n<meta property=\"og:description\" content=\"S.A.D. Espartales Sur y Posada Pedrazales han llegado a un acuerdo de colaboraci\u00f3n. Gracias a...\" \/>\n<meta property=\"og:url\" content=\"https:\/\/sad.espartales.org\/2020\/2021\/06\/15\/posada-pedrazales-es-nuestro-nuevo-colaborador\/\" \/>\n<meta property=\"og:site_name\" content=\"S.A.D. A.V. Espartales Sur\" \/>\n<meta property=\"article:publisher\" content=\"https:\/\/www.facebook.com\/sad.av.espartales.sur\" \/>\n<meta property=\"article:published_time\" content=\"2021-06-15T19:03:19+00:00\" \/>\n<meta property=\"article:modified_time\" content=\"2021-06-18T08:14:29+00:00\" \/>\n<meta property=\"og:image\" content=\"https:\/\/sad.espartales.org\/2020\/wp-content\/uploads\/2021\/06\/LOGO-CON-AND.jpg\" \/>\n\t<meta property=\"og:image:width\" content=\"487\" \/>\n\t<meta property=\"og:image:height\" content=\"300\" \/>\n\t<meta property=\"og:image:type\" content=\"image\/jpeg\" \/>\n<meta name=\"author\" content=\"Espartales\" \/>\n<meta name=\"twitter:card\" content=\"summary_large_image\" \/>\n<meta name=\"twitter:creator\" content=\"@SAD_Espartales\" \/>\n<meta name=\"twitter:site\" content=\"@SAD_Espartales\" \/>\n<meta name=\"twitter:label1\" content=\"Escrito por\" \/>\n\t<meta name=\"twitter:data1\" content=\"Espartales\" \/>\n\t<meta name=\"twitter:label2\" content=\"Tiempo de lectura\" \/>\n\t<meta name=\"twitter:data2\" content=\"2 minutos\" \/>\n<script type=\"application\/ld+json\" class=\"yoast-schema-graph\">{\"@context\":\"https:\\\/\\\/schema.org\",\"@graph\":[{\"@type\":\"Article\",\"@id\":\"https:\\\/\\\/sad.espartales.org\\\/2020\\\/2021\\\/06\\\/15\\\/posada-pedrazales-es-nuestro-nuevo-colaborador\\\/#article\",\"isPartOf\":{\"@id\":\"https:\\\/\\\/sad.espartales.org\\\/2020\\\/2021\\\/06\\\/15\\\/posada-pedrazales-es-nuestro-nuevo-colaborador\\\/\"},\"author\":{\"name\":\"Espartales\",\"@id\":\"https:\\\/\\\/sad.espartales.org\\\/#\\\/schema\\\/person\\\/046b4d8121764596d186631009da925e\"},\"headline\":\"Posada Pedrazales es nuestro nuevo colaborador\",\"datePublished\":\"2021-06-15T19:03:19+00:00\",\"dateModified\":\"2021-06-18T08:14:29+00:00\",\"mainEntityOfPage\":{\"@id\":\"https:\\\/\\\/sad.espartales.org\\\/2020\\\/2021\\\/06\\\/15\\\/posada-pedrazales-es-nuestro-nuevo-colaborador\\\/\"},\"wordCount\":377,\"commentCount\":0,\"publisher\":{\"@id\":\"https:\\\/\\\/sad.espartales.org\\\/#organization\"},\"image\":{\"@id\":\"https:\\\/\\\/sad.espartales.org\\\/2020\\\/2021\\\/06\\\/15\\\/posada-pedrazales-es-nuestro-nuevo-colaborador\\\/#primaryimage\"},\"thumbnailUrl\":\"https:\\\/\\\/sad.espartales.org\\\/2020\\\/wp-content\\\/uploads\\\/2021\\\/06\\\/LOGO-CON-AND.jpg\",\"articleSection\":[\"Colaboradores\",\"SAD Espartales Sur\",\"Temporada 2021-2022\"],\"inLanguage\":\"es\",\"potentialAction\":[{\"@type\":\"CommentAction\",\"name\":\"Comment\",\"target\":[\"https:\\\/\\\/sad.espartales.org\\\/2020\\\/2021\\\/06\\\/15\\\/posada-pedrazales-es-nuestro-nuevo-colaborador\\\/#respond\"]}]},{\"@type\":\"WebPage\",\"@id\":\"https:\\\/\\\/sad.espartales.org\\\/2020\\\/2021\\\/06\\\/15\\\/posada-pedrazales-es-nuestro-nuevo-colaborador\\\/\",\"url\":\"https:\\\/\\\/sad.espartales.org\\\/2020\\\/2021\\\/06\\\/15\\\/posada-pedrazales-es-nuestro-nuevo-colaborador\\\/\",\"name\":\"Posada Pedrazales es nuestro nuevo colaborador - S.A.D. A.V. Espartales Sur\",\"isPartOf\":{\"@id\":\"https:\\\/\\\/sad.espartales.org\\\/#website\"},\"primaryImageOfPage\":{\"@id\":\"https:\\\/\\\/sad.espartales.org\\\/2020\\\/2021\\\/06\\\/15\\\/posada-pedrazales-es-nuestro-nuevo-colaborador\\\/#primaryimage\"},\"image\":{\"@id\":\"https:\\\/\\\/sad.espartales.org\\\/2020\\\/2021\\\/06\\\/15\\\/posada-pedrazales-es-nuestro-nuevo-colaborador\\\/#primaryimage\"},\"thumbnailUrl\":\"https:\\\/\\\/sad.espartales.org\\\/2020\\\/wp-content\\\/uploads\\\/2021\\\/06\\\/LOGO-CON-AND.jpg\",\"datePublished\":\"2021-06-15T19:03:19+00:00\",\"dateModified\":\"2021-06-18T08:14:29+00:00\",\"breadcrumb\":{\"@id\":\"https:\\\/\\\/sad.espartales.org\\\/2020\\\/2021\\\/06\\\/15\\\/posada-pedrazales-es-nuestro-nuevo-colaborador\\\/#breadcrumb\"},\"inLanguage\":\"es\",\"potentialAction\":[{\"@type\":\"ReadAction\",\"target\":[\"https:\\\/\\\/sad.espartales.org\\\/2020\\\/2021\\\/06\\\/15\\\/posada-pedrazales-es-nuestro-nuevo-colaborador\\\/\"]}]},{\"@type\":\"ImageObject\",\"inLanguage\":\"es\",\"@id\":\"https:\\\/\\\/sad.espartales.org\\\/2020\\\/2021\\\/06\\\/15\\\/posada-pedrazales-es-nuestro-nuevo-colaborador\\\/#primaryimage\",\"url\":\"https:\\\/\\\/sad.espartales.org\\\/2020\\\/wp-content\\\/uploads\\\/2021\\\/06\\\/LOGO-CON-AND.jpg\",\"contentUrl\":\"https:\\\/\\\/sad.espartales.org\\\/2020\\\/wp-content\\\/uploads\\\/2021\\\/06\\\/LOGO-CON-AND.jpg\",\"width\":487,\"height\":300,\"caption\":\"Posada Pedrazales\"},{\"@type\":\"BreadcrumbList\",\"@id\":\"https:\\\/\\\/sad.espartales.org\\\/2020\\\/2021\\\/06\\\/15\\\/posada-pedrazales-es-nuestro-nuevo-colaborador\\\/#breadcrumb\",\"itemListElement\":[{\"@type\":\"ListItem\",\"position\":1,\"name\":\"Portada\",\"item\":\"https:\\\/\\\/sad.espartales.org\\\/\"},{\"@type\":\"ListItem\",\"position\":2,\"name\":\"Posada Pedrazales es nuestro nuevo colaborador\"}]},{\"@type\":\"WebSite\",\"@id\":\"https:\\\/\\\/sad.espartales.org\\\/#website\",\"url\":\"https:\\\/\\\/sad.espartales.org\\\/\",\"name\":\"S.A.D. A.V. Espartales Sur\",\"description\":\"\",\"publisher\":{\"@id\":\"https:\\\/\\\/sad.espartales.org\\\/#organization\"},\"potentialAction\":[{\"@type\":\"SearchAction\",\"target\":{\"@type\":\"EntryPoint\",\"urlTemplate\":\"https:\\\/\\\/sad.espartales.org\\\/?s={search_term_string}\"},\"query-input\":{\"@type\":\"PropertyValueSpecification\",\"valueRequired\":true,\"valueName\":\"search_term_string\"}}],\"inLanguage\":\"es\"},{\"@type\":\"Organization\",\"@id\":\"https:\\\/\\\/sad.espartales.org\\\/#organization\",\"name\":\"S.A.D. A.V. Espartales Sur\",\"url\":\"https:\\\/\\\/sad.espartales.org\\\/\",\"logo\":{\"@type\":\"ImageObject\",\"inLanguage\":\"es\",\"@id\":\"https:\\\/\\\/sad.espartales.org\\\/#\\\/schema\\\/logo\\\/image\\\/\",\"url\":\"https:\\\/\\\/sad.espartales.org\\\/2020\\\/wp-content\\\/uploads\\\/2021\\\/07\\\/espartales-negro.png\",\"contentUrl\":\"https:\\\/\\\/sad.espartales.org\\\/2020\\\/wp-content\\\/uploads\\\/2021\\\/07\\\/espartales-negro.png\",\"width\":381,\"height\":381,\"caption\":\"S.A.D. A.V. Espartales Sur\"},\"image\":{\"@id\":\"https:\\\/\\\/sad.espartales.org\\\/#\\\/schema\\\/logo\\\/image\\\/\"},\"sameAs\":[\"https:\\\/\\\/www.facebook.com\\\/sad.av.espartales.sur\",\"https:\\\/\\\/x.com\\\/SAD_Espartales\",\"https:\\\/\\\/www.instagram.com\\\/espartalessur\\\/?hl=es\"]},{\"@type\":\"Person\",\"@id\":\"https:\\\/\\\/sad.espartales.org\\\/#\\\/schema\\\/person\\\/046b4d8121764596d186631009da925e\",\"name\":\"Espartales\",\"image\":{\"@type\":\"ImageObject\",\"inLanguage\":\"es\",\"@id\":\"https:\\\/\\\/secure.gravatar.com\\\/avatar\\\/d23e83573ee06f388790d3d652ff35d7a4c992f06b8fb7be39e7f242bfc429bf?s=96&d=mm&r=g\",\"url\":\"https:\\\/\\\/secure.gravatar.com\\\/avatar\\\/d23e83573ee06f388790d3d652ff35d7a4c992f06b8fb7be39e7f242bfc429bf?s=96&d=mm&r=g\",\"contentUrl\":\"https:\\\/\\\/secure.gravatar.com\\\/avatar\\\/d23e83573ee06f388790d3d652ff35d7a4c992f06b8fb7be39e7f242bfc429bf?s=96&d=mm&r=g\",\"caption\":\"Espartales\"},\"sameAs\":[\"http:\\\/\\\/sad.espartales.org\\\/2020\"],\"url\":\"https:\\\/\\\/sad.espartales.org\\\/2020\\\/author\\\/espartales\\\/\"}]}<\/script>\n<!-- \/ Yoast SEO plugin. -->","yoast_head_json":{"title":"Posada Pedrazales es nuestro nuevo colaborador - S.A.D. A.V. Espartales Sur","robots":{"index":"index","follow":"follow","max-snippet":"max-snippet:-1","max-image-preview":"max-image-preview:large","max-video-preview":"max-video-preview:-1"},"canonical":"https:\/\/sad.espartales.org\/2020\/2021\/06\/15\/posada-pedrazales-es-nuestro-nuevo-colaborador\/","og_locale":"es_ES","og_type":"article","og_title":"Posada Pedrazales es nuestro nuevo colaborador - S.A.D. A.V. Espartales Sur","og_description":"S.A.D. Espartales Sur y Posada Pedrazales han llegado a un acuerdo de colaboraci\u00f3n. Gracias a...","og_url":"https:\/\/sad.espartales.org\/2020\/2021\/06\/15\/posada-pedrazales-es-nuestro-nuevo-colaborador\/","og_site_name":"S.A.D. A.V. Espartales Sur","article_publisher":"https:\/\/www.facebook.com\/sad.av.espartales.sur","article_published_time":"2021-06-15T19:03:19+00:00","article_modified_time":"2021-06-18T08:14:29+00:00","og_image":[{"width":487,"height":300,"url":"https:\/\/sad.espartales.org\/2020\/wp-content\/uploads\/2021\/06\/LOGO-CON-AND.jpg","type":"image\/jpeg"}],"author":"Espartales","twitter_card":"summary_large_image","twitter_creator":"@SAD_Espartales","twitter_site":"@SAD_Espartales","twitter_misc":{"Escrito por":"Espartales","Tiempo de lectura":"2 minutos"},"schema":{"@context":"https:\/\/schema.org","@graph":[{"@type":"Article","@id":"https:\/\/sad.espartales.org\/2020\/2021\/06\/15\/posada-pedrazales-es-nuestro-nuevo-colaborador\/#article","isPartOf":{"@id":"https:\/\/sad.espartales.org\/2020\/2021\/06\/15\/posada-pedrazales-es-nuestro-nuevo-colaborador\/"},"author":{"name":"Espartales","@id":"https:\/\/sad.espartales.org\/#\/schema\/person\/046b4d8121764596d186631009da925e"},"headline":"Posada Pedrazales es nuestro nuevo colaborador","datePublished":"2021-06-15T19:03:19+00:00","dateModified":"2021-06-18T08:14:29+00:00","mainEntityOfPage":{"@id":"https:\/\/sad.espartales.org\/2020\/2021\/06\/15\/posada-pedrazales-es-nuestro-nuevo-colaborador\/"},"wordCount":377,"commentCount":0,"publisher":{"@id":"https:\/\/sad.espartales.org\/#organization"},"image":{"@id":"https:\/\/sad.espartales.org\/2020\/2021\/06\/15\/posada-pedrazales-es-nuestro-nuevo-colaborador\/#primaryimage"},"thumbnailUrl":"https:\/\/sad.espartales.org\/2020\/wp-content\/uploads\/2021\/06\/LOGO-CON-AND.jpg","articleSection":["Colaboradores","SAD Espartales Sur","Temporada 2021-2022"],"inLanguage":"es","potentialAction":[{"@type":"CommentAction","name":"Comment","target":["https:\/\/sad.espartales.org\/2020\/2021\/06\/15\/posada-pedrazales-es-nuestro-nuevo-colaborador\/#respond"]}]},{"@type":"WebPage","@id":"https:\/\/sad.espartales.org\/2020\/2021\/06\/15\/posada-pedrazales-es-nuestro-nuevo-colaborador\/","url":"https:\/\/sad.espartales.org\/2020\/2021\/06\/15\/posada-pedrazales-es-nuestro-nuevo-colaborador\/","name":"Posada Pedrazales es nuestro nuevo colaborador - S.A.D. A.V. Espartales Sur","isPartOf":{"@id":"https:\/\/sad.espartales.org\/#website"},"primaryImageOfPage":{"@id":"https:\/\/sad.espartales.org\/2020\/2021\/06\/15\/posada-pedrazales-es-nuestro-nuevo-colaborador\/#primaryimage"},"image":{"@id":"https:\/\/sad.espartales.org\/2020\/2021\/06\/15\/posada-pedrazales-es-nuestro-nuevo-colaborador\/#primaryimage"},"thumbnailUrl":"https:\/\/sad.espartales.org\/2020\/wp-content\/uploads\/2021\/06\/LOGO-CON-AND.jpg","datePublished":"2021-06-15T19:03:19+00:00","dateModified":"2021-06-18T08:14:29+00:00","breadcrumb":{"@id":"https:\/\/sad.espartales.org\/2020\/2021\/06\/15\/posada-pedrazales-es-nuestro-nuevo-colaborador\/#breadcrumb"},"inLanguage":"es","potentialAction":[{"@type":"ReadAction","target":["https:\/\/sad.espartales.org\/2020\/2021\/06\/15\/posada-pedrazales-es-nuestro-nuevo-colaborador\/"]}]},{"@type":"ImageObject","inLanguage":"es","@id":"https:\/\/sad.espartales.org\/2020\/2021\/06\/15\/posada-pedrazales-es-nuestro-nuevo-colaborador\/#primaryimage","url":"https:\/\/sad.espartales.org\/2020\/wp-content\/uploads\/2021\/06\/LOGO-CON-AND.jpg","contentUrl":"https:\/\/sad.espartales.org\/2020\/wp-content\/uploads\/2021\/06\/LOGO-CON-AND.jpg","width":487,"height":300,"caption":"Posada Pedrazales"},{"@type":"BreadcrumbList","@id":"https:\/\/sad.espartales.org\/2020\/2021\/06\/15\/posada-pedrazales-es-nuestro-nuevo-colaborador\/#breadcrumb","itemListElement":[{"@type":"ListItem","position":1,"name":"Portada","item":"https:\/\/sad.espartales.org\/"},{"@type":"ListItem","position":2,"name":"Posada Pedrazales es nuestro nuevo colaborador"}]},{"@type":"WebSite","@id":"https:\/\/sad.espartales.org\/#website","url":"https:\/\/sad.espartales.org\/","name":"S.A.D. A.V. Espartales Sur","description":"","publisher":{"@id":"https:\/\/sad.espartales.org\/#organization"},"potentialAction":[{"@type":"SearchAction","target":{"@type":"EntryPoint","urlTemplate":"https:\/\/sad.espartales.org\/?s={search_term_string}"},"query-input":{"@type":"PropertyValueSpecification","valueRequired":true,"valueName":"search_term_string"}}],"inLanguage":"es"},{"@type":"Organization","@id":"https:\/\/sad.espartales.org\/#organization","name":"S.A.D. A.V. Espartales Sur","url":"https:\/\/sad.espartales.org\/","logo":{"@type":"ImageObject","inLanguage":"es","@id":"https:\/\/sad.espartales.org\/#\/schema\/logo\/image\/","url":"https:\/\/sad.espartales.org\/2020\/wp-content\/uploads\/2021\/07\/espartales-negro.png","contentUrl":"https:\/\/sad.espartales.org\/2020\/wp-content\/uploads\/2021\/07\/espartales-negro.png","width":381,"height":381,"caption":"S.A.D. A.V. Espartales Sur"},"image":{"@id":"https:\/\/sad.espartales.org\/#\/schema\/logo\/image\/"},"sameAs":["https:\/\/www.facebook.com\/sad.av.espartales.sur","https:\/\/x.com\/SAD_Espartales","https:\/\/www.instagram.com\/espartalessur\/?hl=es"]},{"@type":"Person","@id":"https:\/\/sad.espartales.org\/#\/schema\/person\/046b4d8121764596d186631009da925e","name":"Espartales","image":{"@type":"ImageObject","inLanguage":"es","@id":"https:\/\/secure.gravatar.com\/avatar\/d23e83573ee06f388790d3d652ff35d7a4c992f06b8fb7be39e7f242bfc429bf?s=96&d=mm&r=g","url":"https:\/\/secure.gravatar.com\/avatar\/d23e83573ee06f388790d3d652ff35d7a4c992f06b8fb7be39e7f242bfc429bf?s=96&d=mm&r=g","contentUrl":"https:\/\/secure.gravatar.com\/avatar\/d23e83573ee06f388790d3d652ff35d7a4c992f06b8fb7be39e7f242bfc429bf?s=96&d=mm&r=g","caption":"Espartales"},"sameAs":["https:\/\/sad.espartales.org\/2020"],"url":"https:\/\/sad.espartales.org\/2020\/author\/espartales\/"}]}},"_links":{"self":[{"href":"https:\/\/sad.espartales.org\/2020\/wp-json\/wp\/v2\/posts\/6475","targetHints":{"allow":["GET"]}}],"collection":[{"href":"https:\/\/sad.espartales.org\/2020\/wp-json\/wp\/v2\/posts"}],"about":[{"href":"https:\/\/sad.espartales.org\/2020\/wp-json\/wp\/v2\/types\/post"}],"author":[{"embeddable":true,"href":"https:\/\/sad.espartales.org\/2020\/wp-json\/wp\/v2\/users\/1"}],"replies":[{"embeddable":true,"href":"https:\/\/sad.espartales.org\/2020\/wp-json\/wp\/v2\/comments?post=6475"}],"version-history":[{"count":5,"href":"https:\/\/sad.espartales.org\/2020\/wp-json\/wp\/v2\/posts\/6475\/revisions"}],"predecessor-version":[{"id":6502,"href":"https:\/\/sad.espartales.org\/2020\/wp-json\/wp\/v2\/posts\/6475\/revisions\/6502"}],"wp:featuredmedia":[{"embeddable":true,"href":"https:\/\/sad.espartales.org\/2020\/wp-json\/wp\/v2\/media\/6476"}],"wp:attachment":[{"href":"https:\/\/sad.espartales.org\/2020\/wp-json\/wp\/v2\/media?parent=6475"}],"wp:term":[{"taxonomy":"category","embeddable":true,"href":"https:\/\/sad.espartales.org\/2020\/wp-json\/wp\/v2\/categories?post=6475"},{"taxonomy":"post_tag","embeddable":true,"href":"https:\/\/sad.espartales.org\/2020\/wp-json\/wp\/v2\/tags?post=6475"}],"curies":[{"name":"wp","href":"https:\/\/api.w.org\/{rel}","templated":true}]}}