{"id":6490,"date":"2021-06-16T14:22:34","date_gmt":"2021-06-16T14:22:34","guid":{"rendered":"https:\/\/sad.espartales.org\/2020\/?p=6490"},"modified":"2021-06-16T14:22:34","modified_gmt":"2021-06-16T14:22:34","slug":"nos-vamos-de-torneo-a-guadalajara","status":"publish","type":"post","link":"https:\/\/sad.espartales.org\/2020\/2021\/06\/16\/nos-vamos-de-torneo-a-guadalajara\/","title":{"rendered":"\u00a1Nos vamos de torneo a Guadalajara!"},"content":{"rendered":"<p>Este pr\u00f3ximo domingo d\u00eda 20 de junio, nuestro <strong>infantil B<\/strong> y los <strong>prebenjamines<\/strong> participar\u00e1n en el VI torneo del Atl\u00e9tico Guadalajara.<\/p>\n<p>\u00a1Suerte espartanos!<\/p>\n<p><a href=\"https:\/\/sad.espartales.org\/2020\/wp-content\/uploads\/2021\/06\/0006-scaled.jpg\"><img loading=\"lazy\" decoding=\"async\" class=\"alignnone size-large wp-image-6491\" src=\"https:\/\/sad.espartales.org\/2020\/wp-content\/uploads\/2021\/06\/0006-724x1024.jpg\" alt=\"\" width=\"640\" height=\"905\" srcset=\"https:\/\/sad.espartales.org\/2020\/wp-content\/uploads\/2021\/06\/0006-724x1024.jpg 724w, https:\/\/sad.espartales.org\/2020\/wp-content\/uploads\/2021\/06\/0006-212x300.jpg 212w, https:\/\/sad.espartales.org\/2020\/wp-content\/uploads\/2021\/06\/0006-768x1086.jpg 768w, https:\/\/sad.espartales.org\/2020\/wp-content\/uploads\/2021\/06\/0006-1086x1536.jpg 1086w, https:\/\/sad.espartales.org\/2020\/wp-content\/uploads\/2021\/06\/0006-1448x2048.jpg 1448w, https:\/\/sad.espartales.org\/2020\/wp-content\/uploads\/2021\/06\/0006-90x128.jpg 90w, https:\/\/sad.espartales.org\/2020\/wp-content\/uploads\/2021\/06\/0006-23x32.jpg 23w, https:\/\/sad.espartales.org\/2020\/wp-content\/uploads\/2021\/06\/0006-1024x1448.jpg 1024w, https:\/\/sad.espartales.org\/2020\/wp-content\/uploads\/2021\/06\/0006-scaled.jpg 1810w\" sizes=\"auto, (max-width: 640px) 100vw, 640px\" \/><\/a> <a href=\"https:\/\/sad.espartales.org\/2020\/wp-content\/uploads\/2021\/06\/0002-scaled.jpg\"><img loading=\"lazy\" decoding=\"async\" class=\"alignnone size-large wp-image-6492\" src=\"https:\/\/sad.espartales.org\/2020\/wp-content\/uploads\/2021\/06\/0002-724x1024.jpg\" alt=\"\" width=\"640\" height=\"905\" srcset=\"https:\/\/sad.espartales.org\/2020\/wp-content\/uploads\/2021\/06\/0002-724x1024.jpg 724w, https:\/\/sad.espartales.org\/2020\/wp-content\/uploads\/2021\/06\/0002-212x300.jpg 212w, https:\/\/sad.espartales.org\/2020\/wp-content\/uploads\/2021\/06\/0002-768x1086.jpg 768w, https:\/\/sad.espartales.org\/2020\/wp-content\/uploads\/2021\/06\/0002-1086x1536.jpg 1086w, https:\/\/sad.espartales.org\/2020\/wp-content\/uploads\/2021\/06\/0002-1448x2048.jpg 1448w, https:\/\/sad.espartales.org\/2020\/wp-content\/uploads\/2021\/06\/0002-90x128.jpg 90w, https:\/\/sad.espartales.org\/2020\/wp-content\/uploads\/2021\/06\/0002-23x32.jpg 23w, https:\/\/sad.espartales.org\/2020\/wp-content\/uploads\/2021\/06\/0002-1024x1448.jpg 1024w, https:\/\/sad.espartales.org\/2020\/wp-content\/uploads\/2021\/06\/0002-scaled.jpg 1810w\" sizes=\"auto, (max-width: 640px) 100vw, 640px\" \/><\/a><\/p>\n","protected":false},"excerpt":{"rendered":"<p>Este pr\u00f3ximo domingo d\u00eda 20 de junio, nuestro infantil B y los prebenjamines participar\u00e1n en&#8230;<\/p>\n","protected":false},"author":1,"featured_media":6493,"comment_status":"open","ping_status":"open","sticky":false,"template":"","format":"image","meta":{"footnotes":""},"categories":[136,125,124],"tags":[],"class_list":["post-6490","post","type-post","status-publish","format-image","has-post-thumbnail","hentry","category-destacadas","category-sad-espartales-sur","category-temporada-2020-2021","post_format-post-format-image"],"yoast_head":"<!-- This site is optimized with the Yoast SEO plugin v27.5 - https:\/\/yoast.com\/product\/yoast-seo-wordpress\/ -->\n<title>\u00a1Nos vamos de torneo a Guadalajara! - S.A.D. A.V. Espartales Sur<\/title>\n<meta name=\"robots\" content=\"index, follow, max-snippet:-1, max-image-preview:large, max-video-preview:-1\" \/>\n<link rel=\"canonical\" href=\"https:\/\/sad.espartales.org\/2020\/2021\/06\/16\/nos-vamos-de-torneo-a-guadalajara\/\" \/>\n<meta property=\"og:locale\" content=\"es_ES\" \/>\n<meta property=\"og:type\" content=\"article\" \/>\n<meta property=\"og:title\" content=\"\u00a1Nos vamos de torneo a Guadalajara! - S.A.D. A.V. Espartales Sur\" \/>\n<meta property=\"og:description\" content=\"Este pr\u00f3ximo domingo d\u00eda 20 de junio, nuestro infantil B y los prebenjamines participar\u00e1n en...\" \/>\n<meta property=\"og:url\" content=\"https:\/\/sad.espartales.org\/2020\/2021\/06\/16\/nos-vamos-de-torneo-a-guadalajara\/\" \/>\n<meta property=\"og:site_name\" content=\"S.A.D. A.V. Espartales Sur\" \/>\n<meta property=\"article:publisher\" content=\"https:\/\/www.facebook.com\/sad.av.espartales.sur\" \/>\n<meta property=\"article:published_time\" content=\"2021-06-16T14:22:34+00:00\" \/>\n<meta property=\"og:image\" content=\"https:\/\/sad.espartales.org\/2020\/wp-content\/uploads\/2021\/06\/torneo_guada-scaled.jpg\" \/>\n\t<meta property=\"og:image:width\" content=\"2560\" \/>\n\t<meta property=\"og:image:height\" content=\"774\" \/>\n\t<meta property=\"og:image:type\" content=\"image\/jpeg\" \/>\n<meta name=\"author\" content=\"Espartales\" \/>\n<meta name=\"twitter:card\" content=\"summary_large_image\" \/>\n<meta name=\"twitter:creator\" content=\"@SAD_Espartales\" \/>\n<meta name=\"twitter:site\" content=\"@SAD_Espartales\" \/>\n<meta name=\"twitter:label1\" content=\"Escrito por\" \/>\n\t<meta name=\"twitter:data1\" content=\"Espartales\" \/>\n<script type=\"application\/ld+json\" class=\"yoast-schema-graph\">{\"@context\":\"https:\\\/\\\/schema.org\",\"@graph\":[{\"@type\":\"Article\",\"@id\":\"https:\\\/\\\/sad.espartales.org\\\/2020\\\/2021\\\/06\\\/16\\\/nos-vamos-de-torneo-a-guadalajara\\\/#article\",\"isPartOf\":{\"@id\":\"https:\\\/\\\/sad.espartales.org\\\/2020\\\/2021\\\/06\\\/16\\\/nos-vamos-de-torneo-a-guadalajara\\\/\"},\"author\":{\"name\":\"Espartales\",\"@id\":\"https:\\\/\\\/sad.espartales.org\\\/#\\\/schema\\\/person\\\/046b4d8121764596d186631009da925e\"},\"headline\":\"\u00a1Nos vamos de torneo a Guadalajara!\",\"datePublished\":\"2021-06-16T14:22:34+00:00\",\"mainEntityOfPage\":{\"@id\":\"https:\\\/\\\/sad.espartales.org\\\/2020\\\/2021\\\/06\\\/16\\\/nos-vamos-de-torneo-a-guadalajara\\\/\"},\"wordCount\":32,\"commentCount\":0,\"publisher\":{\"@id\":\"https:\\\/\\\/sad.espartales.org\\\/#organization\"},\"image\":{\"@id\":\"https:\\\/\\\/sad.espartales.org\\\/2020\\\/2021\\\/06\\\/16\\\/nos-vamos-de-torneo-a-guadalajara\\\/#primaryimage\"},\"thumbnailUrl\":\"https:\\\/\\\/sad.espartales.org\\\/2020\\\/wp-content\\\/uploads\\\/2021\\\/06\\\/torneo_guada-scaled.jpg\",\"articleSection\":[\"Destacadas\",\"SAD Espartales Sur\",\"Temporada 2020-2021\"],\"inLanguage\":\"es\",\"potentialAction\":[{\"@type\":\"CommentAction\",\"name\":\"Comment\",\"target\":[\"https:\\\/\\\/sad.espartales.org\\\/2020\\\/2021\\\/06\\\/16\\\/nos-vamos-de-torneo-a-guadalajara\\\/#respond\"]}]},{\"@type\":\"WebPage\",\"@id\":\"https:\\\/\\\/sad.espartales.org\\\/2020\\\/2021\\\/06\\\/16\\\/nos-vamos-de-torneo-a-guadalajara\\\/\",\"url\":\"https:\\\/\\\/sad.espartales.org\\\/2020\\\/2021\\\/06\\\/16\\\/nos-vamos-de-torneo-a-guadalajara\\\/\",\"name\":\"\u00a1Nos vamos de torneo a Guadalajara! - S.A.D. A.V. Espartales Sur\",\"isPartOf\":{\"@id\":\"https:\\\/\\\/sad.espartales.org\\\/#website\"},\"primaryImageOfPage\":{\"@id\":\"https:\\\/\\\/sad.espartales.org\\\/2020\\\/2021\\\/06\\\/16\\\/nos-vamos-de-torneo-a-guadalajara\\\/#primaryimage\"},\"image\":{\"@id\":\"https:\\\/\\\/sad.espartales.org\\\/2020\\\/2021\\\/06\\\/16\\\/nos-vamos-de-torneo-a-guadalajara\\\/#primaryimage\"},\"thumbnailUrl\":\"https:\\\/\\\/sad.espartales.org\\\/2020\\\/wp-content\\\/uploads\\\/2021\\\/06\\\/torneo_guada-scaled.jpg\",\"datePublished\":\"2021-06-16T14:22:34+00:00\",\"breadcrumb\":{\"@id\":\"https:\\\/\\\/sad.espartales.org\\\/2020\\\/2021\\\/06\\\/16\\\/nos-vamos-de-torneo-a-guadalajara\\\/#breadcrumb\"},\"inLanguage\":\"es\",\"potentialAction\":[{\"@type\":\"ReadAction\",\"target\":[\"https:\\\/\\\/sad.espartales.org\\\/2020\\\/2021\\\/06\\\/16\\\/nos-vamos-de-torneo-a-guadalajara\\\/\"]}]},{\"@type\":\"ImageObject\",\"inLanguage\":\"es\",\"@id\":\"https:\\\/\\\/sad.espartales.org\\\/2020\\\/2021\\\/06\\\/16\\\/nos-vamos-de-torneo-a-guadalajara\\\/#primaryimage\",\"url\":\"https:\\\/\\\/sad.espartales.org\\\/2020\\\/wp-content\\\/uploads\\\/2021\\\/06\\\/torneo_guada-scaled.jpg\",\"contentUrl\":\"https:\\\/\\\/sad.espartales.org\\\/2020\\\/wp-content\\\/uploads\\\/2021\\\/06\\\/torneo_guada-scaled.jpg\",\"width\":2560,\"height\":774},{\"@type\":\"BreadcrumbList\",\"@id\":\"https:\\\/\\\/sad.espartales.org\\\/2020\\\/2021\\\/06\\\/16\\\/nos-vamos-de-torneo-a-guadalajara\\\/#breadcrumb\",\"itemListElement\":[{\"@type\":\"ListItem\",\"position\":1,\"name\":\"Portada\",\"item\":\"https:\\\/\\\/sad.espartales.org\\\/\"},{\"@type\":\"ListItem\",\"position\":2,\"name\":\"\u00a1Nos vamos de torneo a Guadalajara!\"}]},{\"@type\":\"WebSite\",\"@id\":\"https:\\\/\\\/sad.espartales.org\\\/#website\",\"url\":\"https:\\\/\\\/sad.espartales.org\\\/\",\"name\":\"S.A.D. A.V. Espartales Sur\",\"description\":\"\",\"publisher\":{\"@id\":\"https:\\\/\\\/sad.espartales.org\\\/#organization\"},\"potentialAction\":[{\"@type\":\"SearchAction\",\"target\":{\"@type\":\"EntryPoint\",\"urlTemplate\":\"https:\\\/\\\/sad.espartales.org\\\/?s={search_term_string}\"},\"query-input\":{\"@type\":\"PropertyValueSpecification\",\"valueRequired\":true,\"valueName\":\"search_term_string\"}}],\"inLanguage\":\"es\"},{\"@type\":\"Organization\",\"@id\":\"https:\\\/\\\/sad.espartales.org\\\/#organization\",\"name\":\"S.A.D. A.V. Espartales Sur\",\"url\":\"https:\\\/\\\/sad.espartales.org\\\/\",\"logo\":{\"@type\":\"ImageObject\",\"inLanguage\":\"es\",\"@id\":\"https:\\\/\\\/sad.espartales.org\\\/#\\\/schema\\\/logo\\\/image\\\/\",\"url\":\"https:\\\/\\\/sad.espartales.org\\\/2020\\\/wp-content\\\/uploads\\\/2021\\\/07\\\/espartales-negro.png\",\"contentUrl\":\"https:\\\/\\\/sad.espartales.org\\\/2020\\\/wp-content\\\/uploads\\\/2021\\\/07\\\/espartales-negro.png\",\"width\":381,\"height\":381,\"caption\":\"S.A.D. A.V. Espartales Sur\"},\"image\":{\"@id\":\"https:\\\/\\\/sad.espartales.org\\\/#\\\/schema\\\/logo\\\/image\\\/\"},\"sameAs\":[\"https:\\\/\\\/www.facebook.com\\\/sad.av.espartales.sur\",\"https:\\\/\\\/x.com\\\/SAD_Espartales\",\"https:\\\/\\\/www.instagram.com\\\/espartalessur\\\/?hl=es\"]},{\"@type\":\"Person\",\"@id\":\"https:\\\/\\\/sad.espartales.org\\\/#\\\/schema\\\/person\\\/046b4d8121764596d186631009da925e\",\"name\":\"Espartales\",\"image\":{\"@type\":\"ImageObject\",\"inLanguage\":\"es\",\"@id\":\"https:\\\/\\\/secure.gravatar.com\\\/avatar\\\/d23e83573ee06f388790d3d652ff35d7a4c992f06b8fb7be39e7f242bfc429bf?s=96&d=mm&r=g\",\"url\":\"https:\\\/\\\/secure.gravatar.com\\\/avatar\\\/d23e83573ee06f388790d3d652ff35d7a4c992f06b8fb7be39e7f242bfc429bf?s=96&d=mm&r=g\",\"contentUrl\":\"https:\\\/\\\/secure.gravatar.com\\\/avatar\\\/d23e83573ee06f388790d3d652ff35d7a4c992f06b8fb7be39e7f242bfc429bf?s=96&d=mm&r=g\",\"caption\":\"Espartales\"},\"sameAs\":[\"http:\\\/\\\/sad.espartales.org\\\/2020\"],\"url\":\"https:\\\/\\\/sad.espartales.org\\\/2020\\\/author\\\/espartales\\\/\"}]}<\/script>\n<!-- \/ Yoast SEO plugin. -->","yoast_head_json":{"title":"\u00a1Nos vamos de torneo a Guadalajara! - S.A.D. A.V. Espartales Sur","robots":{"index":"index","follow":"follow","max-snippet":"max-snippet:-1","max-image-preview":"max-image-preview:large","max-video-preview":"max-video-preview:-1"},"canonical":"https:\/\/sad.espartales.org\/2020\/2021\/06\/16\/nos-vamos-de-torneo-a-guadalajara\/","og_locale":"es_ES","og_type":"article","og_title":"\u00a1Nos vamos de torneo a Guadalajara! - S.A.D. A.V. Espartales Sur","og_description":"Este pr\u00f3ximo domingo d\u00eda 20 de junio, nuestro infantil B y los prebenjamines participar\u00e1n en...","og_url":"https:\/\/sad.espartales.org\/2020\/2021\/06\/16\/nos-vamos-de-torneo-a-guadalajara\/","og_site_name":"S.A.D. A.V. Espartales Sur","article_publisher":"https:\/\/www.facebook.com\/sad.av.espartales.sur","article_published_time":"2021-06-16T14:22:34+00:00","og_image":[{"width":2560,"height":774,"url":"https:\/\/sad.espartales.org\/2020\/wp-content\/uploads\/2021\/06\/torneo_guada-scaled.jpg","type":"image\/jpeg"}],"author":"Espartales","twitter_card":"summary_large_image","twitter_creator":"@SAD_Espartales","twitter_site":"@SAD_Espartales","twitter_misc":{"Escrito por":"Espartales"},"schema":{"@context":"https:\/\/schema.org","@graph":[{"@type":"Article","@id":"https:\/\/sad.espartales.org\/2020\/2021\/06\/16\/nos-vamos-de-torneo-a-guadalajara\/#article","isPartOf":{"@id":"https:\/\/sad.espartales.org\/2020\/2021\/06\/16\/nos-vamos-de-torneo-a-guadalajara\/"},"author":{"name":"Espartales","@id":"https:\/\/sad.espartales.org\/#\/schema\/person\/046b4d8121764596d186631009da925e"},"headline":"\u00a1Nos vamos de torneo a Guadalajara!","datePublished":"2021-06-16T14:22:34+00:00","mainEntityOfPage":{"@id":"https:\/\/sad.espartales.org\/2020\/2021\/06\/16\/nos-vamos-de-torneo-a-guadalajara\/"},"wordCount":32,"commentCount":0,"publisher":{"@id":"https:\/\/sad.espartales.org\/#organization"},"image":{"@id":"https:\/\/sad.espartales.org\/2020\/2021\/06\/16\/nos-vamos-de-torneo-a-guadalajara\/#primaryimage"},"thumbnailUrl":"https:\/\/sad.espartales.org\/2020\/wp-content\/uploads\/2021\/06\/torneo_guada-scaled.jpg","articleSection":["Destacadas","SAD Espartales Sur","Temporada 2020-2021"],"inLanguage":"es","potentialAction":[{"@type":"CommentAction","name":"Comment","target":["https:\/\/sad.espartales.org\/2020\/2021\/06\/16\/nos-vamos-de-torneo-a-guadalajara\/#respond"]}]},{"@type":"WebPage","@id":"https:\/\/sad.espartales.org\/2020\/2021\/06\/16\/nos-vamos-de-torneo-a-guadalajara\/","url":"https:\/\/sad.espartales.org\/2020\/2021\/06\/16\/nos-vamos-de-torneo-a-guadalajara\/","name":"\u00a1Nos vamos de torneo a Guadalajara! - S.A.D. A.V. Espartales Sur","isPartOf":{"@id":"https:\/\/sad.espartales.org\/#website"},"primaryImageOfPage":{"@id":"https:\/\/sad.espartales.org\/2020\/2021\/06\/16\/nos-vamos-de-torneo-a-guadalajara\/#primaryimage"},"image":{"@id":"https:\/\/sad.espartales.org\/2020\/2021\/06\/16\/nos-vamos-de-torneo-a-guadalajara\/#primaryimage"},"thumbnailUrl":"https:\/\/sad.espartales.org\/2020\/wp-content\/uploads\/2021\/06\/torneo_guada-scaled.jpg","datePublished":"2021-06-16T14:22:34+00:00","breadcrumb":{"@id":"https:\/\/sad.espartales.org\/2020\/2021\/06\/16\/nos-vamos-de-torneo-a-guadalajara\/#breadcrumb"},"inLanguage":"es","potentialAction":[{"@type":"ReadAction","target":["https:\/\/sad.espartales.org\/2020\/2021\/06\/16\/nos-vamos-de-torneo-a-guadalajara\/"]}]},{"@type":"ImageObject","inLanguage":"es","@id":"https:\/\/sad.espartales.org\/2020\/2021\/06\/16\/nos-vamos-de-torneo-a-guadalajara\/#primaryimage","url":"https:\/\/sad.espartales.org\/2020\/wp-content\/uploads\/2021\/06\/torneo_guada-scaled.jpg","contentUrl":"https:\/\/sad.espartales.org\/2020\/wp-content\/uploads\/2021\/06\/torneo_guada-scaled.jpg","width":2560,"height":774},{"@type":"BreadcrumbList","@id":"https:\/\/sad.espartales.org\/2020\/2021\/06\/16\/nos-vamos-de-torneo-a-guadalajara\/#breadcrumb","itemListElement":[{"@type":"ListItem","position":1,"name":"Portada","item":"https:\/\/sad.espartales.org\/"},{"@type":"ListItem","position":2,"name":"\u00a1Nos vamos de torneo a Guadalajara!"}]},{"@type":"WebSite","@id":"https:\/\/sad.espartales.org\/#website","url":"https:\/\/sad.espartales.org\/","name":"S.A.D. A.V. Espartales Sur","description":"","publisher":{"@id":"https:\/\/sad.espartales.org\/#organization"},"potentialAction":[{"@type":"SearchAction","target":{"@type":"EntryPoint","urlTemplate":"https:\/\/sad.espartales.org\/?s={search_term_string}"},"query-input":{"@type":"PropertyValueSpecification","valueRequired":true,"valueName":"search_term_string"}}],"inLanguage":"es"},{"@type":"Organization","@id":"https:\/\/sad.espartales.org\/#organization","name":"S.A.D. A.V. Espartales Sur","url":"https:\/\/sad.espartales.org\/","logo":{"@type":"ImageObject","inLanguage":"es","@id":"https:\/\/sad.espartales.org\/#\/schema\/logo\/image\/","url":"https:\/\/sad.espartales.org\/2020\/wp-content\/uploads\/2021\/07\/espartales-negro.png","contentUrl":"https:\/\/sad.espartales.org\/2020\/wp-content\/uploads\/2021\/07\/espartales-negro.png","width":381,"height":381,"caption":"S.A.D. A.V. Espartales Sur"},"image":{"@id":"https:\/\/sad.espartales.org\/#\/schema\/logo\/image\/"},"sameAs":["https:\/\/www.facebook.com\/sad.av.espartales.sur","https:\/\/x.com\/SAD_Espartales","https:\/\/www.instagram.com\/espartalessur\/?hl=es"]},{"@type":"Person","@id":"https:\/\/sad.espartales.org\/#\/schema\/person\/046b4d8121764596d186631009da925e","name":"Espartales","image":{"@type":"ImageObject","inLanguage":"es","@id":"https:\/\/secure.gravatar.com\/avatar\/d23e83573ee06f388790d3d652ff35d7a4c992f06b8fb7be39e7f242bfc429bf?s=96&d=mm&r=g","url":"https:\/\/secure.gravatar.com\/avatar\/d23e83573ee06f388790d3d652ff35d7a4c992f06b8fb7be39e7f242bfc429bf?s=96&d=mm&r=g","contentUrl":"https:\/\/secure.gravatar.com\/avatar\/d23e83573ee06f388790d3d652ff35d7a4c992f06b8fb7be39e7f242bfc429bf?s=96&d=mm&r=g","caption":"Espartales"},"sameAs":["https:\/\/sad.espartales.org\/2020"],"url":"https:\/\/sad.espartales.org\/2020\/author\/espartales\/"}]}},"_links":{"self":[{"href":"https:\/\/sad.espartales.org\/2020\/wp-json\/wp\/v2\/posts\/6490","targetHints":{"allow":["GET"]}}],"collection":[{"href":"https:\/\/sad.espartales.org\/2020\/wp-json\/wp\/v2\/posts"}],"about":[{"href":"https:\/\/sad.espartales.org\/2020\/wp-json\/wp\/v2\/types\/post"}],"author":[{"embeddable":true,"href":"https:\/\/sad.espartales.org\/2020\/wp-json\/wp\/v2\/users\/1"}],"replies":[{"embeddable":true,"href":"https:\/\/sad.espartales.org\/2020\/wp-json\/wp\/v2\/comments?post=6490"}],"version-history":[{"count":1,"href":"https:\/\/sad.espartales.org\/2020\/wp-json\/wp\/v2\/posts\/6490\/revisions"}],"predecessor-version":[{"id":6494,"href":"https:\/\/sad.espartales.org\/2020\/wp-json\/wp\/v2\/posts\/6490\/revisions\/6494"}],"wp:featuredmedia":[{"embeddable":true,"href":"https:\/\/sad.espartales.org\/2020\/wp-json\/wp\/v2\/media\/6493"}],"wp:attachment":[{"href":"https:\/\/sad.espartales.org\/2020\/wp-json\/wp\/v2\/media?parent=6490"}],"wp:term":[{"taxonomy":"category","embeddable":true,"href":"https:\/\/sad.espartales.org\/2020\/wp-json\/wp\/v2\/categories?post=6490"},{"taxonomy":"post_tag","embeddable":true,"href":"https:\/\/sad.espartales.org\/2020\/wp-json\/wp\/v2\/tags?post=6490"}],"curies":[{"name":"wp","href":"https:\/\/api.w.org\/{rel}","templated":true}]}}