{"id":6507,"date":"2021-06-21T11:01:42","date_gmt":"2021-06-21T11:01:42","guid":{"rendered":"https:\/\/sad.espartales.org\/2020\/?p=6507"},"modified":"2021-06-21T11:02:21","modified_gmt":"2021-06-21T11:02:21","slug":"espartales-participa-en-madcup-2021","status":"publish","type":"post","link":"https:\/\/sad.espartales.org\/2020\/2021\/06\/21\/espartales-participa-en-madcup-2021\/","title":{"rendered":"Espartales participa en MadCup 2021"},"content":{"rendered":"<p><strong>S.A.D. Espartales Sur<\/strong> participar\u00e1 en la primera edici\u00f3n de la <strong>MadCup<\/strong> en categor\u00edas <strong>cadete y alev\u00edn<\/strong>. Adem\u00e1s, vamos a ser sede de partidos del torneo durante el viernes 25 y el domingo 27.<\/p>\n<p>&nbsp;<\/p>\n<p>Os facilitamos la composici\u00f3n de los grupos para las categor\u00edas en las que competimos.<\/p>\n<p>&nbsp;<\/p>\n<p><a href=\"https:\/\/sad.espartales.org\/2020\/wp-content\/uploads\/2021\/06\/E39RMnMXwAM9whE.jpg\"><img loading=\"lazy\" decoding=\"async\" class=\"alignnone size-full wp-image-6508\" src=\"https:\/\/sad.espartales.org\/2020\/wp-content\/uploads\/2021\/06\/E39RMnMXwAM9whE.jpg\" alt=\"\" width=\"900\" height=\"450\" srcset=\"https:\/\/sad.espartales.org\/2020\/wp-content\/uploads\/2021\/06\/E39RMnMXwAM9whE.jpg 900w, https:\/\/sad.espartales.org\/2020\/wp-content\/uploads\/2021\/06\/E39RMnMXwAM9whE-300x150.jpg 300w, https:\/\/sad.espartales.org\/2020\/wp-content\/uploads\/2021\/06\/E39RMnMXwAM9whE-768x384.jpg 768w, https:\/\/sad.espartales.org\/2020\/wp-content\/uploads\/2021\/06\/E39RMnMXwAM9whE-128x64.jpg 128w, https:\/\/sad.espartales.org\/2020\/wp-content\/uploads\/2021\/06\/E39RMnMXwAM9whE-32x16.jpg 32w\" sizes=\"auto, (max-width: 900px) 100vw, 900px\" \/><\/a><\/p>\n<p>&nbsp;<\/p>\n<p><a href=\"https:\/\/sad.espartales.org\/2020\/wp-content\/uploads\/2021\/06\/E38vrljXMAU4fJn.jpg\"><img loading=\"lazy\" decoding=\"async\" class=\"alignnone size-large wp-image-6509\" src=\"https:\/\/sad.espartales.org\/2020\/wp-content\/uploads\/2021\/06\/E38vrljXMAU4fJn.jpg\" alt=\"\" width=\"640\" height=\"335\" srcset=\"https:\/\/sad.espartales.org\/2020\/wp-content\/uploads\/2021\/06\/E38vrljXMAU4fJn.jpg 859w, https:\/\/sad.espartales.org\/2020\/wp-content\/uploads\/2021\/06\/E38vrljXMAU4fJn-300x157.jpg 300w, https:\/\/sad.espartales.org\/2020\/wp-content\/uploads\/2021\/06\/E38vrljXMAU4fJn-768x402.jpg 768w, https:\/\/sad.espartales.org\/2020\/wp-content\/uploads\/2021\/06\/E38vrljXMAU4fJn-128x67.jpg 128w, https:\/\/sad.espartales.org\/2020\/wp-content\/uploads\/2021\/06\/E38vrljXMAU4fJn-32x17.jpg 32w\" sizes=\"auto, (max-width: 640px) 100vw, 640px\" \/><\/a><\/p>\n<p>&nbsp;<\/p>\n<p>Toda la informaci\u00f3n relativa al torneo, horarios, grupos, estadios, se puede consultar en la app OWQLO.<\/p>\n<p>Mucha suerte a nuestros espartanos.<\/p>\n<p>&nbsp;<\/p>\n<p>&nbsp;<\/p>\n<p>&nbsp;<\/p>\n","protected":false},"excerpt":{"rendered":"<p>S.A.D. Espartales Sur participar\u00e1 en la primera edici\u00f3n de la MadCup en categor\u00edas cadete y&#8230;<\/p>\n","protected":false},"author":1,"featured_media":6510,"comment_status":"open","ping_status":"open","sticky":false,"template":"","format":"standard","meta":{"footnotes":""},"categories":[136,122,125,124],"tags":[],"class_list":["post-6507","post","type-post","status-publish","format-standard","has-post-thumbnail","hentry","category-destacadas","category-rffm","category-sad-espartales-sur","category-temporada-2020-2021"],"yoast_head":"<!-- This site is optimized with the Yoast SEO plugin v27.5 - https:\/\/yoast.com\/product\/yoast-seo-wordpress\/ -->\n<title>Espartales participa en MadCup 2021 - S.A.D. A.V. Espartales Sur<\/title>\n<meta name=\"robots\" content=\"index, follow, max-snippet:-1, max-image-preview:large, max-video-preview:-1\" \/>\n<link rel=\"canonical\" href=\"https:\/\/sad.espartales.org\/2020\/2021\/06\/21\/espartales-participa-en-madcup-2021\/\" \/>\n<meta property=\"og:locale\" content=\"es_ES\" \/>\n<meta property=\"og:type\" content=\"article\" \/>\n<meta property=\"og:title\" content=\"Espartales participa en MadCup 2021 - S.A.D. A.V. Espartales Sur\" \/>\n<meta property=\"og:description\" content=\"S.A.D. Espartales Sur participar\u00e1 en la primera edici\u00f3n de la MadCup en categor\u00edas cadete y...\" \/>\n<meta property=\"og:url\" content=\"https:\/\/sad.espartales.org\/2020\/2021\/06\/21\/espartales-participa-en-madcup-2021\/\" \/>\n<meta property=\"og:site_name\" content=\"S.A.D. A.V. Espartales Sur\" \/>\n<meta property=\"article:publisher\" content=\"https:\/\/www.facebook.com\/sad.av.espartales.sur\" \/>\n<meta property=\"article:published_time\" content=\"2021-06-21T11:01:42+00:00\" \/>\n<meta property=\"article:modified_time\" content=\"2021-06-21T11:02:21+00:00\" \/>\n<meta property=\"og:image\" content=\"https:\/\/sad.espartales.org\/2020\/wp-content\/uploads\/2021\/06\/E4P3Y1kXoAg9aUV.jpg\" \/>\n\t<meta property=\"og:image:width\" content=\"680\" \/>\n\t<meta property=\"og:image:height\" content=\"680\" \/>\n\t<meta property=\"og:image:type\" content=\"image\/jpeg\" \/>\n<meta name=\"author\" content=\"Espartales\" \/>\n<meta name=\"twitter:card\" content=\"summary_large_image\" \/>\n<meta name=\"twitter:creator\" content=\"@SAD_Espartales\" \/>\n<meta name=\"twitter:site\" content=\"@SAD_Espartales\" \/>\n<meta name=\"twitter:label1\" content=\"Escrito por\" \/>\n\t<meta name=\"twitter:data1\" content=\"Espartales\" \/>\n<script type=\"application\/ld+json\" class=\"yoast-schema-graph\">{\"@context\":\"https:\\\/\\\/schema.org\",\"@graph\":[{\"@type\":\"Article\",\"@id\":\"https:\\\/\\\/sad.espartales.org\\\/2020\\\/2021\\\/06\\\/21\\\/espartales-participa-en-madcup-2021\\\/#article\",\"isPartOf\":{\"@id\":\"https:\\\/\\\/sad.espartales.org\\\/2020\\\/2021\\\/06\\\/21\\\/espartales-participa-en-madcup-2021\\\/\"},\"author\":{\"name\":\"Espartales\",\"@id\":\"https:\\\/\\\/sad.espartales.org\\\/#\\\/schema\\\/person\\\/046b4d8121764596d186631009da925e\"},\"headline\":\"Espartales participa en MadCup 2021\",\"datePublished\":\"2021-06-21T11:01:42+00:00\",\"dateModified\":\"2021-06-21T11:02:21+00:00\",\"mainEntityOfPage\":{\"@id\":\"https:\\\/\\\/sad.espartales.org\\\/2020\\\/2021\\\/06\\\/21\\\/espartales-participa-en-madcup-2021\\\/\"},\"wordCount\":86,\"commentCount\":0,\"publisher\":{\"@id\":\"https:\\\/\\\/sad.espartales.org\\\/#organization\"},\"image\":{\"@id\":\"https:\\\/\\\/sad.espartales.org\\\/2020\\\/2021\\\/06\\\/21\\\/espartales-participa-en-madcup-2021\\\/#primaryimage\"},\"thumbnailUrl\":\"https:\\\/\\\/sad.espartales.org\\\/2020\\\/wp-content\\\/uploads\\\/2021\\\/06\\\/E4P3Y1kXoAg9aUV.jpg\",\"articleSection\":[\"Destacadas\",\"RFFM\",\"SAD Espartales Sur\",\"Temporada 2020-2021\"],\"inLanguage\":\"es\",\"potentialAction\":[{\"@type\":\"CommentAction\",\"name\":\"Comment\",\"target\":[\"https:\\\/\\\/sad.espartales.org\\\/2020\\\/2021\\\/06\\\/21\\\/espartales-participa-en-madcup-2021\\\/#respond\"]}]},{\"@type\":\"WebPage\",\"@id\":\"https:\\\/\\\/sad.espartales.org\\\/2020\\\/2021\\\/06\\\/21\\\/espartales-participa-en-madcup-2021\\\/\",\"url\":\"https:\\\/\\\/sad.espartales.org\\\/2020\\\/2021\\\/06\\\/21\\\/espartales-participa-en-madcup-2021\\\/\",\"name\":\"Espartales participa en MadCup 2021 - S.A.D. A.V. Espartales Sur\",\"isPartOf\":{\"@id\":\"https:\\\/\\\/sad.espartales.org\\\/#website\"},\"primaryImageOfPage\":{\"@id\":\"https:\\\/\\\/sad.espartales.org\\\/2020\\\/2021\\\/06\\\/21\\\/espartales-participa-en-madcup-2021\\\/#primaryimage\"},\"image\":{\"@id\":\"https:\\\/\\\/sad.espartales.org\\\/2020\\\/2021\\\/06\\\/21\\\/espartales-participa-en-madcup-2021\\\/#primaryimage\"},\"thumbnailUrl\":\"https:\\\/\\\/sad.espartales.org\\\/2020\\\/wp-content\\\/uploads\\\/2021\\\/06\\\/E4P3Y1kXoAg9aUV.jpg\",\"datePublished\":\"2021-06-21T11:01:42+00:00\",\"dateModified\":\"2021-06-21T11:02:21+00:00\",\"breadcrumb\":{\"@id\":\"https:\\\/\\\/sad.espartales.org\\\/2020\\\/2021\\\/06\\\/21\\\/espartales-participa-en-madcup-2021\\\/#breadcrumb\"},\"inLanguage\":\"es\",\"potentialAction\":[{\"@type\":\"ReadAction\",\"target\":[\"https:\\\/\\\/sad.espartales.org\\\/2020\\\/2021\\\/06\\\/21\\\/espartales-participa-en-madcup-2021\\\/\"]}]},{\"@type\":\"ImageObject\",\"inLanguage\":\"es\",\"@id\":\"https:\\\/\\\/sad.espartales.org\\\/2020\\\/2021\\\/06\\\/21\\\/espartales-participa-en-madcup-2021\\\/#primaryimage\",\"url\":\"https:\\\/\\\/sad.espartales.org\\\/2020\\\/wp-content\\\/uploads\\\/2021\\\/06\\\/E4P3Y1kXoAg9aUV.jpg\",\"contentUrl\":\"https:\\\/\\\/sad.espartales.org\\\/2020\\\/wp-content\\\/uploads\\\/2021\\\/06\\\/E4P3Y1kXoAg9aUV.jpg\",\"width\":680,\"height\":680},{\"@type\":\"BreadcrumbList\",\"@id\":\"https:\\\/\\\/sad.espartales.org\\\/2020\\\/2021\\\/06\\\/21\\\/espartales-participa-en-madcup-2021\\\/#breadcrumb\",\"itemListElement\":[{\"@type\":\"ListItem\",\"position\":1,\"name\":\"Portada\",\"item\":\"https:\\\/\\\/sad.espartales.org\\\/\"},{\"@type\":\"ListItem\",\"position\":2,\"name\":\"Espartales participa en MadCup 2021\"}]},{\"@type\":\"WebSite\",\"@id\":\"https:\\\/\\\/sad.espartales.org\\\/#website\",\"url\":\"https:\\\/\\\/sad.espartales.org\\\/\",\"name\":\"S.A.D. A.V. Espartales Sur\",\"description\":\"\",\"publisher\":{\"@id\":\"https:\\\/\\\/sad.espartales.org\\\/#organization\"},\"potentialAction\":[{\"@type\":\"SearchAction\",\"target\":{\"@type\":\"EntryPoint\",\"urlTemplate\":\"https:\\\/\\\/sad.espartales.org\\\/?s={search_term_string}\"},\"query-input\":{\"@type\":\"PropertyValueSpecification\",\"valueRequired\":true,\"valueName\":\"search_term_string\"}}],\"inLanguage\":\"es\"},{\"@type\":\"Organization\",\"@id\":\"https:\\\/\\\/sad.espartales.org\\\/#organization\",\"name\":\"S.A.D. A.V. Espartales Sur\",\"url\":\"https:\\\/\\\/sad.espartales.org\\\/\",\"logo\":{\"@type\":\"ImageObject\",\"inLanguage\":\"es\",\"@id\":\"https:\\\/\\\/sad.espartales.org\\\/#\\\/schema\\\/logo\\\/image\\\/\",\"url\":\"https:\\\/\\\/sad.espartales.org\\\/2020\\\/wp-content\\\/uploads\\\/2021\\\/07\\\/espartales-negro.png\",\"contentUrl\":\"https:\\\/\\\/sad.espartales.org\\\/2020\\\/wp-content\\\/uploads\\\/2021\\\/07\\\/espartales-negro.png\",\"width\":381,\"height\":381,\"caption\":\"S.A.D. A.V. Espartales Sur\"},\"image\":{\"@id\":\"https:\\\/\\\/sad.espartales.org\\\/#\\\/schema\\\/logo\\\/image\\\/\"},\"sameAs\":[\"https:\\\/\\\/www.facebook.com\\\/sad.av.espartales.sur\",\"https:\\\/\\\/x.com\\\/SAD_Espartales\",\"https:\\\/\\\/www.instagram.com\\\/espartalessur\\\/?hl=es\"]},{\"@type\":\"Person\",\"@id\":\"https:\\\/\\\/sad.espartales.org\\\/#\\\/schema\\\/person\\\/046b4d8121764596d186631009da925e\",\"name\":\"Espartales\",\"image\":{\"@type\":\"ImageObject\",\"inLanguage\":\"es\",\"@id\":\"https:\\\/\\\/secure.gravatar.com\\\/avatar\\\/d23e83573ee06f388790d3d652ff35d7a4c992f06b8fb7be39e7f242bfc429bf?s=96&d=mm&r=g\",\"url\":\"https:\\\/\\\/secure.gravatar.com\\\/avatar\\\/d23e83573ee06f388790d3d652ff35d7a4c992f06b8fb7be39e7f242bfc429bf?s=96&d=mm&r=g\",\"contentUrl\":\"https:\\\/\\\/secure.gravatar.com\\\/avatar\\\/d23e83573ee06f388790d3d652ff35d7a4c992f06b8fb7be39e7f242bfc429bf?s=96&d=mm&r=g\",\"caption\":\"Espartales\"},\"sameAs\":[\"http:\\\/\\\/sad.espartales.org\\\/2020\"],\"url\":\"https:\\\/\\\/sad.espartales.org\\\/2020\\\/author\\\/espartales\\\/\"}]}<\/script>\n<!-- \/ Yoast SEO plugin. -->","yoast_head_json":{"title":"Espartales participa en MadCup 2021 - S.A.D. A.V. Espartales Sur","robots":{"index":"index","follow":"follow","max-snippet":"max-snippet:-1","max-image-preview":"max-image-preview:large","max-video-preview":"max-video-preview:-1"},"canonical":"https:\/\/sad.espartales.org\/2020\/2021\/06\/21\/espartales-participa-en-madcup-2021\/","og_locale":"es_ES","og_type":"article","og_title":"Espartales participa en MadCup 2021 - S.A.D. A.V. Espartales Sur","og_description":"S.A.D. Espartales Sur participar\u00e1 en la primera edici\u00f3n de la MadCup en categor\u00edas cadete y...","og_url":"https:\/\/sad.espartales.org\/2020\/2021\/06\/21\/espartales-participa-en-madcup-2021\/","og_site_name":"S.A.D. A.V. Espartales Sur","article_publisher":"https:\/\/www.facebook.com\/sad.av.espartales.sur","article_published_time":"2021-06-21T11:01:42+00:00","article_modified_time":"2021-06-21T11:02:21+00:00","og_image":[{"width":680,"height":680,"url":"https:\/\/sad.espartales.org\/2020\/wp-content\/uploads\/2021\/06\/E4P3Y1kXoAg9aUV.jpg","type":"image\/jpeg"}],"author":"Espartales","twitter_card":"summary_large_image","twitter_creator":"@SAD_Espartales","twitter_site":"@SAD_Espartales","twitter_misc":{"Escrito por":"Espartales"},"schema":{"@context":"https:\/\/schema.org","@graph":[{"@type":"Article","@id":"https:\/\/sad.espartales.org\/2020\/2021\/06\/21\/espartales-participa-en-madcup-2021\/#article","isPartOf":{"@id":"https:\/\/sad.espartales.org\/2020\/2021\/06\/21\/espartales-participa-en-madcup-2021\/"},"author":{"name":"Espartales","@id":"https:\/\/sad.espartales.org\/#\/schema\/person\/046b4d8121764596d186631009da925e"},"headline":"Espartales participa en MadCup 2021","datePublished":"2021-06-21T11:01:42+00:00","dateModified":"2021-06-21T11:02:21+00:00","mainEntityOfPage":{"@id":"https:\/\/sad.espartales.org\/2020\/2021\/06\/21\/espartales-participa-en-madcup-2021\/"},"wordCount":86,"commentCount":0,"publisher":{"@id":"https:\/\/sad.espartales.org\/#organization"},"image":{"@id":"https:\/\/sad.espartales.org\/2020\/2021\/06\/21\/espartales-participa-en-madcup-2021\/#primaryimage"},"thumbnailUrl":"https:\/\/sad.espartales.org\/2020\/wp-content\/uploads\/2021\/06\/E4P3Y1kXoAg9aUV.jpg","articleSection":["Destacadas","RFFM","SAD Espartales Sur","Temporada 2020-2021"],"inLanguage":"es","potentialAction":[{"@type":"CommentAction","name":"Comment","target":["https:\/\/sad.espartales.org\/2020\/2021\/06\/21\/espartales-participa-en-madcup-2021\/#respond"]}]},{"@type":"WebPage","@id":"https:\/\/sad.espartales.org\/2020\/2021\/06\/21\/espartales-participa-en-madcup-2021\/","url":"https:\/\/sad.espartales.org\/2020\/2021\/06\/21\/espartales-participa-en-madcup-2021\/","name":"Espartales participa en MadCup 2021 - S.A.D. A.V. Espartales Sur","isPartOf":{"@id":"https:\/\/sad.espartales.org\/#website"},"primaryImageOfPage":{"@id":"https:\/\/sad.espartales.org\/2020\/2021\/06\/21\/espartales-participa-en-madcup-2021\/#primaryimage"},"image":{"@id":"https:\/\/sad.espartales.org\/2020\/2021\/06\/21\/espartales-participa-en-madcup-2021\/#primaryimage"},"thumbnailUrl":"https:\/\/sad.espartales.org\/2020\/wp-content\/uploads\/2021\/06\/E4P3Y1kXoAg9aUV.jpg","datePublished":"2021-06-21T11:01:42+00:00","dateModified":"2021-06-21T11:02:21+00:00","breadcrumb":{"@id":"https:\/\/sad.espartales.org\/2020\/2021\/06\/21\/espartales-participa-en-madcup-2021\/#breadcrumb"},"inLanguage":"es","potentialAction":[{"@type":"ReadAction","target":["https:\/\/sad.espartales.org\/2020\/2021\/06\/21\/espartales-participa-en-madcup-2021\/"]}]},{"@type":"ImageObject","inLanguage":"es","@id":"https:\/\/sad.espartales.org\/2020\/2021\/06\/21\/espartales-participa-en-madcup-2021\/#primaryimage","url":"https:\/\/sad.espartales.org\/2020\/wp-content\/uploads\/2021\/06\/E4P3Y1kXoAg9aUV.jpg","contentUrl":"https:\/\/sad.espartales.org\/2020\/wp-content\/uploads\/2021\/06\/E4P3Y1kXoAg9aUV.jpg","width":680,"height":680},{"@type":"BreadcrumbList","@id":"https:\/\/sad.espartales.org\/2020\/2021\/06\/21\/espartales-participa-en-madcup-2021\/#breadcrumb","itemListElement":[{"@type":"ListItem","position":1,"name":"Portada","item":"https:\/\/sad.espartales.org\/"},{"@type":"ListItem","position":2,"name":"Espartales participa en MadCup 2021"}]},{"@type":"WebSite","@id":"https:\/\/sad.espartales.org\/#website","url":"https:\/\/sad.espartales.org\/","name":"S.A.D. A.V. Espartales Sur","description":"","publisher":{"@id":"https:\/\/sad.espartales.org\/#organization"},"potentialAction":[{"@type":"SearchAction","target":{"@type":"EntryPoint","urlTemplate":"https:\/\/sad.espartales.org\/?s={search_term_string}"},"query-input":{"@type":"PropertyValueSpecification","valueRequired":true,"valueName":"search_term_string"}}],"inLanguage":"es"},{"@type":"Organization","@id":"https:\/\/sad.espartales.org\/#organization","name":"S.A.D. A.V. Espartales Sur","url":"https:\/\/sad.espartales.org\/","logo":{"@type":"ImageObject","inLanguage":"es","@id":"https:\/\/sad.espartales.org\/#\/schema\/logo\/image\/","url":"https:\/\/sad.espartales.org\/2020\/wp-content\/uploads\/2021\/07\/espartales-negro.png","contentUrl":"https:\/\/sad.espartales.org\/2020\/wp-content\/uploads\/2021\/07\/espartales-negro.png","width":381,"height":381,"caption":"S.A.D. A.V. Espartales Sur"},"image":{"@id":"https:\/\/sad.espartales.org\/#\/schema\/logo\/image\/"},"sameAs":["https:\/\/www.facebook.com\/sad.av.espartales.sur","https:\/\/x.com\/SAD_Espartales","https:\/\/www.instagram.com\/espartalessur\/?hl=es"]},{"@type":"Person","@id":"https:\/\/sad.espartales.org\/#\/schema\/person\/046b4d8121764596d186631009da925e","name":"Espartales","image":{"@type":"ImageObject","inLanguage":"es","@id":"https:\/\/secure.gravatar.com\/avatar\/d23e83573ee06f388790d3d652ff35d7a4c992f06b8fb7be39e7f242bfc429bf?s=96&d=mm&r=g","url":"https:\/\/secure.gravatar.com\/avatar\/d23e83573ee06f388790d3d652ff35d7a4c992f06b8fb7be39e7f242bfc429bf?s=96&d=mm&r=g","contentUrl":"https:\/\/secure.gravatar.com\/avatar\/d23e83573ee06f388790d3d652ff35d7a4c992f06b8fb7be39e7f242bfc429bf?s=96&d=mm&r=g","caption":"Espartales"},"sameAs":["https:\/\/sad.espartales.org\/2020"],"url":"https:\/\/sad.espartales.org\/2020\/author\/espartales\/"}]}},"_links":{"self":[{"href":"https:\/\/sad.espartales.org\/2020\/wp-json\/wp\/v2\/posts\/6507","targetHints":{"allow":["GET"]}}],"collection":[{"href":"https:\/\/sad.espartales.org\/2020\/wp-json\/wp\/v2\/posts"}],"about":[{"href":"https:\/\/sad.espartales.org\/2020\/wp-json\/wp\/v2\/types\/post"}],"author":[{"embeddable":true,"href":"https:\/\/sad.espartales.org\/2020\/wp-json\/wp\/v2\/users\/1"}],"replies":[{"embeddable":true,"href":"https:\/\/sad.espartales.org\/2020\/wp-json\/wp\/v2\/comments?post=6507"}],"version-history":[{"count":1,"href":"https:\/\/sad.espartales.org\/2020\/wp-json\/wp\/v2\/posts\/6507\/revisions"}],"predecessor-version":[{"id":6511,"href":"https:\/\/sad.espartales.org\/2020\/wp-json\/wp\/v2\/posts\/6507\/revisions\/6511"}],"wp:featuredmedia":[{"embeddable":true,"href":"https:\/\/sad.espartales.org\/2020\/wp-json\/wp\/v2\/media\/6510"}],"wp:attachment":[{"href":"https:\/\/sad.espartales.org\/2020\/wp-json\/wp\/v2\/media?parent=6507"}],"wp:term":[{"taxonomy":"category","embeddable":true,"href":"https:\/\/sad.espartales.org\/2020\/wp-json\/wp\/v2\/categories?post=6507"},{"taxonomy":"post_tag","embeddable":true,"href":"https:\/\/sad.espartales.org\/2020\/wp-json\/wp\/v2\/tags?post=6507"}],"curies":[{"name":"wp","href":"https:\/\/api.w.org\/{rel}","templated":true}]}}