{"id":6525,"date":"2021-06-25T12:39:25","date_gmt":"2021-06-25T12:39:25","guid":{"rendered":"https:\/\/sad.espartales.org\/2020\/?p=6525"},"modified":"2021-06-25T12:39:25","modified_gmt":"2021-06-25T12:39:25","slug":"talleres-jimenez-esquinas-nuevo-colaborador","status":"publish","type":"post","link":"https:\/\/sad.espartales.org\/2020\/2021\/06\/25\/talleres-jimenez-esquinas-nuevo-colaborador\/","title":{"rendered":"Talleres Jim\u00e9nez Esquinas nuevo colaborador"},"content":{"rendered":"<div class=\"kvgmc6g5 cxmmr5t8 oygrvhab hcukyx3x c1et5uql ii04i59q\">\n<div dir=\"auto\">Estamos muy contentos de poder anunciaros que tenemos un nuevo colaborador. Si necesit\u00e1is un taller profesional y de confianza, no lo dud\u00e9is!!<\/div>\n<div dir=\"auto\"><\/div>\n<\/div>\n<div class=\"o9v6fnle cxmmr5t8 oygrvhab hcukyx3x c1et5uql ii04i59q\">\n<div dir=\"auto\"><a class=\"oajrlxb2 g5ia77u1 qu0x051f esr5mh6w e9989ue4 r7d6kgcz rq0escxv nhd2j8a9 nc684nl6 p7hjln8o kvgmc6g5 cxmmr5t8 oygrvhab hcukyx3x jb3vyjys rz4wbd8a qt6c0cv9 a8nywdso i1ao9s8h esuyzwwr f1sip0of lzcic4wl q66pz984 gpro0wi8 b1v8xokw\" tabindex=\"0\" role=\"link\" href=\"https:\/\/www.facebook.com\/talleres.jimenezesquinas?__cft__[0]=AZVI7FHHYoXUraxjvz3jgVE1CLRkJkwmvhVCIhnliKnqye48yvFmwSncRLufMrMRO4TDLGCehyH7PPqBfTziBS3yqwL5YK0_z3B6ogF13CdvlAflE8Qqb95Lf19VNFhOYV4&amp;__tn__=-]K-R\"><span class=\"nc684nl6\">Talleres Jimenez Esquinas<\/span><\/a> es una empresa dedicada a la actividad de reparaci\u00f3n y pintura del autom\u00f3vil con la experiencia en el sector de m\u00e1s de 35 a\u00f1os.<\/div>\n<\/div>\n<div class=\"o9v6fnle cxmmr5t8 oygrvhab hcukyx3x c1et5uql ii04i59q\">\n<div dir=\"auto\">Servicio de recogida de veh\u00edculos a domicilio, trabajan con todas las compa\u00f1\u00edas de seguros.<\/div>\n<\/div>\n<div class=\"o9v6fnle cxmmr5t8 oygrvhab hcukyx3x c1et5uql ii04i59q\">\n<div dir=\"auto\">M\u00e1s informaci\u00f3n en <a class=\"oajrlxb2 g5ia77u1 qu0x051f esr5mh6w e9989ue4 r7d6kgcz rq0escxv nhd2j8a9 nc684nl6 p7hjln8o kvgmc6g5 cxmmr5t8 oygrvhab hcukyx3x jb3vyjys rz4wbd8a qt6c0cv9 a8nywdso i1ao9s8h esuyzwwr f1sip0of lzcic4wl py34i1dx gpro0wi8\" tabindex=\"0\" role=\"link\" href=\"http:\/\/www.talleresjimenezesquinas.com\/?fbclid=IwAR2oOwHuDC3DmhCOGOjtb_e0j4gnI_bTiurKct9xTtaBzzcemBJB-ZjEsPA\" target=\"_blank\" rel=\"nofollow noopener\">www.talleresjimenezesquinas.com<\/a> o en los tel\u00e9fonos 91 888 80 00 &#8211; 646 14 98 08<\/div>\n<\/div>\n<div class=\"o9v6fnle cxmmr5t8 oygrvhab hcukyx3x c1et5uql ii04i59q\">\n<div dir=\"auto\"><\/div>\n<div dir=\"auto\">\u00a1Gracias por ayudarnos a crecer!<\/div>\n<div dir=\"auto\"><\/div>\n<\/div>\n<div dir=\"auto\"><a href=\"https:\/\/sad.espartales.org\/2020\/wp-content\/uploads\/2021\/06\/Talleres_Jimenez_Esquinas.png\"><img loading=\"lazy\" decoding=\"async\" class=\"alignnone size-large wp-image-6526\" src=\"https:\/\/sad.espartales.org\/2020\/wp-content\/uploads\/2021\/06\/Talleres_Jimenez_Esquinas-1024x358.png\" alt=\"\" width=\"640\" height=\"224\" srcset=\"https:\/\/sad.espartales.org\/2020\/wp-content\/uploads\/2021\/06\/Talleres_Jimenez_Esquinas-1024x358.png 1024w, https:\/\/sad.espartales.org\/2020\/wp-content\/uploads\/2021\/06\/Talleres_Jimenez_Esquinas-300x105.png 300w, https:\/\/sad.espartales.org\/2020\/wp-content\/uploads\/2021\/06\/Talleres_Jimenez_Esquinas-768x269.png 768w, https:\/\/sad.espartales.org\/2020\/wp-content\/uploads\/2021\/06\/Talleres_Jimenez_Esquinas-1536x538.png 1536w, https:\/\/sad.espartales.org\/2020\/wp-content\/uploads\/2021\/06\/Talleres_Jimenez_Esquinas-2048x717.png 2048w, https:\/\/sad.espartales.org\/2020\/wp-content\/uploads\/2021\/06\/Talleres_Jimenez_Esquinas-128x45.png 128w, https:\/\/sad.espartales.org\/2020\/wp-content\/uploads\/2021\/06\/Talleres_Jimenez_Esquinas-32x11.png 32w\" sizes=\"auto, (max-width: 640px) 100vw, 640px\" \/><\/a><\/div>\n","protected":false},"excerpt":{"rendered":"<p>Estamos muy contentos de poder anunciaros que tenemos un nuevo colaborador. Si necesit\u00e1is un taller&#8230;<\/p>\n","protected":false},"author":1,"featured_media":6527,"comment_status":"open","ping_status":"open","sticky":false,"template":"","format":"image","meta":{"footnotes":""},"categories":[135,125,138],"tags":[],"class_list":["post-6525","post","type-post","status-publish","format-image","has-post-thumbnail","hentry","category-colaboradores","category-sad-espartales-sur","category-temporada-2021-2022","post_format-post-format-image"],"yoast_head":"<!-- This site is optimized with the Yoast SEO plugin v27.5 - https:\/\/yoast.com\/product\/yoast-seo-wordpress\/ -->\n<title>Talleres Jim\u00e9nez Esquinas nuevo colaborador - S.A.D. A.V. Espartales Sur<\/title>\n<meta name=\"robots\" content=\"index, follow, max-snippet:-1, max-image-preview:large, max-video-preview:-1\" \/>\n<link rel=\"canonical\" href=\"https:\/\/sad.espartales.org\/2020\/2021\/06\/25\/talleres-jimenez-esquinas-nuevo-colaborador\/\" \/>\n<meta property=\"og:locale\" content=\"es_ES\" \/>\n<meta property=\"og:type\" content=\"article\" \/>\n<meta property=\"og:title\" content=\"Talleres Jim\u00e9nez Esquinas nuevo colaborador - S.A.D. A.V. Espartales Sur\" \/>\n<meta property=\"og:description\" content=\"Estamos muy contentos de poder anunciaros que tenemos un nuevo colaborador. Si necesit\u00e1is un taller...\" \/>\n<meta property=\"og:url\" content=\"https:\/\/sad.espartales.org\/2020\/2021\/06\/25\/talleres-jimenez-esquinas-nuevo-colaborador\/\" \/>\n<meta property=\"og:site_name\" content=\"S.A.D. A.V. Espartales Sur\" \/>\n<meta property=\"article:publisher\" content=\"https:\/\/www.facebook.com\/sad.av.espartales.sur\" \/>\n<meta property=\"article:published_time\" content=\"2021-06-25T12:39:25+00:00\" \/>\n<meta property=\"og:image\" content=\"https:\/\/sad.espartales.org\/2020\/wp-content\/uploads\/2021\/06\/WhatsApp-Image-2021-06-25-at-13.40.57.jpeg\" \/>\n\t<meta property=\"og:image:width\" content=\"809\" \/>\n\t<meta property=\"og:image:height\" content=\"565\" \/>\n\t<meta property=\"og:image:type\" content=\"image\/jpeg\" \/>\n<meta name=\"author\" content=\"Espartales\" \/>\n<meta name=\"twitter:card\" content=\"summary_large_image\" \/>\n<meta name=\"twitter:creator\" content=\"@SAD_Espartales\" \/>\n<meta name=\"twitter:site\" content=\"@SAD_Espartales\" \/>\n<meta name=\"twitter:label1\" content=\"Escrito por\" \/>\n\t<meta name=\"twitter:data1\" content=\"Espartales\" \/>\n<script type=\"application\/ld+json\" class=\"yoast-schema-graph\">{\"@context\":\"https:\\\/\\\/schema.org\",\"@graph\":[{\"@type\":\"Article\",\"@id\":\"https:\\\/\\\/sad.espartales.org\\\/2020\\\/2021\\\/06\\\/25\\\/talleres-jimenez-esquinas-nuevo-colaborador\\\/#article\",\"isPartOf\":{\"@id\":\"https:\\\/\\\/sad.espartales.org\\\/2020\\\/2021\\\/06\\\/25\\\/talleres-jimenez-esquinas-nuevo-colaborador\\\/\"},\"author\":{\"name\":\"Espartales\",\"@id\":\"https:\\\/\\\/sad.espartales.org\\\/#\\\/schema\\\/person\\\/046b4d8121764596d186631009da925e\"},\"headline\":\"Talleres Jim\u00e9nez Esquinas nuevo colaborador\",\"datePublished\":\"2021-06-25T12:39:25+00:00\",\"mainEntityOfPage\":{\"@id\":\"https:\\\/\\\/sad.espartales.org\\\/2020\\\/2021\\\/06\\\/25\\\/talleres-jimenez-esquinas-nuevo-colaborador\\\/\"},\"wordCount\":95,\"commentCount\":0,\"publisher\":{\"@id\":\"https:\\\/\\\/sad.espartales.org\\\/#organization\"},\"image\":{\"@id\":\"https:\\\/\\\/sad.espartales.org\\\/2020\\\/2021\\\/06\\\/25\\\/talleres-jimenez-esquinas-nuevo-colaborador\\\/#primaryimage\"},\"thumbnailUrl\":\"https:\\\/\\\/sad.espartales.org\\\/2020\\\/wp-content\\\/uploads\\\/2021\\\/06\\\/WhatsApp-Image-2021-06-25-at-13.40.57.jpeg\",\"articleSection\":[\"Colaboradores\",\"SAD Espartales Sur\",\"Temporada 2021-2022\"],\"inLanguage\":\"es\",\"potentialAction\":[{\"@type\":\"CommentAction\",\"name\":\"Comment\",\"target\":[\"https:\\\/\\\/sad.espartales.org\\\/2020\\\/2021\\\/06\\\/25\\\/talleres-jimenez-esquinas-nuevo-colaborador\\\/#respond\"]}]},{\"@type\":\"WebPage\",\"@id\":\"https:\\\/\\\/sad.espartales.org\\\/2020\\\/2021\\\/06\\\/25\\\/talleres-jimenez-esquinas-nuevo-colaborador\\\/\",\"url\":\"https:\\\/\\\/sad.espartales.org\\\/2020\\\/2021\\\/06\\\/25\\\/talleres-jimenez-esquinas-nuevo-colaborador\\\/\",\"name\":\"Talleres Jim\u00e9nez Esquinas nuevo colaborador - S.A.D. A.V. Espartales Sur\",\"isPartOf\":{\"@id\":\"https:\\\/\\\/sad.espartales.org\\\/#website\"},\"primaryImageOfPage\":{\"@id\":\"https:\\\/\\\/sad.espartales.org\\\/2020\\\/2021\\\/06\\\/25\\\/talleres-jimenez-esquinas-nuevo-colaborador\\\/#primaryimage\"},\"image\":{\"@id\":\"https:\\\/\\\/sad.espartales.org\\\/2020\\\/2021\\\/06\\\/25\\\/talleres-jimenez-esquinas-nuevo-colaborador\\\/#primaryimage\"},\"thumbnailUrl\":\"https:\\\/\\\/sad.espartales.org\\\/2020\\\/wp-content\\\/uploads\\\/2021\\\/06\\\/WhatsApp-Image-2021-06-25-at-13.40.57.jpeg\",\"datePublished\":\"2021-06-25T12:39:25+00:00\",\"breadcrumb\":{\"@id\":\"https:\\\/\\\/sad.espartales.org\\\/2020\\\/2021\\\/06\\\/25\\\/talleres-jimenez-esquinas-nuevo-colaborador\\\/#breadcrumb\"},\"inLanguage\":\"es\",\"potentialAction\":[{\"@type\":\"ReadAction\",\"target\":[\"https:\\\/\\\/sad.espartales.org\\\/2020\\\/2021\\\/06\\\/25\\\/talleres-jimenez-esquinas-nuevo-colaborador\\\/\"]}]},{\"@type\":\"ImageObject\",\"inLanguage\":\"es\",\"@id\":\"https:\\\/\\\/sad.espartales.org\\\/2020\\\/2021\\\/06\\\/25\\\/talleres-jimenez-esquinas-nuevo-colaborador\\\/#primaryimage\",\"url\":\"https:\\\/\\\/sad.espartales.org\\\/2020\\\/wp-content\\\/uploads\\\/2021\\\/06\\\/WhatsApp-Image-2021-06-25-at-13.40.57.jpeg\",\"contentUrl\":\"https:\\\/\\\/sad.espartales.org\\\/2020\\\/wp-content\\\/uploads\\\/2021\\\/06\\\/WhatsApp-Image-2021-06-25-at-13.40.57.jpeg\",\"width\":809,\"height\":565,\"caption\":\"Talleres Jim\u00e9nez Esquinas\"},{\"@type\":\"BreadcrumbList\",\"@id\":\"https:\\\/\\\/sad.espartales.org\\\/2020\\\/2021\\\/06\\\/25\\\/talleres-jimenez-esquinas-nuevo-colaborador\\\/#breadcrumb\",\"itemListElement\":[{\"@type\":\"ListItem\",\"position\":1,\"name\":\"Portada\",\"item\":\"https:\\\/\\\/sad.espartales.org\\\/\"},{\"@type\":\"ListItem\",\"position\":2,\"name\":\"Talleres Jim\u00e9nez Esquinas nuevo colaborador\"}]},{\"@type\":\"WebSite\",\"@id\":\"https:\\\/\\\/sad.espartales.org\\\/#website\",\"url\":\"https:\\\/\\\/sad.espartales.org\\\/\",\"name\":\"S.A.D. A.V. Espartales Sur\",\"description\":\"\",\"publisher\":{\"@id\":\"https:\\\/\\\/sad.espartales.org\\\/#organization\"},\"potentialAction\":[{\"@type\":\"SearchAction\",\"target\":{\"@type\":\"EntryPoint\",\"urlTemplate\":\"https:\\\/\\\/sad.espartales.org\\\/?s={search_term_string}\"},\"query-input\":{\"@type\":\"PropertyValueSpecification\",\"valueRequired\":true,\"valueName\":\"search_term_string\"}}],\"inLanguage\":\"es\"},{\"@type\":\"Organization\",\"@id\":\"https:\\\/\\\/sad.espartales.org\\\/#organization\",\"name\":\"S.A.D. A.V. Espartales Sur\",\"url\":\"https:\\\/\\\/sad.espartales.org\\\/\",\"logo\":{\"@type\":\"ImageObject\",\"inLanguage\":\"es\",\"@id\":\"https:\\\/\\\/sad.espartales.org\\\/#\\\/schema\\\/logo\\\/image\\\/\",\"url\":\"https:\\\/\\\/sad.espartales.org\\\/2020\\\/wp-content\\\/uploads\\\/2021\\\/07\\\/espartales-negro.png\",\"contentUrl\":\"https:\\\/\\\/sad.espartales.org\\\/2020\\\/wp-content\\\/uploads\\\/2021\\\/07\\\/espartales-negro.png\",\"width\":381,\"height\":381,\"caption\":\"S.A.D. A.V. Espartales Sur\"},\"image\":{\"@id\":\"https:\\\/\\\/sad.espartales.org\\\/#\\\/schema\\\/logo\\\/image\\\/\"},\"sameAs\":[\"https:\\\/\\\/www.facebook.com\\\/sad.av.espartales.sur\",\"https:\\\/\\\/x.com\\\/SAD_Espartales\",\"https:\\\/\\\/www.instagram.com\\\/espartalessur\\\/?hl=es\"]},{\"@type\":\"Person\",\"@id\":\"https:\\\/\\\/sad.espartales.org\\\/#\\\/schema\\\/person\\\/046b4d8121764596d186631009da925e\",\"name\":\"Espartales\",\"image\":{\"@type\":\"ImageObject\",\"inLanguage\":\"es\",\"@id\":\"https:\\\/\\\/secure.gravatar.com\\\/avatar\\\/d23e83573ee06f388790d3d652ff35d7a4c992f06b8fb7be39e7f242bfc429bf?s=96&d=mm&r=g\",\"url\":\"https:\\\/\\\/secure.gravatar.com\\\/avatar\\\/d23e83573ee06f388790d3d652ff35d7a4c992f06b8fb7be39e7f242bfc429bf?s=96&d=mm&r=g\",\"contentUrl\":\"https:\\\/\\\/secure.gravatar.com\\\/avatar\\\/d23e83573ee06f388790d3d652ff35d7a4c992f06b8fb7be39e7f242bfc429bf?s=96&d=mm&r=g\",\"caption\":\"Espartales\"},\"sameAs\":[\"http:\\\/\\\/sad.espartales.org\\\/2020\"],\"url\":\"https:\\\/\\\/sad.espartales.org\\\/2020\\\/author\\\/espartales\\\/\"}]}<\/script>\n<!-- \/ Yoast SEO plugin. -->","yoast_head_json":{"title":"Talleres Jim\u00e9nez Esquinas nuevo colaborador - S.A.D. A.V. Espartales Sur","robots":{"index":"index","follow":"follow","max-snippet":"max-snippet:-1","max-image-preview":"max-image-preview:large","max-video-preview":"max-video-preview:-1"},"canonical":"https:\/\/sad.espartales.org\/2020\/2021\/06\/25\/talleres-jimenez-esquinas-nuevo-colaborador\/","og_locale":"es_ES","og_type":"article","og_title":"Talleres Jim\u00e9nez Esquinas nuevo colaborador - S.A.D. A.V. Espartales Sur","og_description":"Estamos muy contentos de poder anunciaros que tenemos un nuevo colaborador. Si necesit\u00e1is un taller...","og_url":"https:\/\/sad.espartales.org\/2020\/2021\/06\/25\/talleres-jimenez-esquinas-nuevo-colaborador\/","og_site_name":"S.A.D. A.V. Espartales Sur","article_publisher":"https:\/\/www.facebook.com\/sad.av.espartales.sur","article_published_time":"2021-06-25T12:39:25+00:00","og_image":[{"width":809,"height":565,"url":"https:\/\/sad.espartales.org\/2020\/wp-content\/uploads\/2021\/06\/WhatsApp-Image-2021-06-25-at-13.40.57.jpeg","type":"image\/jpeg"}],"author":"Espartales","twitter_card":"summary_large_image","twitter_creator":"@SAD_Espartales","twitter_site":"@SAD_Espartales","twitter_misc":{"Escrito por":"Espartales"},"schema":{"@context":"https:\/\/schema.org","@graph":[{"@type":"Article","@id":"https:\/\/sad.espartales.org\/2020\/2021\/06\/25\/talleres-jimenez-esquinas-nuevo-colaborador\/#article","isPartOf":{"@id":"https:\/\/sad.espartales.org\/2020\/2021\/06\/25\/talleres-jimenez-esquinas-nuevo-colaborador\/"},"author":{"name":"Espartales","@id":"https:\/\/sad.espartales.org\/#\/schema\/person\/046b4d8121764596d186631009da925e"},"headline":"Talleres Jim\u00e9nez Esquinas nuevo colaborador","datePublished":"2021-06-25T12:39:25+00:00","mainEntityOfPage":{"@id":"https:\/\/sad.espartales.org\/2020\/2021\/06\/25\/talleres-jimenez-esquinas-nuevo-colaborador\/"},"wordCount":95,"commentCount":0,"publisher":{"@id":"https:\/\/sad.espartales.org\/#organization"},"image":{"@id":"https:\/\/sad.espartales.org\/2020\/2021\/06\/25\/talleres-jimenez-esquinas-nuevo-colaborador\/#primaryimage"},"thumbnailUrl":"https:\/\/sad.espartales.org\/2020\/wp-content\/uploads\/2021\/06\/WhatsApp-Image-2021-06-25-at-13.40.57.jpeg","articleSection":["Colaboradores","SAD Espartales Sur","Temporada 2021-2022"],"inLanguage":"es","potentialAction":[{"@type":"CommentAction","name":"Comment","target":["https:\/\/sad.espartales.org\/2020\/2021\/06\/25\/talleres-jimenez-esquinas-nuevo-colaborador\/#respond"]}]},{"@type":"WebPage","@id":"https:\/\/sad.espartales.org\/2020\/2021\/06\/25\/talleres-jimenez-esquinas-nuevo-colaborador\/","url":"https:\/\/sad.espartales.org\/2020\/2021\/06\/25\/talleres-jimenez-esquinas-nuevo-colaborador\/","name":"Talleres Jim\u00e9nez Esquinas nuevo colaborador - S.A.D. A.V. Espartales Sur","isPartOf":{"@id":"https:\/\/sad.espartales.org\/#website"},"primaryImageOfPage":{"@id":"https:\/\/sad.espartales.org\/2020\/2021\/06\/25\/talleres-jimenez-esquinas-nuevo-colaborador\/#primaryimage"},"image":{"@id":"https:\/\/sad.espartales.org\/2020\/2021\/06\/25\/talleres-jimenez-esquinas-nuevo-colaborador\/#primaryimage"},"thumbnailUrl":"https:\/\/sad.espartales.org\/2020\/wp-content\/uploads\/2021\/06\/WhatsApp-Image-2021-06-25-at-13.40.57.jpeg","datePublished":"2021-06-25T12:39:25+00:00","breadcrumb":{"@id":"https:\/\/sad.espartales.org\/2020\/2021\/06\/25\/talleres-jimenez-esquinas-nuevo-colaborador\/#breadcrumb"},"inLanguage":"es","potentialAction":[{"@type":"ReadAction","target":["https:\/\/sad.espartales.org\/2020\/2021\/06\/25\/talleres-jimenez-esquinas-nuevo-colaborador\/"]}]},{"@type":"ImageObject","inLanguage":"es","@id":"https:\/\/sad.espartales.org\/2020\/2021\/06\/25\/talleres-jimenez-esquinas-nuevo-colaborador\/#primaryimage","url":"https:\/\/sad.espartales.org\/2020\/wp-content\/uploads\/2021\/06\/WhatsApp-Image-2021-06-25-at-13.40.57.jpeg","contentUrl":"https:\/\/sad.espartales.org\/2020\/wp-content\/uploads\/2021\/06\/WhatsApp-Image-2021-06-25-at-13.40.57.jpeg","width":809,"height":565,"caption":"Talleres Jim\u00e9nez Esquinas"},{"@type":"BreadcrumbList","@id":"https:\/\/sad.espartales.org\/2020\/2021\/06\/25\/talleres-jimenez-esquinas-nuevo-colaborador\/#breadcrumb","itemListElement":[{"@type":"ListItem","position":1,"name":"Portada","item":"https:\/\/sad.espartales.org\/"},{"@type":"ListItem","position":2,"name":"Talleres Jim\u00e9nez Esquinas nuevo colaborador"}]},{"@type":"WebSite","@id":"https:\/\/sad.espartales.org\/#website","url":"https:\/\/sad.espartales.org\/","name":"S.A.D. A.V. Espartales Sur","description":"","publisher":{"@id":"https:\/\/sad.espartales.org\/#organization"},"potentialAction":[{"@type":"SearchAction","target":{"@type":"EntryPoint","urlTemplate":"https:\/\/sad.espartales.org\/?s={search_term_string}"},"query-input":{"@type":"PropertyValueSpecification","valueRequired":true,"valueName":"search_term_string"}}],"inLanguage":"es"},{"@type":"Organization","@id":"https:\/\/sad.espartales.org\/#organization","name":"S.A.D. A.V. Espartales Sur","url":"https:\/\/sad.espartales.org\/","logo":{"@type":"ImageObject","inLanguage":"es","@id":"https:\/\/sad.espartales.org\/#\/schema\/logo\/image\/","url":"https:\/\/sad.espartales.org\/2020\/wp-content\/uploads\/2021\/07\/espartales-negro.png","contentUrl":"https:\/\/sad.espartales.org\/2020\/wp-content\/uploads\/2021\/07\/espartales-negro.png","width":381,"height":381,"caption":"S.A.D. A.V. Espartales Sur"},"image":{"@id":"https:\/\/sad.espartales.org\/#\/schema\/logo\/image\/"},"sameAs":["https:\/\/www.facebook.com\/sad.av.espartales.sur","https:\/\/x.com\/SAD_Espartales","https:\/\/www.instagram.com\/espartalessur\/?hl=es"]},{"@type":"Person","@id":"https:\/\/sad.espartales.org\/#\/schema\/person\/046b4d8121764596d186631009da925e","name":"Espartales","image":{"@type":"ImageObject","inLanguage":"es","@id":"https:\/\/secure.gravatar.com\/avatar\/d23e83573ee06f388790d3d652ff35d7a4c992f06b8fb7be39e7f242bfc429bf?s=96&d=mm&r=g","url":"https:\/\/secure.gravatar.com\/avatar\/d23e83573ee06f388790d3d652ff35d7a4c992f06b8fb7be39e7f242bfc429bf?s=96&d=mm&r=g","contentUrl":"https:\/\/secure.gravatar.com\/avatar\/d23e83573ee06f388790d3d652ff35d7a4c992f06b8fb7be39e7f242bfc429bf?s=96&d=mm&r=g","caption":"Espartales"},"sameAs":["https:\/\/sad.espartales.org\/2020"],"url":"https:\/\/sad.espartales.org\/2020\/author\/espartales\/"}]}},"_links":{"self":[{"href":"https:\/\/sad.espartales.org\/2020\/wp-json\/wp\/v2\/posts\/6525","targetHints":{"allow":["GET"]}}],"collection":[{"href":"https:\/\/sad.espartales.org\/2020\/wp-json\/wp\/v2\/posts"}],"about":[{"href":"https:\/\/sad.espartales.org\/2020\/wp-json\/wp\/v2\/types\/post"}],"author":[{"embeddable":true,"href":"https:\/\/sad.espartales.org\/2020\/wp-json\/wp\/v2\/users\/1"}],"replies":[{"embeddable":true,"href":"https:\/\/sad.espartales.org\/2020\/wp-json\/wp\/v2\/comments?post=6525"}],"version-history":[{"count":1,"href":"https:\/\/sad.espartales.org\/2020\/wp-json\/wp\/v2\/posts\/6525\/revisions"}],"predecessor-version":[{"id":6528,"href":"https:\/\/sad.espartales.org\/2020\/wp-json\/wp\/v2\/posts\/6525\/revisions\/6528"}],"wp:featuredmedia":[{"embeddable":true,"href":"https:\/\/sad.espartales.org\/2020\/wp-json\/wp\/v2\/media\/6527"}],"wp:attachment":[{"href":"https:\/\/sad.espartales.org\/2020\/wp-json\/wp\/v2\/media?parent=6525"}],"wp:term":[{"taxonomy":"category","embeddable":true,"href":"https:\/\/sad.espartales.org\/2020\/wp-json\/wp\/v2\/categories?post=6525"},{"taxonomy":"post_tag","embeddable":true,"href":"https:\/\/sad.espartales.org\/2020\/wp-json\/wp\/v2\/tags?post=6525"}],"curies":[{"name":"wp","href":"https:\/\/api.w.org\/{rel}","templated":true}]}}