{"id":6548,"date":"2021-06-29T07:44:26","date_gmt":"2021-06-29T07:44:26","guid":{"rendered":"https:\/\/sad.espartales.org\/2020\/?p=6548"},"modified":"2021-06-29T07:49:57","modified_gmt":"2021-06-29T07:49:57","slug":"resultados-madcup","status":"publish","type":"post","link":"https:\/\/sad.espartales.org\/2020\/2021\/06\/29\/resultados-madcup\/","title":{"rendered":"Resultados MadCup"},"content":{"rendered":"<p>Durante el fin de semana se ha disputado la fase de grupos de todas las categor\u00edas de la MadCup. Nuestros alev\u00edn B y nuestro Cadete han hecho un gran papel, luchando todos los partidos y clasific\u00e1ndose para los 1\/8 de final en la fase plata de la competici\u00f3n.<\/p>\n<p>Os dejamos los resultados . Hoy (martes 29\/06\/2012) jugar\u00e1n los respectivos partidos de 1\/8.<\/p>\n<div class=\"su-image-carousel  su-image-carousel-columns-2 su-image-carousel-has-spacing su-image-carousel-has-lightbox su-image-carousel-has-outline su-image-carousel-adaptive su-image-carousel-slides-style-photo su-image-carousel-controls-style-light su-image-carousel-align-none\" style=\"\" data-flickity-options='{\"groupCells\":true,\"cellSelector\":\".su-image-carousel-item\",\"adaptiveHeight\":true,\"cellAlign\":\"left\",\"prevNextButtons\":true,\"pageDots\":false,\"autoPlay\":4000,\"imagesLoaded\":true,\"contain\":false,\"selectedAttraction\":0.025000000000000001387778780781445675529539585113525390625,\"friction\":0.2800000000000000266453525910037569701671600341796875}' id=\"su_image_carousel_69f4b0b5aaac2\"><div class=\"su-image-carousel-item\"><div class=\"su-image-carousel-item-content\"><a href=\"https:\/\/sad.espartales.org\/2020\/wp-content\/uploads\/2021\/06\/PRIMERA-JORNADA-SUB-11.png\" target=\"_blank\" rel=\"noopener noreferrer\" data-caption=\"\"><img loading=\"lazy\" decoding=\"async\" width=\"2245\" height=\"1587\" src=\"https:\/\/sad.espartales.org\/2020\/wp-content\/uploads\/2021\/06\/PRIMERA-JORNADA-SUB-11.png\" class=\"\" alt=\"\" srcset=\"https:\/\/sad.espartales.org\/2020\/wp-content\/uploads\/2021\/06\/PRIMERA-JORNADA-SUB-11.png 2245w, https:\/\/sad.espartales.org\/2020\/wp-content\/uploads\/2021\/06\/PRIMERA-JORNADA-SUB-11-300x212.png 300w, https:\/\/sad.espartales.org\/2020\/wp-content\/uploads\/2021\/06\/PRIMERA-JORNADA-SUB-11-1024x724.png 1024w, https:\/\/sad.espartales.org\/2020\/wp-content\/uploads\/2021\/06\/PRIMERA-JORNADA-SUB-11-768x543.png 768w, https:\/\/sad.espartales.org\/2020\/wp-content\/uploads\/2021\/06\/PRIMERA-JORNADA-SUB-11-1536x1086.png 1536w, https:\/\/sad.espartales.org\/2020\/wp-content\/uploads\/2021\/06\/PRIMERA-JORNADA-SUB-11-2048x1448.png 2048w, https:\/\/sad.espartales.org\/2020\/wp-content\/uploads\/2021\/06\/PRIMERA-JORNADA-SUB-11-128x90.png 128w, https:\/\/sad.espartales.org\/2020\/wp-content\/uploads\/2021\/06\/PRIMERA-JORNADA-SUB-11-32x23.png 32w\" sizes=\"auto, (max-width: 2245px) 100vw, 2245px\" \/><\/a><\/div><\/div><div class=\"su-image-carousel-item\"><div class=\"su-image-carousel-item-content\"><a href=\"https:\/\/sad.espartales.org\/2020\/wp-content\/uploads\/2021\/06\/PRIMERA-JORNADA.png\" target=\"_blank\" rel=\"noopener noreferrer\" data-caption=\"\"><img loading=\"lazy\" decoding=\"async\" width=\"2245\" height=\"1587\" src=\"https:\/\/sad.espartales.org\/2020\/wp-content\/uploads\/2021\/06\/PRIMERA-JORNADA.png\" class=\"\" alt=\"\" srcset=\"https:\/\/sad.espartales.org\/2020\/wp-content\/uploads\/2021\/06\/PRIMERA-JORNADA.png 2245w, https:\/\/sad.espartales.org\/2020\/wp-content\/uploads\/2021\/06\/PRIMERA-JORNADA-300x212.png 300w, https:\/\/sad.espartales.org\/2020\/wp-content\/uploads\/2021\/06\/PRIMERA-JORNADA-1024x724.png 1024w, https:\/\/sad.espartales.org\/2020\/wp-content\/uploads\/2021\/06\/PRIMERA-JORNADA-768x543.png 768w, https:\/\/sad.espartales.org\/2020\/wp-content\/uploads\/2021\/06\/PRIMERA-JORNADA-1536x1086.png 1536w, https:\/\/sad.espartales.org\/2020\/wp-content\/uploads\/2021\/06\/PRIMERA-JORNADA-2048x1448.png 2048w, https:\/\/sad.espartales.org\/2020\/wp-content\/uploads\/2021\/06\/PRIMERA-JORNADA-128x90.png 128w, https:\/\/sad.espartales.org\/2020\/wp-content\/uploads\/2021\/06\/PRIMERA-JORNADA-32x23.png 32w\" sizes=\"auto, (max-width: 2245px) 100vw, 2245px\" \/><\/a><\/div><\/div><div class=\"su-image-carousel-item\"><div class=\"su-image-carousel-item-content\"><a href=\"https:\/\/sad.espartales.org\/2020\/wp-content\/uploads\/2021\/06\/PRIMERA-JORNADA-SUB-11-1.png\" target=\"_blank\" rel=\"noopener noreferrer\" data-caption=\"\"><img loading=\"lazy\" decoding=\"async\" width=\"2245\" height=\"1587\" src=\"https:\/\/sad.espartales.org\/2020\/wp-content\/uploads\/2021\/06\/PRIMERA-JORNADA-SUB-11-1.png\" class=\"\" alt=\"\" srcset=\"https:\/\/sad.espartales.org\/2020\/wp-content\/uploads\/2021\/06\/PRIMERA-JORNADA-SUB-11-1.png 2245w, https:\/\/sad.espartales.org\/2020\/wp-content\/uploads\/2021\/06\/PRIMERA-JORNADA-SUB-11-1-300x212.png 300w, https:\/\/sad.espartales.org\/2020\/wp-content\/uploads\/2021\/06\/PRIMERA-JORNADA-SUB-11-1-1024x724.png 1024w, https:\/\/sad.espartales.org\/2020\/wp-content\/uploads\/2021\/06\/PRIMERA-JORNADA-SUB-11-1-768x543.png 768w, https:\/\/sad.espartales.org\/2020\/wp-content\/uploads\/2021\/06\/PRIMERA-JORNADA-SUB-11-1-1536x1086.png 1536w, https:\/\/sad.espartales.org\/2020\/wp-content\/uploads\/2021\/06\/PRIMERA-JORNADA-SUB-11-1-2048x1448.png 2048w, https:\/\/sad.espartales.org\/2020\/wp-content\/uploads\/2021\/06\/PRIMERA-JORNADA-SUB-11-1-128x90.png 128w, https:\/\/sad.espartales.org\/2020\/wp-content\/uploads\/2021\/06\/PRIMERA-JORNADA-SUB-11-1-32x23.png 32w\" sizes=\"auto, (max-width: 2245px) 100vw, 2245px\" \/><\/a><\/div><\/div><div class=\"su-image-carousel-item\"><div class=\"su-image-carousel-item-content\"><a href=\"https:\/\/sad.espartales.org\/2020\/wp-content\/uploads\/2021\/06\/PRIMERA-JORNADA-1.png\" target=\"_blank\" rel=\"noopener noreferrer\" data-caption=\"\"><img loading=\"lazy\" decoding=\"async\" width=\"2245\" height=\"1587\" src=\"https:\/\/sad.espartales.org\/2020\/wp-content\/uploads\/2021\/06\/PRIMERA-JORNADA-1.png\" class=\"\" alt=\"\" srcset=\"https:\/\/sad.espartales.org\/2020\/wp-content\/uploads\/2021\/06\/PRIMERA-JORNADA-1.png 2245w, https:\/\/sad.espartales.org\/2020\/wp-content\/uploads\/2021\/06\/PRIMERA-JORNADA-1-300x212.png 300w, https:\/\/sad.espartales.org\/2020\/wp-content\/uploads\/2021\/06\/PRIMERA-JORNADA-1-1024x724.png 1024w, https:\/\/sad.espartales.org\/2020\/wp-content\/uploads\/2021\/06\/PRIMERA-JORNADA-1-768x543.png 768w, https:\/\/sad.espartales.org\/2020\/wp-content\/uploads\/2021\/06\/PRIMERA-JORNADA-1-1536x1086.png 1536w, https:\/\/sad.espartales.org\/2020\/wp-content\/uploads\/2021\/06\/PRIMERA-JORNADA-1-2048x1448.png 2048w, https:\/\/sad.espartales.org\/2020\/wp-content\/uploads\/2021\/06\/PRIMERA-JORNADA-1-128x90.png 128w, https:\/\/sad.espartales.org\/2020\/wp-content\/uploads\/2021\/06\/PRIMERA-JORNADA-1-32x23.png 32w\" sizes=\"auto, (max-width: 2245px) 100vw, 2245px\" \/><\/a><\/div><\/div><div class=\"su-image-carousel-item\"><div class=\"su-image-carousel-item-content\"><a href=\"https:\/\/sad.espartales.org\/2020\/wp-content\/uploads\/2021\/06\/PRIMERA-JORNADA-SUB-11-2.png\" target=\"_blank\" rel=\"noopener noreferrer\" data-caption=\"\"><img loading=\"lazy\" decoding=\"async\" width=\"2245\" height=\"1587\" src=\"https:\/\/sad.espartales.org\/2020\/wp-content\/uploads\/2021\/06\/PRIMERA-JORNADA-SUB-11-2.png\" class=\"\" alt=\"\" srcset=\"https:\/\/sad.espartales.org\/2020\/wp-content\/uploads\/2021\/06\/PRIMERA-JORNADA-SUB-11-2.png 2245w, https:\/\/sad.espartales.org\/2020\/wp-content\/uploads\/2021\/06\/PRIMERA-JORNADA-SUB-11-2-300x212.png 300w, https:\/\/sad.espartales.org\/2020\/wp-content\/uploads\/2021\/06\/PRIMERA-JORNADA-SUB-11-2-1024x724.png 1024w, https:\/\/sad.espartales.org\/2020\/wp-content\/uploads\/2021\/06\/PRIMERA-JORNADA-SUB-11-2-768x543.png 768w, https:\/\/sad.espartales.org\/2020\/wp-content\/uploads\/2021\/06\/PRIMERA-JORNADA-SUB-11-2-1536x1086.png 1536w, https:\/\/sad.espartales.org\/2020\/wp-content\/uploads\/2021\/06\/PRIMERA-JORNADA-SUB-11-2-2048x1448.png 2048w, https:\/\/sad.espartales.org\/2020\/wp-content\/uploads\/2021\/06\/PRIMERA-JORNADA-SUB-11-2-128x90.png 128w, https:\/\/sad.espartales.org\/2020\/wp-content\/uploads\/2021\/06\/PRIMERA-JORNADA-SUB-11-2-32x23.png 32w\" sizes=\"auto, (max-width: 2245px) 100vw, 2245px\" \/><\/a><\/div><\/div><div class=\"su-image-carousel-item\"><div class=\"su-image-carousel-item-content\"><a href=\"https:\/\/sad.espartales.org\/2020\/wp-content\/uploads\/2021\/06\/3.png\" target=\"_blank\" rel=\"noopener noreferrer\" data-caption=\"\"><img loading=\"lazy\" decoding=\"async\" width=\"2245\" height=\"1587\" src=\"https:\/\/sad.espartales.org\/2020\/wp-content\/uploads\/2021\/06\/3.png\" class=\"\" alt=\"\" srcset=\"https:\/\/sad.espartales.org\/2020\/wp-content\/uploads\/2021\/06\/3.png 2245w, https:\/\/sad.espartales.org\/2020\/wp-content\/uploads\/2021\/06\/3-300x212.png 300w, https:\/\/sad.espartales.org\/2020\/wp-content\/uploads\/2021\/06\/3-1024x724.png 1024w, https:\/\/sad.espartales.org\/2020\/wp-content\/uploads\/2021\/06\/3-768x543.png 768w, https:\/\/sad.espartales.org\/2020\/wp-content\/uploads\/2021\/06\/3-1536x1086.png 1536w, https:\/\/sad.espartales.org\/2020\/wp-content\/uploads\/2021\/06\/3-2048x1448.png 2048w, https:\/\/sad.espartales.org\/2020\/wp-content\/uploads\/2021\/06\/3-128x90.png 128w, https:\/\/sad.espartales.org\/2020\/wp-content\/uploads\/2021\/06\/3-32x23.png 32w\" sizes=\"auto, (max-width: 2245px) 100vw, 2245px\" \/><\/a><\/div><\/div><div class=\"su-image-carousel-item\"><div class=\"su-image-carousel-item-content\"><a href=\"https:\/\/sad.espartales.org\/2020\/wp-content\/uploads\/2021\/06\/PRIMERA-JORNADA-SUB-11-3.png\" target=\"_blank\" rel=\"noopener noreferrer\" data-caption=\"\"><img loading=\"lazy\" decoding=\"async\" width=\"2245\" height=\"1587\" src=\"https:\/\/sad.espartales.org\/2020\/wp-content\/uploads\/2021\/06\/PRIMERA-JORNADA-SUB-11-3.png\" class=\"\" alt=\"\" srcset=\"https:\/\/sad.espartales.org\/2020\/wp-content\/uploads\/2021\/06\/PRIMERA-JORNADA-SUB-11-3.png 2245w, https:\/\/sad.espartales.org\/2020\/wp-content\/uploads\/2021\/06\/PRIMERA-JORNADA-SUB-11-3-300x212.png 300w, https:\/\/sad.espartales.org\/2020\/wp-content\/uploads\/2021\/06\/PRIMERA-JORNADA-SUB-11-3-1024x724.png 1024w, https:\/\/sad.espartales.org\/2020\/wp-content\/uploads\/2021\/06\/PRIMERA-JORNADA-SUB-11-3-768x543.png 768w, https:\/\/sad.espartales.org\/2020\/wp-content\/uploads\/2021\/06\/PRIMERA-JORNADA-SUB-11-3-1536x1086.png 1536w, https:\/\/sad.espartales.org\/2020\/wp-content\/uploads\/2021\/06\/PRIMERA-JORNADA-SUB-11-3-2048x1448.png 2048w, https:\/\/sad.espartales.org\/2020\/wp-content\/uploads\/2021\/06\/PRIMERA-JORNADA-SUB-11-3-128x90.png 128w, https:\/\/sad.espartales.org\/2020\/wp-content\/uploads\/2021\/06\/PRIMERA-JORNADA-SUB-11-3-32x23.png 32w\" sizes=\"auto, (max-width: 2245px) 100vw, 2245px\" \/><\/a><\/div><\/div><div class=\"su-image-carousel-item\"><div class=\"su-image-carousel-item-content\"><a href=\"https:\/\/sad.espartales.org\/2020\/wp-content\/uploads\/2021\/06\/4.png\" target=\"_blank\" rel=\"noopener noreferrer\" data-caption=\"\"><img loading=\"lazy\" decoding=\"async\" width=\"2245\" height=\"1587\" src=\"https:\/\/sad.espartales.org\/2020\/wp-content\/uploads\/2021\/06\/4.png\" class=\"\" alt=\"\" srcset=\"https:\/\/sad.espartales.org\/2020\/wp-content\/uploads\/2021\/06\/4.png 2245w, https:\/\/sad.espartales.org\/2020\/wp-content\/uploads\/2021\/06\/4-300x212.png 300w, https:\/\/sad.espartales.org\/2020\/wp-content\/uploads\/2021\/06\/4-1024x724.png 1024w, https:\/\/sad.espartales.org\/2020\/wp-content\/uploads\/2021\/06\/4-768x543.png 768w, https:\/\/sad.espartales.org\/2020\/wp-content\/uploads\/2021\/06\/4-1536x1086.png 1536w, https:\/\/sad.espartales.org\/2020\/wp-content\/uploads\/2021\/06\/4-2048x1448.png 2048w, https:\/\/sad.espartales.org\/2020\/wp-content\/uploads\/2021\/06\/4-128x90.png 128w, https:\/\/sad.espartales.org\/2020\/wp-content\/uploads\/2021\/06\/4-32x23.png 32w\" sizes=\"auto, (max-width: 2245px) 100vw, 2245px\" \/><\/a><\/div><\/div><div class=\"su-image-carousel-item\"><div class=\"su-image-carousel-item-content\"><a href=\"https:\/\/sad.espartales.org\/2020\/wp-content\/uploads\/2021\/06\/PRIMERA-JORNADA-3.png\" target=\"_blank\" rel=\"noopener noreferrer\" data-caption=\"\"><img loading=\"lazy\" decoding=\"async\" width=\"2245\" height=\"1587\" src=\"https:\/\/sad.espartales.org\/2020\/wp-content\/uploads\/2021\/06\/PRIMERA-JORNADA-3.png\" class=\"\" alt=\"\" srcset=\"https:\/\/sad.espartales.org\/2020\/wp-content\/uploads\/2021\/06\/PRIMERA-JORNADA-3.png 2245w, https:\/\/sad.espartales.org\/2020\/wp-content\/uploads\/2021\/06\/PRIMERA-JORNADA-3-300x212.png 300w, https:\/\/sad.espartales.org\/2020\/wp-content\/uploads\/2021\/06\/PRIMERA-JORNADA-3-1024x724.png 1024w, https:\/\/sad.espartales.org\/2020\/wp-content\/uploads\/2021\/06\/PRIMERA-JORNADA-3-768x543.png 768w, https:\/\/sad.espartales.org\/2020\/wp-content\/uploads\/2021\/06\/PRIMERA-JORNADA-3-1536x1086.png 1536w, https:\/\/sad.espartales.org\/2020\/wp-content\/uploads\/2021\/06\/PRIMERA-JORNADA-3-2048x1448.png 2048w, https:\/\/sad.espartales.org\/2020\/wp-content\/uploads\/2021\/06\/PRIMERA-JORNADA-3-128x90.png 128w, https:\/\/sad.espartales.org\/2020\/wp-content\/uploads\/2021\/06\/PRIMERA-JORNADA-3-32x23.png 32w\" sizes=\"auto, (max-width: 2245px) 100vw, 2245px\" \/><\/a><\/div><\/div><div class=\"su-image-carousel-item\"><div class=\"su-image-carousel-item-content\"><a href=\"https:\/\/sad.espartales.org\/2020\/wp-content\/uploads\/2021\/06\/PRIMERA-JORNADA-SUB-11-5.png\" target=\"_blank\" rel=\"noopener noreferrer\" data-caption=\"\"><img loading=\"lazy\" decoding=\"async\" width=\"2245\" height=\"1587\" src=\"https:\/\/sad.espartales.org\/2020\/wp-content\/uploads\/2021\/06\/PRIMERA-JORNADA-SUB-11-5.png\" class=\"\" alt=\"\" srcset=\"https:\/\/sad.espartales.org\/2020\/wp-content\/uploads\/2021\/06\/PRIMERA-JORNADA-SUB-11-5.png 2245w, https:\/\/sad.espartales.org\/2020\/wp-content\/uploads\/2021\/06\/PRIMERA-JORNADA-SUB-11-5-300x212.png 300w, https:\/\/sad.espartales.org\/2020\/wp-content\/uploads\/2021\/06\/PRIMERA-JORNADA-SUB-11-5-1024x724.png 1024w, https:\/\/sad.espartales.org\/2020\/wp-content\/uploads\/2021\/06\/PRIMERA-JORNADA-SUB-11-5-768x543.png 768w, https:\/\/sad.espartales.org\/2020\/wp-content\/uploads\/2021\/06\/PRIMERA-JORNADA-SUB-11-5-1536x1086.png 1536w, https:\/\/sad.espartales.org\/2020\/wp-content\/uploads\/2021\/06\/PRIMERA-JORNADA-SUB-11-5-2048x1448.png 2048w, https:\/\/sad.espartales.org\/2020\/wp-content\/uploads\/2021\/06\/PRIMERA-JORNADA-SUB-11-5-128x90.png 128w, https:\/\/sad.espartales.org\/2020\/wp-content\/uploads\/2021\/06\/PRIMERA-JORNADA-SUB-11-5-32x23.png 32w\" sizes=\"auto, (max-width: 2245px) 100vw, 2245px\" \/><\/a><\/div><\/div><\/div><script id=\"su_image_carousel_69f4b0b5aaac2_script\">if(window.SUImageCarousel){setTimeout(function() {window.SUImageCarousel.initGallery(document.getElementById(\"su_image_carousel_69f4b0b5aaac2\"))}, 0);}var su_image_carousel_69f4b0b5aaac2_script=document.getElementById(\"su_image_carousel_69f4b0b5aaac2_script\");if(su_image_carousel_69f4b0b5aaac2_script){su_image_carousel_69f4b0b5aaac2_script.parentNode.removeChild(su_image_carousel_69f4b0b5aaac2_script);}<\/script>\n","protected":false},"excerpt":{"rendered":"<p>Durante el fin de semana se ha disputado la fase de grupos de todas las&#8230;<\/p>\n","protected":false},"author":1,"featured_media":6552,"comment_status":"open","ping_status":"open","sticky":false,"template":"","format":"image","meta":{"footnotes":""},"categories":[136,122,125,124],"tags":[],"class_list":["post-6548","post","type-post","status-publish","format-image","has-post-thumbnail","hentry","category-destacadas","category-rffm","category-sad-espartales-sur","category-temporada-2020-2021","post_format-post-format-image"],"yoast_head":"<!-- This site is optimized with the Yoast SEO plugin v27.5 - https:\/\/yoast.com\/product\/yoast-seo-wordpress\/ -->\n<title>Resultados MadCup - S.A.D. A.V. Espartales Sur<\/title>\n<meta name=\"robots\" content=\"index, follow, max-snippet:-1, max-image-preview:large, max-video-preview:-1\" \/>\n<link rel=\"canonical\" href=\"https:\/\/sad.espartales.org\/2020\/2021\/06\/29\/resultados-madcup\/\" \/>\n<meta property=\"og:locale\" content=\"es_ES\" \/>\n<meta property=\"og:type\" content=\"article\" \/>\n<meta property=\"og:title\" content=\"Resultados MadCup - S.A.D. A.V. Espartales Sur\" \/>\n<meta property=\"og:description\" content=\"Durante el fin de semana se ha disputado la fase de grupos de todas las...\" \/>\n<meta property=\"og:url\" content=\"https:\/\/sad.espartales.org\/2020\/2021\/06\/29\/resultados-madcup\/\" \/>\n<meta property=\"og:site_name\" content=\"S.A.D. A.V. Espartales Sur\" \/>\n<meta property=\"article:publisher\" content=\"https:\/\/www.facebook.com\/sad.av.espartales.sur\" \/>\n<meta property=\"article:published_time\" content=\"2021-06-29T07:44:26+00:00\" \/>\n<meta property=\"article:modified_time\" content=\"2021-06-29T07:49:57+00:00\" \/>\n<meta property=\"og:image\" content=\"https:\/\/sad.espartales.org\/2020\/wp-content\/uploads\/2021\/06\/descarga-6.jpg\" \/>\n\t<meta property=\"og:image:width\" content=\"315\" \/>\n\t<meta property=\"og:image:height\" content=\"160\" \/>\n\t<meta property=\"og:image:type\" content=\"image\/jpeg\" \/>\n<meta name=\"author\" content=\"Espartales\" \/>\n<meta name=\"twitter:card\" content=\"summary_large_image\" \/>\n<meta name=\"twitter:creator\" content=\"@SAD_Espartales\" \/>\n<meta name=\"twitter:site\" content=\"@SAD_Espartales\" \/>\n<meta name=\"twitter:label1\" content=\"Escrito por\" \/>\n\t<meta name=\"twitter:data1\" content=\"Espartales\" \/>\n<script type=\"application\/ld+json\" class=\"yoast-schema-graph\">{\"@context\":\"https:\\\/\\\/schema.org\",\"@graph\":[{\"@type\":\"Article\",\"@id\":\"https:\\\/\\\/sad.espartales.org\\\/2020\\\/2021\\\/06\\\/29\\\/resultados-madcup\\\/#article\",\"isPartOf\":{\"@id\":\"https:\\\/\\\/sad.espartales.org\\\/2020\\\/2021\\\/06\\\/29\\\/resultados-madcup\\\/\"},\"author\":{\"name\":\"Espartales\",\"@id\":\"https:\\\/\\\/sad.espartales.org\\\/#\\\/schema\\\/person\\\/046b4d8121764596d186631009da925e\"},\"headline\":\"Resultados MadCup\",\"datePublished\":\"2021-06-29T07:44:26+00:00\",\"dateModified\":\"2021-06-29T07:49:57+00:00\",\"mainEntityOfPage\":{\"@id\":\"https:\\\/\\\/sad.espartales.org\\\/2020\\\/2021\\\/06\\\/29\\\/resultados-madcup\\\/\"},\"wordCount\":87,\"commentCount\":0,\"publisher\":{\"@id\":\"https:\\\/\\\/sad.espartales.org\\\/#organization\"},\"image\":{\"@id\":\"https:\\\/\\\/sad.espartales.org\\\/2020\\\/2021\\\/06\\\/29\\\/resultados-madcup\\\/#primaryimage\"},\"thumbnailUrl\":\"https:\\\/\\\/sad.espartales.org\\\/2020\\\/wp-content\\\/uploads\\\/2021\\\/06\\\/descarga-6.jpg\",\"articleSection\":[\"Destacadas\",\"RFFM\",\"SAD Espartales Sur\",\"Temporada 2020-2021\"],\"inLanguage\":\"es\",\"potentialAction\":[{\"@type\":\"CommentAction\",\"name\":\"Comment\",\"target\":[\"https:\\\/\\\/sad.espartales.org\\\/2020\\\/2021\\\/06\\\/29\\\/resultados-madcup\\\/#respond\"]}]},{\"@type\":\"WebPage\",\"@id\":\"https:\\\/\\\/sad.espartales.org\\\/2020\\\/2021\\\/06\\\/29\\\/resultados-madcup\\\/\",\"url\":\"https:\\\/\\\/sad.espartales.org\\\/2020\\\/2021\\\/06\\\/29\\\/resultados-madcup\\\/\",\"name\":\"Resultados MadCup - S.A.D. A.V. Espartales Sur\",\"isPartOf\":{\"@id\":\"https:\\\/\\\/sad.espartales.org\\\/#website\"},\"primaryImageOfPage\":{\"@id\":\"https:\\\/\\\/sad.espartales.org\\\/2020\\\/2021\\\/06\\\/29\\\/resultados-madcup\\\/#primaryimage\"},\"image\":{\"@id\":\"https:\\\/\\\/sad.espartales.org\\\/2020\\\/2021\\\/06\\\/29\\\/resultados-madcup\\\/#primaryimage\"},\"thumbnailUrl\":\"https:\\\/\\\/sad.espartales.org\\\/2020\\\/wp-content\\\/uploads\\\/2021\\\/06\\\/descarga-6.jpg\",\"datePublished\":\"2021-06-29T07:44:26+00:00\",\"dateModified\":\"2021-06-29T07:49:57+00:00\",\"breadcrumb\":{\"@id\":\"https:\\\/\\\/sad.espartales.org\\\/2020\\\/2021\\\/06\\\/29\\\/resultados-madcup\\\/#breadcrumb\"},\"inLanguage\":\"es\",\"potentialAction\":[{\"@type\":\"ReadAction\",\"target\":[\"https:\\\/\\\/sad.espartales.org\\\/2020\\\/2021\\\/06\\\/29\\\/resultados-madcup\\\/\"]}]},{\"@type\":\"ImageObject\",\"inLanguage\":\"es\",\"@id\":\"https:\\\/\\\/sad.espartales.org\\\/2020\\\/2021\\\/06\\\/29\\\/resultados-madcup\\\/#primaryimage\",\"url\":\"https:\\\/\\\/sad.espartales.org\\\/2020\\\/wp-content\\\/uploads\\\/2021\\\/06\\\/descarga-6.jpg\",\"contentUrl\":\"https:\\\/\\\/sad.espartales.org\\\/2020\\\/wp-content\\\/uploads\\\/2021\\\/06\\\/descarga-6.jpg\",\"width\":315,\"height\":160},{\"@type\":\"BreadcrumbList\",\"@id\":\"https:\\\/\\\/sad.espartales.org\\\/2020\\\/2021\\\/06\\\/29\\\/resultados-madcup\\\/#breadcrumb\",\"itemListElement\":[{\"@type\":\"ListItem\",\"position\":1,\"name\":\"Portada\",\"item\":\"https:\\\/\\\/sad.espartales.org\\\/\"},{\"@type\":\"ListItem\",\"position\":2,\"name\":\"Resultados MadCup\"}]},{\"@type\":\"WebSite\",\"@id\":\"https:\\\/\\\/sad.espartales.org\\\/#website\",\"url\":\"https:\\\/\\\/sad.espartales.org\\\/\",\"name\":\"S.A.D. A.V. Espartales Sur\",\"description\":\"\",\"publisher\":{\"@id\":\"https:\\\/\\\/sad.espartales.org\\\/#organization\"},\"potentialAction\":[{\"@type\":\"SearchAction\",\"target\":{\"@type\":\"EntryPoint\",\"urlTemplate\":\"https:\\\/\\\/sad.espartales.org\\\/?s={search_term_string}\"},\"query-input\":{\"@type\":\"PropertyValueSpecification\",\"valueRequired\":true,\"valueName\":\"search_term_string\"}}],\"inLanguage\":\"es\"},{\"@type\":\"Organization\",\"@id\":\"https:\\\/\\\/sad.espartales.org\\\/#organization\",\"name\":\"S.A.D. A.V. Espartales Sur\",\"url\":\"https:\\\/\\\/sad.espartales.org\\\/\",\"logo\":{\"@type\":\"ImageObject\",\"inLanguage\":\"es\",\"@id\":\"https:\\\/\\\/sad.espartales.org\\\/#\\\/schema\\\/logo\\\/image\\\/\",\"url\":\"https:\\\/\\\/sad.espartales.org\\\/2020\\\/wp-content\\\/uploads\\\/2021\\\/07\\\/espartales-negro.png\",\"contentUrl\":\"https:\\\/\\\/sad.espartales.org\\\/2020\\\/wp-content\\\/uploads\\\/2021\\\/07\\\/espartales-negro.png\",\"width\":381,\"height\":381,\"caption\":\"S.A.D. A.V. Espartales Sur\"},\"image\":{\"@id\":\"https:\\\/\\\/sad.espartales.org\\\/#\\\/schema\\\/logo\\\/image\\\/\"},\"sameAs\":[\"https:\\\/\\\/www.facebook.com\\\/sad.av.espartales.sur\",\"https:\\\/\\\/x.com\\\/SAD_Espartales\",\"https:\\\/\\\/www.instagram.com\\\/espartalessur\\\/?hl=es\"]},{\"@type\":\"Person\",\"@id\":\"https:\\\/\\\/sad.espartales.org\\\/#\\\/schema\\\/person\\\/046b4d8121764596d186631009da925e\",\"name\":\"Espartales\",\"image\":{\"@type\":\"ImageObject\",\"inLanguage\":\"es\",\"@id\":\"https:\\\/\\\/secure.gravatar.com\\\/avatar\\\/d23e83573ee06f388790d3d652ff35d7a4c992f06b8fb7be39e7f242bfc429bf?s=96&d=mm&r=g\",\"url\":\"https:\\\/\\\/secure.gravatar.com\\\/avatar\\\/d23e83573ee06f388790d3d652ff35d7a4c992f06b8fb7be39e7f242bfc429bf?s=96&d=mm&r=g\",\"contentUrl\":\"https:\\\/\\\/secure.gravatar.com\\\/avatar\\\/d23e83573ee06f388790d3d652ff35d7a4c992f06b8fb7be39e7f242bfc429bf?s=96&d=mm&r=g\",\"caption\":\"Espartales\"},\"sameAs\":[\"http:\\\/\\\/sad.espartales.org\\\/2020\"],\"url\":\"https:\\\/\\\/sad.espartales.org\\\/2020\\\/author\\\/espartales\\\/\"}]}<\/script>\n<!-- \/ Yoast SEO plugin. -->","yoast_head_json":{"title":"Resultados MadCup - S.A.D. A.V. Espartales Sur","robots":{"index":"index","follow":"follow","max-snippet":"max-snippet:-1","max-image-preview":"max-image-preview:large","max-video-preview":"max-video-preview:-1"},"canonical":"https:\/\/sad.espartales.org\/2020\/2021\/06\/29\/resultados-madcup\/","og_locale":"es_ES","og_type":"article","og_title":"Resultados MadCup - S.A.D. A.V. Espartales Sur","og_description":"Durante el fin de semana se ha disputado la fase de grupos de todas las...","og_url":"https:\/\/sad.espartales.org\/2020\/2021\/06\/29\/resultados-madcup\/","og_site_name":"S.A.D. A.V. Espartales Sur","article_publisher":"https:\/\/www.facebook.com\/sad.av.espartales.sur","article_published_time":"2021-06-29T07:44:26+00:00","article_modified_time":"2021-06-29T07:49:57+00:00","og_image":[{"width":315,"height":160,"url":"https:\/\/sad.espartales.org\/2020\/wp-content\/uploads\/2021\/06\/descarga-6.jpg","type":"image\/jpeg"}],"author":"Espartales","twitter_card":"summary_large_image","twitter_creator":"@SAD_Espartales","twitter_site":"@SAD_Espartales","twitter_misc":{"Escrito por":"Espartales"},"schema":{"@context":"https:\/\/schema.org","@graph":[{"@type":"Article","@id":"https:\/\/sad.espartales.org\/2020\/2021\/06\/29\/resultados-madcup\/#article","isPartOf":{"@id":"https:\/\/sad.espartales.org\/2020\/2021\/06\/29\/resultados-madcup\/"},"author":{"name":"Espartales","@id":"https:\/\/sad.espartales.org\/#\/schema\/person\/046b4d8121764596d186631009da925e"},"headline":"Resultados MadCup","datePublished":"2021-06-29T07:44:26+00:00","dateModified":"2021-06-29T07:49:57+00:00","mainEntityOfPage":{"@id":"https:\/\/sad.espartales.org\/2020\/2021\/06\/29\/resultados-madcup\/"},"wordCount":87,"commentCount":0,"publisher":{"@id":"https:\/\/sad.espartales.org\/#organization"},"image":{"@id":"https:\/\/sad.espartales.org\/2020\/2021\/06\/29\/resultados-madcup\/#primaryimage"},"thumbnailUrl":"https:\/\/sad.espartales.org\/2020\/wp-content\/uploads\/2021\/06\/descarga-6.jpg","articleSection":["Destacadas","RFFM","SAD Espartales Sur","Temporada 2020-2021"],"inLanguage":"es","potentialAction":[{"@type":"CommentAction","name":"Comment","target":["https:\/\/sad.espartales.org\/2020\/2021\/06\/29\/resultados-madcup\/#respond"]}]},{"@type":"WebPage","@id":"https:\/\/sad.espartales.org\/2020\/2021\/06\/29\/resultados-madcup\/","url":"https:\/\/sad.espartales.org\/2020\/2021\/06\/29\/resultados-madcup\/","name":"Resultados MadCup - S.A.D. A.V. Espartales Sur","isPartOf":{"@id":"https:\/\/sad.espartales.org\/#website"},"primaryImageOfPage":{"@id":"https:\/\/sad.espartales.org\/2020\/2021\/06\/29\/resultados-madcup\/#primaryimage"},"image":{"@id":"https:\/\/sad.espartales.org\/2020\/2021\/06\/29\/resultados-madcup\/#primaryimage"},"thumbnailUrl":"https:\/\/sad.espartales.org\/2020\/wp-content\/uploads\/2021\/06\/descarga-6.jpg","datePublished":"2021-06-29T07:44:26+00:00","dateModified":"2021-06-29T07:49:57+00:00","breadcrumb":{"@id":"https:\/\/sad.espartales.org\/2020\/2021\/06\/29\/resultados-madcup\/#breadcrumb"},"inLanguage":"es","potentialAction":[{"@type":"ReadAction","target":["https:\/\/sad.espartales.org\/2020\/2021\/06\/29\/resultados-madcup\/"]}]},{"@type":"ImageObject","inLanguage":"es","@id":"https:\/\/sad.espartales.org\/2020\/2021\/06\/29\/resultados-madcup\/#primaryimage","url":"https:\/\/sad.espartales.org\/2020\/wp-content\/uploads\/2021\/06\/descarga-6.jpg","contentUrl":"https:\/\/sad.espartales.org\/2020\/wp-content\/uploads\/2021\/06\/descarga-6.jpg","width":315,"height":160},{"@type":"BreadcrumbList","@id":"https:\/\/sad.espartales.org\/2020\/2021\/06\/29\/resultados-madcup\/#breadcrumb","itemListElement":[{"@type":"ListItem","position":1,"name":"Portada","item":"https:\/\/sad.espartales.org\/"},{"@type":"ListItem","position":2,"name":"Resultados MadCup"}]},{"@type":"WebSite","@id":"https:\/\/sad.espartales.org\/#website","url":"https:\/\/sad.espartales.org\/","name":"S.A.D. A.V. Espartales Sur","description":"","publisher":{"@id":"https:\/\/sad.espartales.org\/#organization"},"potentialAction":[{"@type":"SearchAction","target":{"@type":"EntryPoint","urlTemplate":"https:\/\/sad.espartales.org\/?s={search_term_string}"},"query-input":{"@type":"PropertyValueSpecification","valueRequired":true,"valueName":"search_term_string"}}],"inLanguage":"es"},{"@type":"Organization","@id":"https:\/\/sad.espartales.org\/#organization","name":"S.A.D. A.V. Espartales Sur","url":"https:\/\/sad.espartales.org\/","logo":{"@type":"ImageObject","inLanguage":"es","@id":"https:\/\/sad.espartales.org\/#\/schema\/logo\/image\/","url":"https:\/\/sad.espartales.org\/2020\/wp-content\/uploads\/2021\/07\/espartales-negro.png","contentUrl":"https:\/\/sad.espartales.org\/2020\/wp-content\/uploads\/2021\/07\/espartales-negro.png","width":381,"height":381,"caption":"S.A.D. A.V. Espartales Sur"},"image":{"@id":"https:\/\/sad.espartales.org\/#\/schema\/logo\/image\/"},"sameAs":["https:\/\/www.facebook.com\/sad.av.espartales.sur","https:\/\/x.com\/SAD_Espartales","https:\/\/www.instagram.com\/espartalessur\/?hl=es"]},{"@type":"Person","@id":"https:\/\/sad.espartales.org\/#\/schema\/person\/046b4d8121764596d186631009da925e","name":"Espartales","image":{"@type":"ImageObject","inLanguage":"es","@id":"https:\/\/secure.gravatar.com\/avatar\/d23e83573ee06f388790d3d652ff35d7a4c992f06b8fb7be39e7f242bfc429bf?s=96&d=mm&r=g","url":"https:\/\/secure.gravatar.com\/avatar\/d23e83573ee06f388790d3d652ff35d7a4c992f06b8fb7be39e7f242bfc429bf?s=96&d=mm&r=g","contentUrl":"https:\/\/secure.gravatar.com\/avatar\/d23e83573ee06f388790d3d652ff35d7a4c992f06b8fb7be39e7f242bfc429bf?s=96&d=mm&r=g","caption":"Espartales"},"sameAs":["https:\/\/sad.espartales.org\/2020"],"url":"https:\/\/sad.espartales.org\/2020\/author\/espartales\/"}]}},"_links":{"self":[{"href":"https:\/\/sad.espartales.org\/2020\/wp-json\/wp\/v2\/posts\/6548","targetHints":{"allow":["GET"]}}],"collection":[{"href":"https:\/\/sad.espartales.org\/2020\/wp-json\/wp\/v2\/posts"}],"about":[{"href":"https:\/\/sad.espartales.org\/2020\/wp-json\/wp\/v2\/types\/post"}],"author":[{"embeddable":true,"href":"https:\/\/sad.espartales.org\/2020\/wp-json\/wp\/v2\/users\/1"}],"replies":[{"embeddable":true,"href":"https:\/\/sad.espartales.org\/2020\/wp-json\/wp\/v2\/comments?post=6548"}],"version-history":[{"count":4,"href":"https:\/\/sad.espartales.org\/2020\/wp-json\/wp\/v2\/posts\/6548\/revisions"}],"predecessor-version":[{"id":6553,"href":"https:\/\/sad.espartales.org\/2020\/wp-json\/wp\/v2\/posts\/6548\/revisions\/6553"}],"wp:featuredmedia":[{"embeddable":true,"href":"https:\/\/sad.espartales.org\/2020\/wp-json\/wp\/v2\/media\/6552"}],"wp:attachment":[{"href":"https:\/\/sad.espartales.org\/2020\/wp-json\/wp\/v2\/media?parent=6548"}],"wp:term":[{"taxonomy":"category","embeddable":true,"href":"https:\/\/sad.espartales.org\/2020\/wp-json\/wp\/v2\/categories?post=6548"},{"taxonomy":"post_tag","embeddable":true,"href":"https:\/\/sad.espartales.org\/2020\/wp-json\/wp\/v2\/tags?post=6548"}],"curies":[{"name":"wp","href":"https:\/\/api.w.org\/{rel}","templated":true}]}}