{"id":6876,"date":"2021-07-21T15:33:08","date_gmt":"2021-07-21T15:33:08","guid":{"rendered":"https:\/\/sad.espartales.org\/2020\/?p=6876"},"modified":"2021-07-21T15:34:22","modified_gmt":"2021-07-21T15:34:22","slug":"laclase-nuevo-colaborador","status":"publish","type":"post","link":"https:\/\/sad.espartales.org\/2020\/2021\/07\/21\/laclase-nuevo-colaborador\/","title":{"rendered":"laclase, nuevo colaborador"},"content":{"rendered":"<p>laclase colaborar\u00e1 con nosotros a partir de la temporada 21\/22. Os contamos un poco m\u00e1s de ellos:<\/p>\n<div class=\"Preview_row__3Fkye row\">\n<div class=\"Preview_componentWrapper__2i4QI\" data-id=\"EF002A82-8DC5-49F6-94C4-0CA7AA655DAE\" data-kind=\"TEXT\">\n<div class=\"Preview_component__SbiKo text-align-null\" data-in-template=\"false\" data-id=\"EF002A82-8DC5-49F6-94C4-0CA7AA655DAE\" data-kind=\"Component\" data-specific-kind=\"TEXT\">\n<div class=\"styles_contentContainer__lrPIa textnormal styles_text__3jGMu\" data-mve-font-change=\"0\">\n<p class=\"mobile-undersized-upper\"><span class=\"mobile-undersized-upper\">laclase\u00a0nace en 2013 con la inquietud de ser m\u00e1s que una academia,\u00a0un espacio educativo\u00a0donde desarrollar y acoger iniciativas en diferentes \u00e1mbitos complementarios a la formaci\u00f3n puramente acad\u00e9mica.<\/span><\/p>\n<p class=\"mobile-undersized-upper\"><span class=\"mobile-undersized-upper\">\u00a0<\/span><span class=\"mobile-undersized-upper\">Cada alumno y cada familia con la que trabajamos nos inspira para seguir creciendo, a ser m\u00e1s innovadores y creativos y a buscar nuevas formas de apoyarles en las \u00e1reas que necesiten y \u00a0les motivan. \u00a0Ellos son siempre los verdaderos protagonistas\u00a0y son ellos, sus inquietudes, los que definen nuestra cartera de servicios.<\/span><\/p>\n<p class=\"mobile-undersized-upper\"><span class=\"mobile-undersized-upper\">\u00a0<\/span><span class=\"mobile-undersized-upper\">\u00bfY t\u00fa?, \u00bfte apetece aprender y compartir una experiencia educativa \u00fanica con nosotros?<\/span><\/p>\n<p class=\"mobile-undersized-upper\"><span class=\"mobile-undersized-upper\">\u00a1Te esperamos!<\/span><\/p>\n<\/div>\n<\/div>\n<\/div>\n<\/div>\n<div class=\"Preview_row__3Fkye row\">\n<div class=\"Preview_componentWrapper__2i4QI\" data-id=\"53130FC1-AB53-4BF7-849A-89965F477829\" data-kind=\"TEXT\">\n<div class=\"Preview_component__SbiKo text-align-null\" data-in-template=\"false\" data-id=\"53130FC1-AB53-4BF7-849A-89965F477829\" data-kind=\"Component\" data-specific-kind=\"TEXT\">\n<div class=\"styles_contentContainer__lrPIa textnormal styles_text__3jGMu\" data-mve-font-change=\"0\"><\/div>\n<\/div>\n<\/div>\n<\/div>\n<p><a href=\"https:\/\/www.laclase.org\/\">https:\/\/www.laclase.org\/<\/a><\/p>\n<p><a href=\"https:\/\/sad.espartales.org\/2020\/wp-content\/uploads\/2021\/07\/fachada.png\"><img loading=\"lazy\" decoding=\"async\" class=\"alignnone size-full wp-image-6878\" src=\"https:\/\/sad.espartales.org\/2020\/wp-content\/uploads\/2021\/07\/fachada.png\" alt=\"\" width=\"862\" height=\"489\" srcset=\"https:\/\/sad.espartales.org\/2020\/wp-content\/uploads\/2021\/07\/fachada.png 862w, https:\/\/sad.espartales.org\/2020\/wp-content\/uploads\/2021\/07\/fachada-300x170.png 300w, https:\/\/sad.espartales.org\/2020\/wp-content\/uploads\/2021\/07\/fachada-768x436.png 768w, https:\/\/sad.espartales.org\/2020\/wp-content\/uploads\/2021\/07\/fachada-128x73.png 128w, https:\/\/sad.espartales.org\/2020\/wp-content\/uploads\/2021\/07\/fachada-32x18.png 32w\" sizes=\"auto, (max-width: 862px) 100vw, 862px\" \/><\/a><\/p>\n","protected":false},"excerpt":{"rendered":"<p>laclase colaborar\u00e1 con nosotros a partir de la temporada 21\/22. Os contamos un poco m\u00e1s&#8230;<\/p>\n","protected":false},"author":1,"featured_media":6880,"comment_status":"open","ping_status":"open","sticky":false,"template":"","format":"standard","meta":{"footnotes":""},"categories":[135,130,125,138],"tags":[],"class_list":["post-6876","post","type-post","status-publish","format-standard","has-post-thumbnail","hentry","category-colaboradores","category-twetter","category-sad-espartales-sur","category-temporada-2021-2022"],"yoast_head":"<!-- This site is optimized with the Yoast SEO plugin v27.5 - https:\/\/yoast.com\/product\/yoast-seo-wordpress\/ -->\n<title>laclase, nuevo colaborador - S.A.D. A.V. Espartales Sur<\/title>\n<meta name=\"robots\" content=\"index, follow, max-snippet:-1, max-image-preview:large, max-video-preview:-1\" \/>\n<link rel=\"canonical\" href=\"https:\/\/sad.espartales.org\/2020\/2021\/07\/21\/laclase-nuevo-colaborador\/\" \/>\n<meta property=\"og:locale\" content=\"es_ES\" \/>\n<meta property=\"og:type\" content=\"article\" \/>\n<meta property=\"og:title\" content=\"laclase, nuevo colaborador - S.A.D. A.V. Espartales Sur\" \/>\n<meta property=\"og:description\" content=\"laclase colaborar\u00e1 con nosotros a partir de la temporada 21\/22. Os contamos un poco m\u00e1s...\" \/>\n<meta property=\"og:url\" content=\"https:\/\/sad.espartales.org\/2020\/2021\/07\/21\/laclase-nuevo-colaborador\/\" \/>\n<meta property=\"og:site_name\" content=\"S.A.D. A.V. Espartales Sur\" \/>\n<meta property=\"article:publisher\" content=\"https:\/\/www.facebook.com\/sad.av.espartales.sur\" \/>\n<meta property=\"article:published_time\" content=\"2021-07-21T15:33:08+00:00\" \/>\n<meta property=\"article:modified_time\" content=\"2021-07-21T15:34:22+00:00\" \/>\n<meta property=\"og:image\" content=\"https:\/\/sad.espartales.org\/2020\/wp-content\/uploads\/2021\/07\/Estudiar-y-el-deporte-no-puede-estar-renido-por-eso-Academia-laclase-y-S.A.D.-Espartales-Sur-hemos-llegado-a-un-acuerdo-de-colaboracion-1024x724.png\" \/>\n\t<meta property=\"og:image:width\" content=\"1024\" \/>\n\t<meta property=\"og:image:height\" content=\"724\" \/>\n\t<meta property=\"og:image:type\" content=\"image\/png\" \/>\n<meta name=\"author\" content=\"Espartales\" \/>\n<meta name=\"twitter:card\" content=\"summary_large_image\" \/>\n<meta name=\"twitter:creator\" content=\"@SAD_Espartales\" \/>\n<meta name=\"twitter:site\" content=\"@SAD_Espartales\" \/>\n<meta name=\"twitter:label1\" content=\"Escrito por\" \/>\n\t<meta name=\"twitter:data1\" content=\"Espartales\" \/>\n\t<meta name=\"twitter:label2\" content=\"Tiempo de lectura\" \/>\n\t<meta name=\"twitter:data2\" content=\"1 minuto\" \/>\n<script type=\"application\/ld+json\" class=\"yoast-schema-graph\">{\"@context\":\"https:\\\/\\\/schema.org\",\"@graph\":[{\"@type\":\"Article\",\"@id\":\"https:\\\/\\\/sad.espartales.org\\\/2020\\\/2021\\\/07\\\/21\\\/laclase-nuevo-colaborador\\\/#article\",\"isPartOf\":{\"@id\":\"https:\\\/\\\/sad.espartales.org\\\/2020\\\/2021\\\/07\\\/21\\\/laclase-nuevo-colaborador\\\/\"},\"author\":{\"name\":\"Espartales\",\"@id\":\"https:\\\/\\\/sad.espartales.org\\\/#\\\/schema\\\/person\\\/046b4d8121764596d186631009da925e\"},\"headline\":\"laclase, nuevo colaborador\",\"datePublished\":\"2021-07-21T15:33:08+00:00\",\"dateModified\":\"2021-07-21T15:34:22+00:00\",\"mainEntityOfPage\":{\"@id\":\"https:\\\/\\\/sad.espartales.org\\\/2020\\\/2021\\\/07\\\/21\\\/laclase-nuevo-colaborador\\\/\"},\"wordCount\":125,\"commentCount\":0,\"publisher\":{\"@id\":\"https:\\\/\\\/sad.espartales.org\\\/#organization\"},\"image\":{\"@id\":\"https:\\\/\\\/sad.espartales.org\\\/2020\\\/2021\\\/07\\\/21\\\/laclase-nuevo-colaborador\\\/#primaryimage\"},\"thumbnailUrl\":\"https:\\\/\\\/sad.espartales.org\\\/2020\\\/wp-content\\\/uploads\\\/2021\\\/07\\\/Estudiar-y-el-deporte-no-puede-estar-renido-por-eso-Academia-laclase-y-S.A.D.-Espartales-Sur-hemos-llegado-a-un-acuerdo-de-colaboracion.png\",\"articleSection\":[\"Colaboradores\",\"RRSS\",\"SAD Espartales Sur\",\"Temporada 2021-2022\"],\"inLanguage\":\"es\",\"potentialAction\":[{\"@type\":\"CommentAction\",\"name\":\"Comment\",\"target\":[\"https:\\\/\\\/sad.espartales.org\\\/2020\\\/2021\\\/07\\\/21\\\/laclase-nuevo-colaborador\\\/#respond\"]}]},{\"@type\":\"WebPage\",\"@id\":\"https:\\\/\\\/sad.espartales.org\\\/2020\\\/2021\\\/07\\\/21\\\/laclase-nuevo-colaborador\\\/\",\"url\":\"https:\\\/\\\/sad.espartales.org\\\/2020\\\/2021\\\/07\\\/21\\\/laclase-nuevo-colaborador\\\/\",\"name\":\"laclase, nuevo colaborador - S.A.D. A.V. Espartales Sur\",\"isPartOf\":{\"@id\":\"https:\\\/\\\/sad.espartales.org\\\/#website\"},\"primaryImageOfPage\":{\"@id\":\"https:\\\/\\\/sad.espartales.org\\\/2020\\\/2021\\\/07\\\/21\\\/laclase-nuevo-colaborador\\\/#primaryimage\"},\"image\":{\"@id\":\"https:\\\/\\\/sad.espartales.org\\\/2020\\\/2021\\\/07\\\/21\\\/laclase-nuevo-colaborador\\\/#primaryimage\"},\"thumbnailUrl\":\"https:\\\/\\\/sad.espartales.org\\\/2020\\\/wp-content\\\/uploads\\\/2021\\\/07\\\/Estudiar-y-el-deporte-no-puede-estar-renido-por-eso-Academia-laclase-y-S.A.D.-Espartales-Sur-hemos-llegado-a-un-acuerdo-de-colaboracion.png\",\"datePublished\":\"2021-07-21T15:33:08+00:00\",\"dateModified\":\"2021-07-21T15:34:22+00:00\",\"breadcrumb\":{\"@id\":\"https:\\\/\\\/sad.espartales.org\\\/2020\\\/2021\\\/07\\\/21\\\/laclase-nuevo-colaborador\\\/#breadcrumb\"},\"inLanguage\":\"es\",\"potentialAction\":[{\"@type\":\"ReadAction\",\"target\":[\"https:\\\/\\\/sad.espartales.org\\\/2020\\\/2021\\\/07\\\/21\\\/laclase-nuevo-colaborador\\\/\"]}]},{\"@type\":\"ImageObject\",\"inLanguage\":\"es\",\"@id\":\"https:\\\/\\\/sad.espartales.org\\\/2020\\\/2021\\\/07\\\/21\\\/laclase-nuevo-colaborador\\\/#primaryimage\",\"url\":\"https:\\\/\\\/sad.espartales.org\\\/2020\\\/wp-content\\\/uploads\\\/2021\\\/07\\\/Estudiar-y-el-deporte-no-puede-estar-renido-por-eso-Academia-laclase-y-S.A.D.-Espartales-Sur-hemos-llegado-a-un-acuerdo-de-colaboracion.png\",\"contentUrl\":\"https:\\\/\\\/sad.espartales.org\\\/2020\\\/wp-content\\\/uploads\\\/2021\\\/07\\\/Estudiar-y-el-deporte-no-puede-estar-renido-por-eso-Academia-laclase-y-S.A.D.-Espartales-Sur-hemos-llegado-a-un-acuerdo-de-colaboracion.png\",\"width\":2245,\"height\":1587},{\"@type\":\"BreadcrumbList\",\"@id\":\"https:\\\/\\\/sad.espartales.org\\\/2020\\\/2021\\\/07\\\/21\\\/laclase-nuevo-colaborador\\\/#breadcrumb\",\"itemListElement\":[{\"@type\":\"ListItem\",\"position\":1,\"name\":\"Portada\",\"item\":\"https:\\\/\\\/sad.espartales.org\\\/\"},{\"@type\":\"ListItem\",\"position\":2,\"name\":\"laclase, nuevo colaborador\"}]},{\"@type\":\"WebSite\",\"@id\":\"https:\\\/\\\/sad.espartales.org\\\/#website\",\"url\":\"https:\\\/\\\/sad.espartales.org\\\/\",\"name\":\"S.A.D. A.V. Espartales Sur\",\"description\":\"\",\"publisher\":{\"@id\":\"https:\\\/\\\/sad.espartales.org\\\/#organization\"},\"potentialAction\":[{\"@type\":\"SearchAction\",\"target\":{\"@type\":\"EntryPoint\",\"urlTemplate\":\"https:\\\/\\\/sad.espartales.org\\\/?s={search_term_string}\"},\"query-input\":{\"@type\":\"PropertyValueSpecification\",\"valueRequired\":true,\"valueName\":\"search_term_string\"}}],\"inLanguage\":\"es\"},{\"@type\":\"Organization\",\"@id\":\"https:\\\/\\\/sad.espartales.org\\\/#organization\",\"name\":\"S.A.D. A.V. Espartales Sur\",\"url\":\"https:\\\/\\\/sad.espartales.org\\\/\",\"logo\":{\"@type\":\"ImageObject\",\"inLanguage\":\"es\",\"@id\":\"https:\\\/\\\/sad.espartales.org\\\/#\\\/schema\\\/logo\\\/image\\\/\",\"url\":\"https:\\\/\\\/sad.espartales.org\\\/2020\\\/wp-content\\\/uploads\\\/2021\\\/07\\\/espartales-negro.png\",\"contentUrl\":\"https:\\\/\\\/sad.espartales.org\\\/2020\\\/wp-content\\\/uploads\\\/2021\\\/07\\\/espartales-negro.png\",\"width\":381,\"height\":381,\"caption\":\"S.A.D. A.V. Espartales Sur\"},\"image\":{\"@id\":\"https:\\\/\\\/sad.espartales.org\\\/#\\\/schema\\\/logo\\\/image\\\/\"},\"sameAs\":[\"https:\\\/\\\/www.facebook.com\\\/sad.av.espartales.sur\",\"https:\\\/\\\/x.com\\\/SAD_Espartales\",\"https:\\\/\\\/www.instagram.com\\\/espartalessur\\\/?hl=es\"]},{\"@type\":\"Person\",\"@id\":\"https:\\\/\\\/sad.espartales.org\\\/#\\\/schema\\\/person\\\/046b4d8121764596d186631009da925e\",\"name\":\"Espartales\",\"image\":{\"@type\":\"ImageObject\",\"inLanguage\":\"es\",\"@id\":\"https:\\\/\\\/secure.gravatar.com\\\/avatar\\\/d23e83573ee06f388790d3d652ff35d7a4c992f06b8fb7be39e7f242bfc429bf?s=96&d=mm&r=g\",\"url\":\"https:\\\/\\\/secure.gravatar.com\\\/avatar\\\/d23e83573ee06f388790d3d652ff35d7a4c992f06b8fb7be39e7f242bfc429bf?s=96&d=mm&r=g\",\"contentUrl\":\"https:\\\/\\\/secure.gravatar.com\\\/avatar\\\/d23e83573ee06f388790d3d652ff35d7a4c992f06b8fb7be39e7f242bfc429bf?s=96&d=mm&r=g\",\"caption\":\"Espartales\"},\"sameAs\":[\"http:\\\/\\\/sad.espartales.org\\\/2020\"],\"url\":\"https:\\\/\\\/sad.espartales.org\\\/2020\\\/author\\\/espartales\\\/\"}]}<\/script>\n<!-- \/ Yoast SEO plugin. -->","yoast_head_json":{"title":"laclase, nuevo colaborador - S.A.D. A.V. Espartales Sur","robots":{"index":"index","follow":"follow","max-snippet":"max-snippet:-1","max-image-preview":"max-image-preview:large","max-video-preview":"max-video-preview:-1"},"canonical":"https:\/\/sad.espartales.org\/2020\/2021\/07\/21\/laclase-nuevo-colaborador\/","og_locale":"es_ES","og_type":"article","og_title":"laclase, nuevo colaborador - S.A.D. A.V. Espartales Sur","og_description":"laclase colaborar\u00e1 con nosotros a partir de la temporada 21\/22. Os contamos un poco m\u00e1s...","og_url":"https:\/\/sad.espartales.org\/2020\/2021\/07\/21\/laclase-nuevo-colaborador\/","og_site_name":"S.A.D. A.V. Espartales Sur","article_publisher":"https:\/\/www.facebook.com\/sad.av.espartales.sur","article_published_time":"2021-07-21T15:33:08+00:00","article_modified_time":"2021-07-21T15:34:22+00:00","og_image":[{"width":1024,"height":724,"url":"https:\/\/sad.espartales.org\/2020\/wp-content\/uploads\/2021\/07\/Estudiar-y-el-deporte-no-puede-estar-renido-por-eso-Academia-laclase-y-S.A.D.-Espartales-Sur-hemos-llegado-a-un-acuerdo-de-colaboracion-1024x724.png","type":"image\/png"}],"author":"Espartales","twitter_card":"summary_large_image","twitter_creator":"@SAD_Espartales","twitter_site":"@SAD_Espartales","twitter_misc":{"Escrito por":"Espartales","Tiempo de lectura":"1 minuto"},"schema":{"@context":"https:\/\/schema.org","@graph":[{"@type":"Article","@id":"https:\/\/sad.espartales.org\/2020\/2021\/07\/21\/laclase-nuevo-colaborador\/#article","isPartOf":{"@id":"https:\/\/sad.espartales.org\/2020\/2021\/07\/21\/laclase-nuevo-colaborador\/"},"author":{"name":"Espartales","@id":"https:\/\/sad.espartales.org\/#\/schema\/person\/046b4d8121764596d186631009da925e"},"headline":"laclase, nuevo colaborador","datePublished":"2021-07-21T15:33:08+00:00","dateModified":"2021-07-21T15:34:22+00:00","mainEntityOfPage":{"@id":"https:\/\/sad.espartales.org\/2020\/2021\/07\/21\/laclase-nuevo-colaborador\/"},"wordCount":125,"commentCount":0,"publisher":{"@id":"https:\/\/sad.espartales.org\/#organization"},"image":{"@id":"https:\/\/sad.espartales.org\/2020\/2021\/07\/21\/laclase-nuevo-colaborador\/#primaryimage"},"thumbnailUrl":"https:\/\/sad.espartales.org\/2020\/wp-content\/uploads\/2021\/07\/Estudiar-y-el-deporte-no-puede-estar-renido-por-eso-Academia-laclase-y-S.A.D.-Espartales-Sur-hemos-llegado-a-un-acuerdo-de-colaboracion.png","articleSection":["Colaboradores","RRSS","SAD Espartales Sur","Temporada 2021-2022"],"inLanguage":"es","potentialAction":[{"@type":"CommentAction","name":"Comment","target":["https:\/\/sad.espartales.org\/2020\/2021\/07\/21\/laclase-nuevo-colaborador\/#respond"]}]},{"@type":"WebPage","@id":"https:\/\/sad.espartales.org\/2020\/2021\/07\/21\/laclase-nuevo-colaborador\/","url":"https:\/\/sad.espartales.org\/2020\/2021\/07\/21\/laclase-nuevo-colaborador\/","name":"laclase, nuevo colaborador - S.A.D. A.V. Espartales Sur","isPartOf":{"@id":"https:\/\/sad.espartales.org\/#website"},"primaryImageOfPage":{"@id":"https:\/\/sad.espartales.org\/2020\/2021\/07\/21\/laclase-nuevo-colaborador\/#primaryimage"},"image":{"@id":"https:\/\/sad.espartales.org\/2020\/2021\/07\/21\/laclase-nuevo-colaborador\/#primaryimage"},"thumbnailUrl":"https:\/\/sad.espartales.org\/2020\/wp-content\/uploads\/2021\/07\/Estudiar-y-el-deporte-no-puede-estar-renido-por-eso-Academia-laclase-y-S.A.D.-Espartales-Sur-hemos-llegado-a-un-acuerdo-de-colaboracion.png","datePublished":"2021-07-21T15:33:08+00:00","dateModified":"2021-07-21T15:34:22+00:00","breadcrumb":{"@id":"https:\/\/sad.espartales.org\/2020\/2021\/07\/21\/laclase-nuevo-colaborador\/#breadcrumb"},"inLanguage":"es","potentialAction":[{"@type":"ReadAction","target":["https:\/\/sad.espartales.org\/2020\/2021\/07\/21\/laclase-nuevo-colaborador\/"]}]},{"@type":"ImageObject","inLanguage":"es","@id":"https:\/\/sad.espartales.org\/2020\/2021\/07\/21\/laclase-nuevo-colaborador\/#primaryimage","url":"https:\/\/sad.espartales.org\/2020\/wp-content\/uploads\/2021\/07\/Estudiar-y-el-deporte-no-puede-estar-renido-por-eso-Academia-laclase-y-S.A.D.-Espartales-Sur-hemos-llegado-a-un-acuerdo-de-colaboracion.png","contentUrl":"https:\/\/sad.espartales.org\/2020\/wp-content\/uploads\/2021\/07\/Estudiar-y-el-deporte-no-puede-estar-renido-por-eso-Academia-laclase-y-S.A.D.-Espartales-Sur-hemos-llegado-a-un-acuerdo-de-colaboracion.png","width":2245,"height":1587},{"@type":"BreadcrumbList","@id":"https:\/\/sad.espartales.org\/2020\/2021\/07\/21\/laclase-nuevo-colaborador\/#breadcrumb","itemListElement":[{"@type":"ListItem","position":1,"name":"Portada","item":"https:\/\/sad.espartales.org\/"},{"@type":"ListItem","position":2,"name":"laclase, nuevo colaborador"}]},{"@type":"WebSite","@id":"https:\/\/sad.espartales.org\/#website","url":"https:\/\/sad.espartales.org\/","name":"S.A.D. A.V. Espartales Sur","description":"","publisher":{"@id":"https:\/\/sad.espartales.org\/#organization"},"potentialAction":[{"@type":"SearchAction","target":{"@type":"EntryPoint","urlTemplate":"https:\/\/sad.espartales.org\/?s={search_term_string}"},"query-input":{"@type":"PropertyValueSpecification","valueRequired":true,"valueName":"search_term_string"}}],"inLanguage":"es"},{"@type":"Organization","@id":"https:\/\/sad.espartales.org\/#organization","name":"S.A.D. A.V. Espartales Sur","url":"https:\/\/sad.espartales.org\/","logo":{"@type":"ImageObject","inLanguage":"es","@id":"https:\/\/sad.espartales.org\/#\/schema\/logo\/image\/","url":"https:\/\/sad.espartales.org\/2020\/wp-content\/uploads\/2021\/07\/espartales-negro.png","contentUrl":"https:\/\/sad.espartales.org\/2020\/wp-content\/uploads\/2021\/07\/espartales-negro.png","width":381,"height":381,"caption":"S.A.D. A.V. Espartales Sur"},"image":{"@id":"https:\/\/sad.espartales.org\/#\/schema\/logo\/image\/"},"sameAs":["https:\/\/www.facebook.com\/sad.av.espartales.sur","https:\/\/x.com\/SAD_Espartales","https:\/\/www.instagram.com\/espartalessur\/?hl=es"]},{"@type":"Person","@id":"https:\/\/sad.espartales.org\/#\/schema\/person\/046b4d8121764596d186631009da925e","name":"Espartales","image":{"@type":"ImageObject","inLanguage":"es","@id":"https:\/\/secure.gravatar.com\/avatar\/d23e83573ee06f388790d3d652ff35d7a4c992f06b8fb7be39e7f242bfc429bf?s=96&d=mm&r=g","url":"https:\/\/secure.gravatar.com\/avatar\/d23e83573ee06f388790d3d652ff35d7a4c992f06b8fb7be39e7f242bfc429bf?s=96&d=mm&r=g","contentUrl":"https:\/\/secure.gravatar.com\/avatar\/d23e83573ee06f388790d3d652ff35d7a4c992f06b8fb7be39e7f242bfc429bf?s=96&d=mm&r=g","caption":"Espartales"},"sameAs":["https:\/\/sad.espartales.org\/2020"],"url":"https:\/\/sad.espartales.org\/2020\/author\/espartales\/"}]}},"_links":{"self":[{"href":"https:\/\/sad.espartales.org\/2020\/wp-json\/wp\/v2\/posts\/6876","targetHints":{"allow":["GET"]}}],"collection":[{"href":"https:\/\/sad.espartales.org\/2020\/wp-json\/wp\/v2\/posts"}],"about":[{"href":"https:\/\/sad.espartales.org\/2020\/wp-json\/wp\/v2\/types\/post"}],"author":[{"embeddable":true,"href":"https:\/\/sad.espartales.org\/2020\/wp-json\/wp\/v2\/users\/1"}],"replies":[{"embeddable":true,"href":"https:\/\/sad.espartales.org\/2020\/wp-json\/wp\/v2\/comments?post=6876"}],"version-history":[{"count":1,"href":"https:\/\/sad.espartales.org\/2020\/wp-json\/wp\/v2\/posts\/6876\/revisions"}],"predecessor-version":[{"id":6879,"href":"https:\/\/sad.espartales.org\/2020\/wp-json\/wp\/v2\/posts\/6876\/revisions\/6879"}],"wp:featuredmedia":[{"embeddable":true,"href":"https:\/\/sad.espartales.org\/2020\/wp-json\/wp\/v2\/media\/6880"}],"wp:attachment":[{"href":"https:\/\/sad.espartales.org\/2020\/wp-json\/wp\/v2\/media?parent=6876"}],"wp:term":[{"taxonomy":"category","embeddable":true,"href":"https:\/\/sad.espartales.org\/2020\/wp-json\/wp\/v2\/categories?post=6876"},{"taxonomy":"post_tag","embeddable":true,"href":"https:\/\/sad.espartales.org\/2020\/wp-json\/wp\/v2\/tags?post=6876"}],"curies":[{"name":"wp","href":"https:\/\/api.w.org\/{rel}","templated":true}]}}