{"id":9486,"date":"2021-09-27T14:06:42","date_gmt":"2021-09-27T14:06:42","guid":{"rendered":"https:\/\/sad.espartales.org\/2020\/?p=9486"},"modified":"2021-09-27T14:06:42","modified_gmt":"2021-09-27T14:06:42","slug":"i-torneo-futbol-base-espartales-sur","status":"publish","type":"post","link":"https:\/\/sad.espartales.org\/2020\/2021\/09\/27\/i-torneo-futbol-base-espartales-sur\/","title":{"rendered":"I TORNEO FUTBOL BASE ESPARTALES SUR"},"content":{"rendered":"<p>El pasado s\u00e1bado, 25 de septiembre, se celebr\u00f3 el I torneo de f\u00fatbol base de Espartales Sur. Se dieron cita 22 equipos entre las 3 categor\u00edas participantes (debutantes, prebenjamines y benjamines).<\/p>\n<p>La competici\u00f3n se desarroll\u00f3 en una primera fase de grupos, con sus semifinales y final correspondiente.<\/p>\n<p>En la categor\u00eda <strong>debutante<\/strong>, los participantes fueron: Atl\u00e9tico Guadalajara, Futuro San Francisco, Atl\u00e9tico la Garena, A.D. Naya A, E.D.M. San Blas y S.A.D. A.V. Espartales Sur.<\/p>\n<p><strong>E.D.M. San Blas<\/strong> se proclam\u00f3 campe\u00f3n en una final vibrante antes S.A.D. A..V. Espartales Sur, que termin\u00f3 1 a 0.<\/p>\n<p><img loading=\"lazy\" decoding=\"async\" class=\"alignnone size-medium wp-image-9442\" src=\"https:\/\/sad.espartales.org\/2020\/wp-content\/uploads\/2021\/09\/WhatsApp-Image-2021-09-25-at-12.08.51-2-300x225.jpeg\" alt=\"\" width=\"300\" height=\"225\" srcset=\"https:\/\/sad.espartales.org\/2020\/wp-content\/uploads\/2021\/09\/WhatsApp-Image-2021-09-25-at-12.08.51-2-300x225.jpeg 300w, https:\/\/sad.espartales.org\/2020\/wp-content\/uploads\/2021\/09\/WhatsApp-Image-2021-09-25-at-12.08.51-2-1024x768.jpeg 1024w, https:\/\/sad.espartales.org\/2020\/wp-content\/uploads\/2021\/09\/WhatsApp-Image-2021-09-25-at-12.08.51-2-768x576.jpeg 768w, https:\/\/sad.espartales.org\/2020\/wp-content\/uploads\/2021\/09\/WhatsApp-Image-2021-09-25-at-12.08.51-2-1536x1152.jpeg 1536w, https:\/\/sad.espartales.org\/2020\/wp-content\/uploads\/2021\/09\/WhatsApp-Image-2021-09-25-at-12.08.51-2-128x96.jpeg 128w, https:\/\/sad.espartales.org\/2020\/wp-content\/uploads\/2021\/09\/WhatsApp-Image-2021-09-25-at-12.08.51-2-32x24.jpeg 32w, https:\/\/sad.espartales.org\/2020\/wp-content\/uploads\/2021\/09\/WhatsApp-Image-2021-09-25-at-12.08.51-2.jpeg 1600w\" sizes=\"auto, (max-width: 300px) 100vw, 300px\" \/> <img loading=\"lazy\" decoding=\"async\" class=\"alignnone size-medium wp-image-9480\" src=\"https:\/\/sad.espartales.org\/2020\/wp-content\/uploads\/2021\/09\/WhatsApp-Image-2021-09-25-at-20.30.56-300x225.jpeg\" alt=\"\" width=\"300\" height=\"225\" srcset=\"https:\/\/sad.espartales.org\/2020\/wp-content\/uploads\/2021\/09\/WhatsApp-Image-2021-09-25-at-20.30.56-300x225.jpeg 300w, https:\/\/sad.espartales.org\/2020\/wp-content\/uploads\/2021\/09\/WhatsApp-Image-2021-09-25-at-20.30.56-1024x768.jpeg 1024w, https:\/\/sad.espartales.org\/2020\/wp-content\/uploads\/2021\/09\/WhatsApp-Image-2021-09-25-at-20.30.56-768x576.jpeg 768w, https:\/\/sad.espartales.org\/2020\/wp-content\/uploads\/2021\/09\/WhatsApp-Image-2021-09-25-at-20.30.56-1536x1152.jpeg 1536w, https:\/\/sad.espartales.org\/2020\/wp-content\/uploads\/2021\/09\/WhatsApp-Image-2021-09-25-at-20.30.56-128x96.jpeg 128w, https:\/\/sad.espartales.org\/2020\/wp-content\/uploads\/2021\/09\/WhatsApp-Image-2021-09-25-at-20.30.56-32x24.jpeg 32w, https:\/\/sad.espartales.org\/2020\/wp-content\/uploads\/2021\/09\/WhatsApp-Image-2021-09-25-at-20.30.56.jpeg 2048w\" sizes=\"auto, (max-width: 300px) 100vw, 300px\" \/><\/p>\n<p>En la categor\u00eda <strong>prebenjam\u00edn<\/strong>, los equipos participantes fueron: Atl\u00e9tico Guadalajara, Futuro San Francisco, Atl\u00e9tico la Garena, A.D. Torrej\u00f3n, C.D. Mejore\u00f1o, Tres Cantos C.D.F., C.D.B. Paracuellos Antamira y S.A.D. A.V. Espartales Sur.<\/p>\n<p>El campe\u00f3n en esta categor\u00eda fue <strong>C.D.B. Paracuellos Antamira<\/strong>, que se impuso en la final a S.A.D. A.V. Espartales Sur.<\/p>\n<p><img loading=\"lazy\" decoding=\"async\" class=\"alignnone size-medium wp-image-9454\" src=\"https:\/\/sad.espartales.org\/2020\/wp-content\/uploads\/2021\/09\/WhatsApp-Image-2021-09-25-at-12.08.50-300x225.jpeg\" alt=\"\" width=\"300\" height=\"225\" srcset=\"https:\/\/sad.espartales.org\/2020\/wp-content\/uploads\/2021\/09\/WhatsApp-Image-2021-09-25-at-12.08.50-300x225.jpeg 300w, https:\/\/sad.espartales.org\/2020\/wp-content\/uploads\/2021\/09\/WhatsApp-Image-2021-09-25-at-12.08.50-1024x768.jpeg 1024w, https:\/\/sad.espartales.org\/2020\/wp-content\/uploads\/2021\/09\/WhatsApp-Image-2021-09-25-at-12.08.50-768x576.jpeg 768w, https:\/\/sad.espartales.org\/2020\/wp-content\/uploads\/2021\/09\/WhatsApp-Image-2021-09-25-at-12.08.50-1536x1152.jpeg 1536w, https:\/\/sad.espartales.org\/2020\/wp-content\/uploads\/2021\/09\/WhatsApp-Image-2021-09-25-at-12.08.50-128x96.jpeg 128w, https:\/\/sad.espartales.org\/2020\/wp-content\/uploads\/2021\/09\/WhatsApp-Image-2021-09-25-at-12.08.50-32x24.jpeg 32w, https:\/\/sad.espartales.org\/2020\/wp-content\/uploads\/2021\/09\/WhatsApp-Image-2021-09-25-at-12.08.50.jpeg 1600w\" sizes=\"auto, (max-width: 300px) 100vw, 300px\" \/> <img loading=\"lazy\" decoding=\"async\" class=\"alignnone size-medium wp-image-9460\" src=\"https:\/\/sad.espartales.org\/2020\/wp-content\/uploads\/2021\/09\/WhatsApp-Image-2021-09-25-at-13.26.47-e1632569302743-300x191.jpeg\" alt=\"\" width=\"300\" height=\"191\" srcset=\"https:\/\/sad.espartales.org\/2020\/wp-content\/uploads\/2021\/09\/WhatsApp-Image-2021-09-25-at-13.26.47-e1632569302743-300x191.jpeg 300w, https:\/\/sad.espartales.org\/2020\/wp-content\/uploads\/2021\/09\/WhatsApp-Image-2021-09-25-at-13.26.47-e1632569302743-1024x651.jpeg 1024w, https:\/\/sad.espartales.org\/2020\/wp-content\/uploads\/2021\/09\/WhatsApp-Image-2021-09-25-at-13.26.47-e1632569302743-768x488.jpeg 768w, https:\/\/sad.espartales.org\/2020\/wp-content\/uploads\/2021\/09\/WhatsApp-Image-2021-09-25-at-13.26.47-e1632569302743-1536x976.jpeg 1536w, https:\/\/sad.espartales.org\/2020\/wp-content\/uploads\/2021\/09\/WhatsApp-Image-2021-09-25-at-13.26.47-e1632569302743-128x81.jpeg 128w, https:\/\/sad.espartales.org\/2020\/wp-content\/uploads\/2021\/09\/WhatsApp-Image-2021-09-25-at-13.26.47-e1632569302743-32x20.jpeg 32w, https:\/\/sad.espartales.org\/2020\/wp-content\/uploads\/2021\/09\/WhatsApp-Image-2021-09-25-at-13.26.47-e1632569302743.jpeg 1580w\" sizes=\"auto, (max-width: 300px) 100vw, 300px\" \/><\/p>\n<p>Por \u00faltimo, en la categor\u00eda benjam\u00edn, contamos con la presencia de los siguientes equipos: A.D. La Plata TR82, Atl\u00e9tico la Garena, Atl\u00e9tico Guadalajara A, Atl\u00e9tico Guadalajara B, A.D. Torrej\u00f3n E, S.A.D. A.V. Espartales Sur, Colegio Miramadrid y C.D.B. Paracuellos Antamira.<\/p>\n<p><strong>Colegio Miramadrid<\/strong> se hizo con el trofeo de campe\u00f3n al imponerse 2 a 0 en la final a C.D.B. Paracuellos Antamira.<\/p>\n<p><img loading=\"lazy\" decoding=\"async\" class=\"alignnone size-medium wp-image-9465\" src=\"https:\/\/sad.espartales.org\/2020\/wp-content\/uploads\/2021\/09\/WhatsApp-Image-2021-09-25-at-17.02.34-300x183.jpeg\" alt=\"\" width=\"300\" height=\"183\" srcset=\"https:\/\/sad.espartales.org\/2020\/wp-content\/uploads\/2021\/09\/WhatsApp-Image-2021-09-25-at-17.02.34-300x183.jpeg 300w, https:\/\/sad.espartales.org\/2020\/wp-content\/uploads\/2021\/09\/WhatsApp-Image-2021-09-25-at-17.02.34-1024x624.jpeg 1024w, https:\/\/sad.espartales.org\/2020\/wp-content\/uploads\/2021\/09\/WhatsApp-Image-2021-09-25-at-17.02.34-768x468.jpeg 768w, https:\/\/sad.espartales.org\/2020\/wp-content\/uploads\/2021\/09\/WhatsApp-Image-2021-09-25-at-17.02.34-1536x936.jpeg 1536w, https:\/\/sad.espartales.org\/2020\/wp-content\/uploads\/2021\/09\/WhatsApp-Image-2021-09-25-at-17.02.34-128x78.jpeg 128w, https:\/\/sad.espartales.org\/2020\/wp-content\/uploads\/2021\/09\/WhatsApp-Image-2021-09-25-at-17.02.34-32x20.jpeg 32w, https:\/\/sad.espartales.org\/2020\/wp-content\/uploads\/2021\/09\/WhatsApp-Image-2021-09-25-at-17.02.34.jpeg 1600w\" sizes=\"auto, (max-width: 300px) 100vw, 300px\" \/> <img loading=\"lazy\" decoding=\"async\" class=\"alignnone size-medium wp-image-9464\" src=\"https:\/\/sad.espartales.org\/2020\/wp-content\/uploads\/2021\/09\/WhatsApp-Image-2021-09-25-at-17.02.20-300x186.jpeg\" alt=\"\" width=\"300\" height=\"186\" srcset=\"https:\/\/sad.espartales.org\/2020\/wp-content\/uploads\/2021\/09\/WhatsApp-Image-2021-09-25-at-17.02.20-300x186.jpeg 300w, https:\/\/sad.espartales.org\/2020\/wp-content\/uploads\/2021\/09\/WhatsApp-Image-2021-09-25-at-17.02.20-1024x635.jpeg 1024w, https:\/\/sad.espartales.org\/2020\/wp-content\/uploads\/2021\/09\/WhatsApp-Image-2021-09-25-at-17.02.20-768x476.jpeg 768w, https:\/\/sad.espartales.org\/2020\/wp-content\/uploads\/2021\/09\/WhatsApp-Image-2021-09-25-at-17.02.20-1536x953.jpeg 1536w, https:\/\/sad.espartales.org\/2020\/wp-content\/uploads\/2021\/09\/WhatsApp-Image-2021-09-25-at-17.02.20-128x79.jpeg 128w, https:\/\/sad.espartales.org\/2020\/wp-content\/uploads\/2021\/09\/WhatsApp-Image-2021-09-25-at-17.02.20-32x20.jpeg 32w, https:\/\/sad.espartales.org\/2020\/wp-content\/uploads\/2021\/09\/WhatsApp-Image-2021-09-25-at-17.02.20.jpeg 1599w\" sizes=\"auto, (max-width: 300px) 100vw, 300px\" \/><\/p>\n<p>Pueden consultar todos los marcadores en https:\/\/sad.espartales.org\/2020\/i-torneo-futbol-base-espartales\/<\/p>\n","protected":false},"excerpt":{"rendered":"<p>El pasado s\u00e1bado, 25 de septiembre, se celebr\u00f3 el I torneo de f\u00fatbol base de&#8230;<\/p>\n","protected":false},"author":1,"featured_media":9226,"comment_status":"open","ping_status":"open","sticky":false,"template":"","format":"standard","meta":{"footnotes":""},"categories":[136,122,130,125,138],"tags":[],"class_list":["post-9486","post","type-post","status-publish","format-standard","has-post-thumbnail","hentry","category-destacadas","category-rffm","category-twetter","category-sad-espartales-sur","category-temporada-2021-2022"],"yoast_head":"<!-- This site is optimized with the Yoast SEO plugin v27.5 - https:\/\/yoast.com\/product\/yoast-seo-wordpress\/ -->\n<title>I TORNEO FUTBOL BASE ESPARTALES SUR - S.A.D. A.V. Espartales Sur<\/title>\n<meta name=\"robots\" content=\"index, follow, max-snippet:-1, max-image-preview:large, max-video-preview:-1\" \/>\n<link rel=\"canonical\" href=\"https:\/\/sad.espartales.org\/2020\/2021\/09\/27\/i-torneo-futbol-base-espartales-sur\/\" \/>\n<meta property=\"og:locale\" content=\"es_ES\" \/>\n<meta property=\"og:type\" content=\"article\" \/>\n<meta property=\"og:title\" content=\"I TORNEO FUTBOL BASE ESPARTALES SUR - S.A.D. A.V. Espartales Sur\" \/>\n<meta property=\"og:description\" content=\"El pasado s\u00e1bado, 25 de septiembre, se celebr\u00f3 el I torneo de f\u00fatbol base de...\" \/>\n<meta property=\"og:url\" content=\"https:\/\/sad.espartales.org\/2020\/2021\/09\/27\/i-torneo-futbol-base-espartales-sur\/\" \/>\n<meta property=\"og:site_name\" content=\"S.A.D. A.V. Espartales Sur\" \/>\n<meta property=\"article:publisher\" content=\"https:\/\/www.facebook.com\/sad.av.espartales.sur\" \/>\n<meta property=\"article:published_time\" content=\"2021-09-27T14:06:42+00:00\" \/>\n<meta property=\"og:image\" content=\"https:\/\/sad.espartales.org\/2020\/wp-content\/uploads\/2021\/09\/I-torneo-futbol-base-Espartales-Sur-11-1024x724.png\" \/>\n\t<meta property=\"og:image:width\" content=\"1024\" \/>\n\t<meta property=\"og:image:height\" content=\"724\" \/>\n\t<meta property=\"og:image:type\" content=\"image\/png\" \/>\n<meta name=\"author\" content=\"Espartales\" \/>\n<meta name=\"twitter:card\" content=\"summary_large_image\" \/>\n<meta name=\"twitter:creator\" content=\"@SAD_Espartales\" \/>\n<meta name=\"twitter:site\" content=\"@SAD_Espartales\" \/>\n<meta name=\"twitter:label1\" content=\"Escrito por\" \/>\n\t<meta name=\"twitter:data1\" content=\"Espartales\" \/>\n\t<meta name=\"twitter:label2\" content=\"Tiempo de lectura\" \/>\n\t<meta name=\"twitter:data2\" content=\"1 minuto\" \/>\n<script type=\"application\/ld+json\" class=\"yoast-schema-graph\">{\"@context\":\"https:\\\/\\\/schema.org\",\"@graph\":[{\"@type\":\"Article\",\"@id\":\"https:\\\/\\\/sad.espartales.org\\\/2020\\\/2021\\\/09\\\/27\\\/i-torneo-futbol-base-espartales-sur\\\/#article\",\"isPartOf\":{\"@id\":\"https:\\\/\\\/sad.espartales.org\\\/2020\\\/2021\\\/09\\\/27\\\/i-torneo-futbol-base-espartales-sur\\\/\"},\"author\":{\"name\":\"Espartales\",\"@id\":\"https:\\\/\\\/sad.espartales.org\\\/#\\\/schema\\\/person\\\/046b4d8121764596d186631009da925e\"},\"headline\":\"I TORNEO FUTBOL BASE ESPARTALES SUR\",\"datePublished\":\"2021-09-27T14:06:42+00:00\",\"mainEntityOfPage\":{\"@id\":\"https:\\\/\\\/sad.espartales.org\\\/2020\\\/2021\\\/09\\\/27\\\/i-torneo-futbol-base-espartales-sur\\\/\"},\"wordCount\":272,\"commentCount\":0,\"publisher\":{\"@id\":\"https:\\\/\\\/sad.espartales.org\\\/#organization\"},\"image\":{\"@id\":\"https:\\\/\\\/sad.espartales.org\\\/2020\\\/2021\\\/09\\\/27\\\/i-torneo-futbol-base-espartales-sur\\\/#primaryimage\"},\"thumbnailUrl\":\"https:\\\/\\\/sad.espartales.org\\\/2020\\\/wp-content\\\/uploads\\\/2021\\\/09\\\/I-torneo-futbol-base-Espartales-Sur-11.png\",\"articleSection\":[\"Destacadas\",\"RFFM\",\"RRSS\",\"SAD Espartales Sur\",\"Temporada 2021-2022\"],\"inLanguage\":\"es\",\"potentialAction\":[{\"@type\":\"CommentAction\",\"name\":\"Comment\",\"target\":[\"https:\\\/\\\/sad.espartales.org\\\/2020\\\/2021\\\/09\\\/27\\\/i-torneo-futbol-base-espartales-sur\\\/#respond\"]}]},{\"@type\":\"WebPage\",\"@id\":\"https:\\\/\\\/sad.espartales.org\\\/2020\\\/2021\\\/09\\\/27\\\/i-torneo-futbol-base-espartales-sur\\\/\",\"url\":\"https:\\\/\\\/sad.espartales.org\\\/2020\\\/2021\\\/09\\\/27\\\/i-torneo-futbol-base-espartales-sur\\\/\",\"name\":\"I TORNEO FUTBOL BASE ESPARTALES SUR - S.A.D. A.V. Espartales Sur\",\"isPartOf\":{\"@id\":\"https:\\\/\\\/sad.espartales.org\\\/#website\"},\"primaryImageOfPage\":{\"@id\":\"https:\\\/\\\/sad.espartales.org\\\/2020\\\/2021\\\/09\\\/27\\\/i-torneo-futbol-base-espartales-sur\\\/#primaryimage\"},\"image\":{\"@id\":\"https:\\\/\\\/sad.espartales.org\\\/2020\\\/2021\\\/09\\\/27\\\/i-torneo-futbol-base-espartales-sur\\\/#primaryimage\"},\"thumbnailUrl\":\"https:\\\/\\\/sad.espartales.org\\\/2020\\\/wp-content\\\/uploads\\\/2021\\\/09\\\/I-torneo-futbol-base-Espartales-Sur-11.png\",\"datePublished\":\"2021-09-27T14:06:42+00:00\",\"breadcrumb\":{\"@id\":\"https:\\\/\\\/sad.espartales.org\\\/2020\\\/2021\\\/09\\\/27\\\/i-torneo-futbol-base-espartales-sur\\\/#breadcrumb\"},\"inLanguage\":\"es\",\"potentialAction\":[{\"@type\":\"ReadAction\",\"target\":[\"https:\\\/\\\/sad.espartales.org\\\/2020\\\/2021\\\/09\\\/27\\\/i-torneo-futbol-base-espartales-sur\\\/\"]}]},{\"@type\":\"ImageObject\",\"inLanguage\":\"es\",\"@id\":\"https:\\\/\\\/sad.espartales.org\\\/2020\\\/2021\\\/09\\\/27\\\/i-torneo-futbol-base-espartales-sur\\\/#primaryimage\",\"url\":\"https:\\\/\\\/sad.espartales.org\\\/2020\\\/wp-content\\\/uploads\\\/2021\\\/09\\\/I-torneo-futbol-base-Espartales-Sur-11.png\",\"contentUrl\":\"https:\\\/\\\/sad.espartales.org\\\/2020\\\/wp-content\\\/uploads\\\/2021\\\/09\\\/I-torneo-futbol-base-Espartales-Sur-11.png\",\"width\":2245,\"height\":1587},{\"@type\":\"BreadcrumbList\",\"@id\":\"https:\\\/\\\/sad.espartales.org\\\/2020\\\/2021\\\/09\\\/27\\\/i-torneo-futbol-base-espartales-sur\\\/#breadcrumb\",\"itemListElement\":[{\"@type\":\"ListItem\",\"position\":1,\"name\":\"Portada\",\"item\":\"https:\\\/\\\/sad.espartales.org\\\/\"},{\"@type\":\"ListItem\",\"position\":2,\"name\":\"I TORNEO FUTBOL BASE ESPARTALES SUR\"}]},{\"@type\":\"WebSite\",\"@id\":\"https:\\\/\\\/sad.espartales.org\\\/#website\",\"url\":\"https:\\\/\\\/sad.espartales.org\\\/\",\"name\":\"S.A.D. A.V. Espartales Sur\",\"description\":\"\",\"publisher\":{\"@id\":\"https:\\\/\\\/sad.espartales.org\\\/#organization\"},\"potentialAction\":[{\"@type\":\"SearchAction\",\"target\":{\"@type\":\"EntryPoint\",\"urlTemplate\":\"https:\\\/\\\/sad.espartales.org\\\/?s={search_term_string}\"},\"query-input\":{\"@type\":\"PropertyValueSpecification\",\"valueRequired\":true,\"valueName\":\"search_term_string\"}}],\"inLanguage\":\"es\"},{\"@type\":\"Organization\",\"@id\":\"https:\\\/\\\/sad.espartales.org\\\/#organization\",\"name\":\"S.A.D. A.V. Espartales Sur\",\"url\":\"https:\\\/\\\/sad.espartales.org\\\/\",\"logo\":{\"@type\":\"ImageObject\",\"inLanguage\":\"es\",\"@id\":\"https:\\\/\\\/sad.espartales.org\\\/#\\\/schema\\\/logo\\\/image\\\/\",\"url\":\"https:\\\/\\\/sad.espartales.org\\\/2020\\\/wp-content\\\/uploads\\\/2021\\\/07\\\/espartales-negro.png\",\"contentUrl\":\"https:\\\/\\\/sad.espartales.org\\\/2020\\\/wp-content\\\/uploads\\\/2021\\\/07\\\/espartales-negro.png\",\"width\":381,\"height\":381,\"caption\":\"S.A.D. A.V. Espartales Sur\"},\"image\":{\"@id\":\"https:\\\/\\\/sad.espartales.org\\\/#\\\/schema\\\/logo\\\/image\\\/\"},\"sameAs\":[\"https:\\\/\\\/www.facebook.com\\\/sad.av.espartales.sur\",\"https:\\\/\\\/x.com\\\/SAD_Espartales\",\"https:\\\/\\\/www.instagram.com\\\/espartalessur\\\/?hl=es\"]},{\"@type\":\"Person\",\"@id\":\"https:\\\/\\\/sad.espartales.org\\\/#\\\/schema\\\/person\\\/046b4d8121764596d186631009da925e\",\"name\":\"Espartales\",\"image\":{\"@type\":\"ImageObject\",\"inLanguage\":\"es\",\"@id\":\"https:\\\/\\\/secure.gravatar.com\\\/avatar\\\/d23e83573ee06f388790d3d652ff35d7a4c992f06b8fb7be39e7f242bfc429bf?s=96&d=mm&r=g\",\"url\":\"https:\\\/\\\/secure.gravatar.com\\\/avatar\\\/d23e83573ee06f388790d3d652ff35d7a4c992f06b8fb7be39e7f242bfc429bf?s=96&d=mm&r=g\",\"contentUrl\":\"https:\\\/\\\/secure.gravatar.com\\\/avatar\\\/d23e83573ee06f388790d3d652ff35d7a4c992f06b8fb7be39e7f242bfc429bf?s=96&d=mm&r=g\",\"caption\":\"Espartales\"},\"sameAs\":[\"http:\\\/\\\/sad.espartales.org\\\/2020\"],\"url\":\"https:\\\/\\\/sad.espartales.org\\\/2020\\\/author\\\/espartales\\\/\"}]}<\/script>\n<!-- \/ Yoast SEO plugin. -->","yoast_head_json":{"title":"I TORNEO FUTBOL BASE ESPARTALES SUR - S.A.D. A.V. Espartales Sur","robots":{"index":"index","follow":"follow","max-snippet":"max-snippet:-1","max-image-preview":"max-image-preview:large","max-video-preview":"max-video-preview:-1"},"canonical":"https:\/\/sad.espartales.org\/2020\/2021\/09\/27\/i-torneo-futbol-base-espartales-sur\/","og_locale":"es_ES","og_type":"article","og_title":"I TORNEO FUTBOL BASE ESPARTALES SUR - S.A.D. A.V. Espartales Sur","og_description":"El pasado s\u00e1bado, 25 de septiembre, se celebr\u00f3 el I torneo de f\u00fatbol base de...","og_url":"https:\/\/sad.espartales.org\/2020\/2021\/09\/27\/i-torneo-futbol-base-espartales-sur\/","og_site_name":"S.A.D. A.V. Espartales Sur","article_publisher":"https:\/\/www.facebook.com\/sad.av.espartales.sur","article_published_time":"2021-09-27T14:06:42+00:00","og_image":[{"width":1024,"height":724,"url":"https:\/\/sad.espartales.org\/2020\/wp-content\/uploads\/2021\/09\/I-torneo-futbol-base-Espartales-Sur-11-1024x724.png","type":"image\/png"}],"author":"Espartales","twitter_card":"summary_large_image","twitter_creator":"@SAD_Espartales","twitter_site":"@SAD_Espartales","twitter_misc":{"Escrito por":"Espartales","Tiempo de lectura":"1 minuto"},"schema":{"@context":"https:\/\/schema.org","@graph":[{"@type":"Article","@id":"https:\/\/sad.espartales.org\/2020\/2021\/09\/27\/i-torneo-futbol-base-espartales-sur\/#article","isPartOf":{"@id":"https:\/\/sad.espartales.org\/2020\/2021\/09\/27\/i-torneo-futbol-base-espartales-sur\/"},"author":{"name":"Espartales","@id":"https:\/\/sad.espartales.org\/#\/schema\/person\/046b4d8121764596d186631009da925e"},"headline":"I TORNEO FUTBOL BASE ESPARTALES SUR","datePublished":"2021-09-27T14:06:42+00:00","mainEntityOfPage":{"@id":"https:\/\/sad.espartales.org\/2020\/2021\/09\/27\/i-torneo-futbol-base-espartales-sur\/"},"wordCount":272,"commentCount":0,"publisher":{"@id":"https:\/\/sad.espartales.org\/#organization"},"image":{"@id":"https:\/\/sad.espartales.org\/2020\/2021\/09\/27\/i-torneo-futbol-base-espartales-sur\/#primaryimage"},"thumbnailUrl":"https:\/\/sad.espartales.org\/2020\/wp-content\/uploads\/2021\/09\/I-torneo-futbol-base-Espartales-Sur-11.png","articleSection":["Destacadas","RFFM","RRSS","SAD Espartales Sur","Temporada 2021-2022"],"inLanguage":"es","potentialAction":[{"@type":"CommentAction","name":"Comment","target":["https:\/\/sad.espartales.org\/2020\/2021\/09\/27\/i-torneo-futbol-base-espartales-sur\/#respond"]}]},{"@type":"WebPage","@id":"https:\/\/sad.espartales.org\/2020\/2021\/09\/27\/i-torneo-futbol-base-espartales-sur\/","url":"https:\/\/sad.espartales.org\/2020\/2021\/09\/27\/i-torneo-futbol-base-espartales-sur\/","name":"I TORNEO FUTBOL BASE ESPARTALES SUR - S.A.D. A.V. Espartales Sur","isPartOf":{"@id":"https:\/\/sad.espartales.org\/#website"},"primaryImageOfPage":{"@id":"https:\/\/sad.espartales.org\/2020\/2021\/09\/27\/i-torneo-futbol-base-espartales-sur\/#primaryimage"},"image":{"@id":"https:\/\/sad.espartales.org\/2020\/2021\/09\/27\/i-torneo-futbol-base-espartales-sur\/#primaryimage"},"thumbnailUrl":"https:\/\/sad.espartales.org\/2020\/wp-content\/uploads\/2021\/09\/I-torneo-futbol-base-Espartales-Sur-11.png","datePublished":"2021-09-27T14:06:42+00:00","breadcrumb":{"@id":"https:\/\/sad.espartales.org\/2020\/2021\/09\/27\/i-torneo-futbol-base-espartales-sur\/#breadcrumb"},"inLanguage":"es","potentialAction":[{"@type":"ReadAction","target":["https:\/\/sad.espartales.org\/2020\/2021\/09\/27\/i-torneo-futbol-base-espartales-sur\/"]}]},{"@type":"ImageObject","inLanguage":"es","@id":"https:\/\/sad.espartales.org\/2020\/2021\/09\/27\/i-torneo-futbol-base-espartales-sur\/#primaryimage","url":"https:\/\/sad.espartales.org\/2020\/wp-content\/uploads\/2021\/09\/I-torneo-futbol-base-Espartales-Sur-11.png","contentUrl":"https:\/\/sad.espartales.org\/2020\/wp-content\/uploads\/2021\/09\/I-torneo-futbol-base-Espartales-Sur-11.png","width":2245,"height":1587},{"@type":"BreadcrumbList","@id":"https:\/\/sad.espartales.org\/2020\/2021\/09\/27\/i-torneo-futbol-base-espartales-sur\/#breadcrumb","itemListElement":[{"@type":"ListItem","position":1,"name":"Portada","item":"https:\/\/sad.espartales.org\/"},{"@type":"ListItem","position":2,"name":"I TORNEO FUTBOL BASE ESPARTALES SUR"}]},{"@type":"WebSite","@id":"https:\/\/sad.espartales.org\/#website","url":"https:\/\/sad.espartales.org\/","name":"S.A.D. A.V. Espartales Sur","description":"","publisher":{"@id":"https:\/\/sad.espartales.org\/#organization"},"potentialAction":[{"@type":"SearchAction","target":{"@type":"EntryPoint","urlTemplate":"https:\/\/sad.espartales.org\/?s={search_term_string}"},"query-input":{"@type":"PropertyValueSpecification","valueRequired":true,"valueName":"search_term_string"}}],"inLanguage":"es"},{"@type":"Organization","@id":"https:\/\/sad.espartales.org\/#organization","name":"S.A.D. A.V. Espartales Sur","url":"https:\/\/sad.espartales.org\/","logo":{"@type":"ImageObject","inLanguage":"es","@id":"https:\/\/sad.espartales.org\/#\/schema\/logo\/image\/","url":"https:\/\/sad.espartales.org\/2020\/wp-content\/uploads\/2021\/07\/espartales-negro.png","contentUrl":"https:\/\/sad.espartales.org\/2020\/wp-content\/uploads\/2021\/07\/espartales-negro.png","width":381,"height":381,"caption":"S.A.D. A.V. Espartales Sur"},"image":{"@id":"https:\/\/sad.espartales.org\/#\/schema\/logo\/image\/"},"sameAs":["https:\/\/www.facebook.com\/sad.av.espartales.sur","https:\/\/x.com\/SAD_Espartales","https:\/\/www.instagram.com\/espartalessur\/?hl=es"]},{"@type":"Person","@id":"https:\/\/sad.espartales.org\/#\/schema\/person\/046b4d8121764596d186631009da925e","name":"Espartales","image":{"@type":"ImageObject","inLanguage":"es","@id":"https:\/\/secure.gravatar.com\/avatar\/d23e83573ee06f388790d3d652ff35d7a4c992f06b8fb7be39e7f242bfc429bf?s=96&d=mm&r=g","url":"https:\/\/secure.gravatar.com\/avatar\/d23e83573ee06f388790d3d652ff35d7a4c992f06b8fb7be39e7f242bfc429bf?s=96&d=mm&r=g","contentUrl":"https:\/\/secure.gravatar.com\/avatar\/d23e83573ee06f388790d3d652ff35d7a4c992f06b8fb7be39e7f242bfc429bf?s=96&d=mm&r=g","caption":"Espartales"},"sameAs":["https:\/\/sad.espartales.org\/2020"],"url":"https:\/\/sad.espartales.org\/2020\/author\/espartales\/"}]}},"_links":{"self":[{"href":"https:\/\/sad.espartales.org\/2020\/wp-json\/wp\/v2\/posts\/9486","targetHints":{"allow":["GET"]}}],"collection":[{"href":"https:\/\/sad.espartales.org\/2020\/wp-json\/wp\/v2\/posts"}],"about":[{"href":"https:\/\/sad.espartales.org\/2020\/wp-json\/wp\/v2\/types\/post"}],"author":[{"embeddable":true,"href":"https:\/\/sad.espartales.org\/2020\/wp-json\/wp\/v2\/users\/1"}],"replies":[{"embeddable":true,"href":"https:\/\/sad.espartales.org\/2020\/wp-json\/wp\/v2\/comments?post=9486"}],"version-history":[{"count":1,"href":"https:\/\/sad.espartales.org\/2020\/wp-json\/wp\/v2\/posts\/9486\/revisions"}],"predecessor-version":[{"id":9487,"href":"https:\/\/sad.espartales.org\/2020\/wp-json\/wp\/v2\/posts\/9486\/revisions\/9487"}],"wp:featuredmedia":[{"embeddable":true,"href":"https:\/\/sad.espartales.org\/2020\/wp-json\/wp\/v2\/media\/9226"}],"wp:attachment":[{"href":"https:\/\/sad.espartales.org\/2020\/wp-json\/wp\/v2\/media?parent=9486"}],"wp:term":[{"taxonomy":"category","embeddable":true,"href":"https:\/\/sad.espartales.org\/2020\/wp-json\/wp\/v2\/categories?post=9486"},{"taxonomy":"post_tag","embeddable":true,"href":"https:\/\/sad.espartales.org\/2020\/wp-json\/wp\/v2\/tags?post=9486"}],"curies":[{"name":"wp","href":"https:\/\/api.w.org\/{rel}","templated":true}]}}